{"id":243666,"date":"2019-12-18T10:01:56","date_gmt":"2019-12-18T07:01:56","guid":{"rendered":"http:\/\/www.tvturk.com\/index.php\/tesk-genel-baskani-palandoken-yapilandirmalardan-70-milyar-gelir-elde-edildi\/"},"modified":"2019-12-18T10:01:56","modified_gmt":"2019-12-18T07:01:56","slug":"tesk-genel-baskani-palandoken-yapilandirmalardan-70-milyar-gelir-elde-edildi","status":"publish","type":"post","link":"http:\/\/www.tvturk.com\/index.php\/tesk-genel-baskani-palandoken-yapilandirmalardan-70-milyar-gelir-elde-edildi\/","title":{"rendered":"TESK Genel Ba\u015fkan\u0131 Paland\u00f6ken: \u201cYap\u0131land\u0131rmalardan 70 milyar gelir elde edildi\u201d"},"content":{"rendered":"<p>T\u00fcrkiye Esnaf ve Sanatk\u00e2rlar\u0131 Konfederasyonu (TESK) Genel Ba\u015fkan\u0131 Bendevi Paland\u00f6ken, yap\u0131land\u0131rmalardan 70 milyar gelir elde edildi\u011fini belirterek, \u201cYeni y\u0131lda esnafa yeni yap\u0131land\u0131rma \u015fart\u201d dedi.<\/p>\n<p>2019 y\u0131l\u0131n\u0131n esnaf ve sanatkar i\u00e7in beklenti y\u0131l\u0131 olarak ge\u00e7ti\u011fini ve 2020 y\u0131l\u0131nda bu beklentilerin art\u0131k son bulmas\u0131n\u0131 arzu ettiklerini belirten TESK Genel Ba\u015fkan\u0131 Paland\u00f6ken, \u201cEsnaf\u0131m\u0131z 2018 ve 2019 y\u0131l\u0131n\u0131 olduk\u00e7a zor \u015fartlarda ge\u00e7irdi. Esnaf ve sanatkar\u0131m\u0131z\u0131n 2020 y\u0131l\u0131ndan en b\u00fcy\u00fck beklentisi kamuya olan bor\u00e7lar\u0131n\u0131n yeniden yap\u0131land\u0131r\u0131lmas\u0131d\u0131r. Yeniden yap\u0131land\u0131rma ile b\u00fct\u00e7enin a\u00e7\u0131k verdi\u011fi bir d\u00f6nemde devlet tahsil edemedi\u011fi alacaklar\u0131n\u0131 tahsil etmi\u015f, esnaf ve sanatkar\u0131m\u0131z da bor\u00e7lar\u0131ndan kurtulmu\u015f olacakt\u0131r. \u00c7\u00fcnk\u00fc daha \u00f6nceki 6736, 7020 ve 7143 say\u0131l\u0131 yap\u0131land\u0131rma kanunlar\u0131ndan devletimiz toplam 70 milyar lira gelir elde etti\u201d dedi.<\/p>\n<p>\u201cYap\u0131land\u0131rma ile esnaf nefes al\u0131r\u201d<\/p>\n<p>Faizlerin y\u00fcksek oldu\u011fu d\u00f6nemlere ili\u015fkin bor\u00e7 yap\u0131land\u0131rmas\u0131 bozulan esnaf\u0131n bug\u00fcn itibar\u0131yla toplam borcunun \u00f6denemeyecek bir noktaya geldi\u011fini vurgulayan Paland\u00f6ken, \u201cKamu alacaklar\u0131na uygulanan gecikme zamm\u0131 oran\u0131 iki y\u0131l i\u00e7in y\u0131ll\u0131k y\u00fczde 16,8\u2019den y\u00fczde 30\u2019a \u00e7\u0131kt\u0131. Bu y\u0131l\u0131n Ekim ay\u0131ndan itibaren y\u0131ll\u0131k y\u00fczde 24\u2019e indirilse de bu oran Merkez Bankas\u0131 faiz oranlar\u0131n\u0131n iki kat\u0131na denk gelmektedir. Yap\u0131land\u0131rmalara ihtiya\u00e7 duyulmamas\u0131 i\u00e7in kamu bor\u00e7lar\u0131na uygulanan gecikme zamm\u0131 oran\u0131n\u0131n Merkez Bankas\u0131 faiz oran\u0131n\u0131n \u00fczerinde olmamas\u0131 gerekmektedir. Daha \u00f6nce vergi ve prim bor\u00e7lar\u0131n\u0131 yap\u0131land\u0131r\u0131p bunlar\u0131 zaman\u0131nda \u00f6deyemedi\u011fi i\u00e7in yap\u0131land\u0131rmas\u0131 iptal olanlar, bug\u00fcn alt\u0131ndan kalkamayacaklar\u0131 bir bor\u00e7la kar\u015f\u0131 kar\u015f\u0131yalar. \u00d6yle ki ne esnaf bu borcu \u00f6deyebilir ne de kimse bu borcu tahsil edebilir. Keza esnaf\u0131n haciz konulacak mal varl\u0131\u011f\u0131 da kalmad\u0131\u201d diye konu\u015ftu.<\/p>\n<p>\u201cCezalar adil olmal\u0131\u201d<\/p>\n<p>Yeni bor\u00e7 yap\u0131land\u0131rmas\u0131nda kamuya olan t\u00fcm bor\u00e7lar\u0131n kapsama al\u0131nmas\u0131n\u0131 isteyen Paland\u00f6ken, \u201cGe\u00e7mi\u015f d\u00f6nemlerdeki bor\u00e7 yap\u0131land\u0131rmalar\u0131nda baz\u0131 idari para cezalar\u0131 yap\u0131land\u0131rma kapsam\u0131na al\u0131nmad\u0131. Oysa \u00f6yle cezalar var ki, esnaf\u0131n d\u00fckkan\u0131n\u0131 i\u00e7indeki mal\u0131yla satsan\u0131z \u00f6deyemez. Bug\u00fcn 52 bin TL\u2019nin \u00fczerinde kesilen para cezalar\u0131 var ve \u00f6nceki yap\u0131land\u0131rmalar\u0131n kapsam\u0131na girmiyor. Yeni yap\u0131land\u0131rmada cezalar\u0131n hepsi dahil olacak \u015fekilde kamuya olan t\u00fcm bor\u00e7lar kapsama al\u0131nmal\u0131. En \u00f6nemlisi cezalar daha adil olmal\u0131\u201d dedi.<\/p>\n<p>\u201cBor\u00e7 yap\u0131land\u0131rmas\u0131nda s\u00fcre 60 ay olmal\u0131\u201d<\/p>\n<p>Faizlerin d\u00fc\u015fmeye ba\u015flad\u0131\u011f\u0131n\u0131n alt\u0131n\u0131 \u00e7izen Paland\u00f6ken, \u201cFaizler inmeye ba\u015flad\u0131, daha da d\u00fc\u015fmesini bekliyoruz. Faizlerin y\u00fcksek oldu\u011fu d\u00f6nemlerde \u00f6denemeyen bor\u00e7lar \u00e7ok y\u00fckseldi. S\u00fcre de 36 ay olunca esnaf\u0131m\u0131z borcunu \u00f6deyemedi. Bor\u00e7 yap\u0131land\u0131rmas\u0131n\u0131n son kez yap\u0131labilmesi i\u00e7in vadesinin en az 60 ay olmas\u0131, faizinin de piyasa faizlerinin \u00e7ok alt\u0131nda olmas\u0131 gerekir. Esnaf\u0131m\u0131z bir an \u00f6nce borcundan kurtulmak, devlete y\u00fck olmamak istiyor. Devlet de alaca\u011f\u0131n\u0131 tahsil etmek istiyor. Bu<\/p>\n<p>nedenle bu kez vadenin en az 60 aya \u00e7\u0131kmas\u0131 ve faizlerin de d\u00fc\u015f\u00fck tutulmas\u0131 gerekir. Ayr\u0131ca bor\u00e7 yap\u0131land\u0131rmas\u0131na neden olan sorunlar\u0131n da ortadan kald\u0131r\u0131lmas\u0131 i\u00e7in Hazine ve Maliye Bakanl\u0131\u011f\u0131 ba\u015fta olmak \u00fczere ticaretle ilgisi olan t\u00fcm bakanl\u0131klarla<\/p>\n<p>toplant\u0131lar yapmal\u0131, sorunu k\u00f6kten \u00e7\u00f6zmeliyiz\u201d \u015feklinde konu\u015ftu.<\/p>\n","protected":false},"excerpt":{"rendered":"<p>T\u00dcRK\u0130YE ESNAF VE SANATK\u00c2RLARI KONFEDERASYONU (TESK) GENEL BA\u015eKANI BENDEV\u0130 PALAND\u00d6KEN, YAPILANDIRMALARDAN 70 M\u0130LYAR GEL\u0130R ELDE ED\u0130LD\u0130\u011e\u0130N\u0130 A\u00c7IKLADI.<\/p>\n","protected":false},"author":1,"featured_media":243667,"comment_status":"closed","ping_status":"open","sticky":false,"template":"","format":"standard","meta":{"jetpack_post_was_ever_published":false,"_jetpack_newsletter_access":"","_jetpack_dont_email_post_to_subs":false,"_jetpack_newsletter_tier_id":0,"_jetpack_memberships_contains_paywalled_content":false,"_jetpack_memberships_contains_paid_content":false,"footnotes":"","jetpack_publicize_message":"","jetpack_publicize_feature_enabled":true,"jetpack_social_post_already_shared":true,"jetpack_social_options":{"image_generator_settings":{"template":"highway","default_image_id":0,"font":"","enabled":false},"version":2}},"categories":[19],"tags":[60741,216,857,2673,6697,869,2981,8073,12357],"class_list":["post-243666","post","type-post","status-publish","format-standard","has-post-thumbnail","hentry","category-ekonomi","tag-yapilandirmalardan","tag-baskani","tag-edildi","tag-elde","tag-gelir","tag-genel","tag-milyar","tag-palandoken","tag-tesk"],"jetpack_publicize_connections":[],"jetpack_featured_media_url":"https:\/\/i0.wp.com\/www.tvturk.com\/wp-content\/uploads\/2019\/12\/tesk-genel-baskani-palandoken-yapilandirmalardan-70-milyar-gelir-elde-edildi_92efb79.jpg?fit=747%2C1000","jetpack_sharing_enabled":true,"jetpack_shortlink":"https:\/\/wp.me\/paKIfm-11o6","_links":{"self":[{"href":"http:\/\/www.tvturk.com\/index.php\/wp-json\/wp\/v2\/posts\/243666","targetHints":{"allow":["GET"]}}],"collection":[{"href":"http:\/\/www.tvturk.com\/index.php\/wp-json\/wp\/v2\/posts"}],"about":[{"href":"http:\/\/www.tvturk.com\/index.php\/wp-json\/wp\/v2\/types\/post"}],"author":[{"embeddable":true,"href":"http:\/\/www.tvturk.com\/index.php\/wp-json\/wp\/v2\/users\/1"}],"replies":[{"embeddable":true,"href":"http:\/\/www.tvturk.com\/index.php\/wp-json\/wp\/v2\/comments?post=243666"}],"version-history":[{"count":0,"href":"http:\/\/www.tvturk.com\/index.php\/wp-json\/wp\/v2\/posts\/243666\/revisions"}],"wp:featuredmedia":[{"embeddable":true,"href":"http:\/\/www.tvturk.com\/index.php\/wp-json\/wp\/v2\/media\/243667"}],"wp:attachment":[{"href":"http:\/\/www.tvturk.com\/index.php\/wp-json\/wp\/v2\/media?parent=243666"}],"wp:term":[{"taxonomy":"category","embeddable":true,"href":"http:\/\/www.tvturk.com\/index.php\/wp-json\/wp\/v2\/categories?post=243666"},{"taxonomy":"post_tag","embeddable":true,"href":"http:\/\/www.tvturk.com\/index.php\/wp-json\/wp\/v2\/tags?post=243666"}],"curies":[{"name":"wp","href":"https:\/\/api.w.org\/{rel}","templated":true}]}}