{"id":243690,"date":"2019-12-18T10:31:51","date_gmt":"2019-12-18T07:31:51","guid":{"rendered":"http:\/\/www.tvturk.com\/index.php\/mermer-ihracatinda-artis-yasaniyor\/"},"modified":"2019-12-18T10:31:51","modified_gmt":"2019-12-18T07:31:51","slug":"mermer-ihracatinda-artis-yasaniyor","status":"publish","type":"post","link":"http:\/\/www.tvturk.com\/index.php\/mermer-ihracatinda-artis-yasaniyor\/","title":{"rendered":"Mermer ihracat\u0131nda art\u0131\u015f ya\u015fan\u0131yor"},"content":{"rendered":"<p>Afyonkarahisar\u2019\u0131n \u0130scehisar il\u00e7esinden yurt d\u0131\u015f\u0131na mermer ihracat\u0131nda art\u0131\u015f ya\u015fan\u0131yor.<\/p>\n<p>T\u00fcrkiye\u2019nin en b\u00fcy\u00fck mermer ocaklar\u0131n\u0131n ve fabrikalar\u0131n\u0131n bulundu\u011fu Afyonkarahisar\u2019\u0131n \u0130scehisar il\u00e7esinde son y\u0131llarda yurt d\u0131\u015f\u0131na ihracat\u0131n artmas\u0131 nedeniyle \u00fclkeye ciddi anlamda d\u00f6viz girdisi sa\u011flan\u0131yor. Afyonkarahisar \u0130scehisar Mermerciler Dernek Ba\u015fkan\u0131 Muharrem \u00c7akmak, T\u00fcrkiye\u2019de mermercili\u011fin son 10-15 y\u0131ld\u0131r \u00e7ok b\u00fcy\u00fck bir ivme kazand\u0131\u011f\u0131n\u0131 belirterek bunun \u00fclkeye \u00e7ok ciddi d\u00f6viz girdisi ve istihdam olarak yans\u0131d\u0131\u011f\u0131n\u0131 aktard\u0131. \u00c7akmak, \u201cBurada tabiki mermercilik denilince T\u00fcrkiye\u2019de \u00f6nceki y\u0131llarda Afyon, \u0130scehisar ve Marmara adas\u0131 olarak mermer bilinirdi. Bunun sebebi de mermer yataklar\u0131n\u0131n \u0130scehisar\u2019da ve Marmara adas\u0131nda olmas\u0131ndan kaynaklan\u0131rd\u0131. Ama \u00fclkemizde mermercilik geli\u015fmeye ba\u015flad\u0131ktan sonra, pazar\u0131 \u00e7o\u011falmaya ba\u015flad\u0131ktan sonra \u00fclkemizin de\u011fi\u015fik b\u00f6lgelerinde, de\u011fi\u015fik illerinde, de\u011fi\u015fik renk ve desenlerde \u00e7ok farkl\u0131, \u00e7ok \u00e7e\u015fitli mermer yataklar\u0131 bulundu. Bu mermer yataklar\u0131n\u0131n bulunmas\u0131yla birlikte \u00fclkemizdeki mermer sekt\u00f6r\u00fc \u00e7ok b\u00fcy\u00fck bir potansiyel haline geldi\u201d dedi.<\/p>\n<p>\u201cMermer ihracat\u0131 artt\u0131\u201d<\/p>\n<p>Mermer ihracat\u0131n\u0131n artt\u0131\u011f\u0131n\u0131 kaydeden \u00c7akmak, \u201cBurada 2018 y\u0131l\u0131nda 184 milyon dolar civarlar\u0131nda ihracat ger\u00e7ekle\u015fti. 2019 y\u0131l\u0131nda 11 ayl\u0131k bir s\u00fcre\u00e7te ihracat\u0131m\u0131z\u0131n artt\u0131\u011f\u0131n\u0131 g\u00f6zlemledik. \u015eu an 11 ayl\u0131k s\u00fcre\u00e7teki ihracat rakam\u0131m\u0131z da 182 milyon dolar Afyon ilimiz olarak. Mermer sekt\u00f6r\u00fcndeki ihracat art\u0131\u015f\u0131n\u0131n ana nedeni, \u00fclkemizdeki in\u015faat sekt\u00f6r\u00fcn\u00fcn yava\u015flamas\u0131yla birlikte mermer pazar\u0131nda yurt i\u00e7i pazar darald\u0131. Yurt i\u00e7i pazar daral\u0131nca \u00fcretici, sanayici ister istemez y\u00f6n\u00fcn\u00fc ihracata \u00e7evirdi, ihracata a\u011f\u0131rl\u0131k verdi. Buna ba\u011fl\u0131 olarak da 2019 y\u0131l\u0131nda mermer sekt\u00f6r\u00fcnde ihracat oranlar\u0131m\u0131z artmakta ve artarak ta devam edecektir\u201d diye konu\u015ftu.<\/p>\n<p>Bir\u00e7ok \u00fclkeye ihracat yap\u0131l\u0131yor<\/p>\n<p>Mermer ihracat\u0131 yap\u0131lan \u00fclkeleri s\u0131ralayan \u00c7akmak, \u201c\u0130hracat Avrupa \u00fclkeleri, Orta Do\u011fu \u00fclkeleri bu; Amerika, Kanada, \u0130ngiltere, Fransa, son y\u0131llarda Japonya\u2019ya da bir k\u0131s\u0131m ihracat yap\u0131lmaya ba\u015fland\u0131. Orta Do\u011fu \u00fclkeleri; Irak ba\u015fta olmak \u00fczere Sudi Arabistan, Katar, Dubai, Rusya, Kazakistan, Ukrayna gibi \u00fclkelere \u00fclkemizden ihracat yap\u0131lmaktad\u0131r. Saym\u0131\u015f oldu\u011fum \u00fclkelere i\u015flenmi\u015f \u00fcr\u00fcnde ihracat yapt\u0131\u011f\u0131m\u0131z \u00fclkeler\u201d dedi.<\/p>\n<p>\u201c\u00c7in i\u015flenmi\u015f mermer alm\u0131yor, blok mermer al\u0131yor\u201d<\/p>\n<p>\u00c7in\u2019in i\u015flenmi\u015f mermer almad\u0131\u011f\u0131n\u0131 ve kalabal\u0131k bir n\u00fcfusa sahip olmas\u0131 nedeniyle blok mermer ald\u0131\u011f\u0131n\u0131 s\u00f6zlerine ekleyen \u00c7akmak, \u201c\u00c7in\u2019e i\u015flenmi\u015f \u00fcr\u00fcn satam\u0131yoruz. \u00c7in\u2019e mermerleri blok ham madde olarak, \u00c7in ham madde olarak al\u0131yor. \u00c7in ve Hindistan blok al\u0131m\u0131nda ciddi al\u0131mlar yap\u0131yor. \u00c7in\u2019de n\u00fcfus kalaba oldu\u011fu i\u00e7in kendi \u00fclkelerine istihdam olu\u015fturmak i\u00e7in hi\u00e7bir madeni i\u015flenmi\u015f olarak alm\u0131yor. Ham madde olarak \u00fclkelerine g\u00f6t\u00fcr\u00fcyorlar orada kendi insan\u0131na istihdam olu\u015fturuyor \u00c7in\u201d dedi.<\/p>\n","protected":false},"excerpt":{"rendered":"<p>T\u00dcRK\u0130YE\u2019DE \u0130N\u015eAAT SEKT\u00d6R\u00dcNDEK\u0130 DURGUNLUK NEDEN\u0130YLE AFYONKARAH\u0130SAR\u2019IN \u0130SCEH\u0130SAR \u0130L\u00c7ES\u0130NDEK\u0130 MERMERC\u0130LER YURT DI\u015eINA OLAN MERMER \u0130HRACATINI ARTTIRDI.<\/p>\n","protected":false},"author":1,"featured_media":243691,"comment_status":"closed","ping_status":"open","sticky":false,"template":"","format":"standard","meta":{"jetpack_post_was_ever_published":false,"_jetpack_newsletter_access":"","_jetpack_dont_email_post_to_subs":false,"_jetpack_newsletter_tier_id":0,"_jetpack_memberships_contains_paywalled_content":false,"_jetpack_memberships_contains_paid_content":false,"footnotes":"","jetpack_publicize_message":"","jetpack_publicize_feature_enabled":true,"jetpack_social_post_already_shared":true,"jetpack_social_options":{"image_generator_settings":{"template":"highway","default_image_id":0,"font":"","enabled":false},"version":2}},"categories":[19],"tags":[6576,7551,1510,184],"class_list":["post-243690","post","type-post","status-publish","format-standard","has-post-thumbnail","hentry","category-ekonomi","tag-artis","tag-ihracatinda","tag-mermer","tag-yasaniyor"],"jetpack_publicize_connections":[],"jetpack_featured_media_url":"https:\/\/i0.wp.com\/www.tvturk.com\/wp-content\/uploads\/2019\/12\/mermer-ihracatinda-artis-yasaniyor_7349035.jpg?fit=1000%2C666","jetpack_sharing_enabled":true,"jetpack_shortlink":"https:\/\/wp.me\/paKIfm-11ou","_links":{"self":[{"href":"http:\/\/www.tvturk.com\/index.php\/wp-json\/wp\/v2\/posts\/243690","targetHints":{"allow":["GET"]}}],"collection":[{"href":"http:\/\/www.tvturk.com\/index.php\/wp-json\/wp\/v2\/posts"}],"about":[{"href":"http:\/\/www.tvturk.com\/index.php\/wp-json\/wp\/v2\/types\/post"}],"author":[{"embeddable":true,"href":"http:\/\/www.tvturk.com\/index.php\/wp-json\/wp\/v2\/users\/1"}],"replies":[{"embeddable":true,"href":"http:\/\/www.tvturk.com\/index.php\/wp-json\/wp\/v2\/comments?post=243690"}],"version-history":[{"count":0,"href":"http:\/\/www.tvturk.com\/index.php\/wp-json\/wp\/v2\/posts\/243690\/revisions"}],"wp:featuredmedia":[{"embeddable":true,"href":"http:\/\/www.tvturk.com\/index.php\/wp-json\/wp\/v2\/media\/243691"}],"wp:attachment":[{"href":"http:\/\/www.tvturk.com\/index.php\/wp-json\/wp\/v2\/media?parent=243690"}],"wp:term":[{"taxonomy":"category","embeddable":true,"href":"http:\/\/www.tvturk.com\/index.php\/wp-json\/wp\/v2\/categories?post=243690"},{"taxonomy":"post_tag","embeddable":true,"href":"http:\/\/www.tvturk.com\/index.php\/wp-json\/wp\/v2\/tags?post=243690"}],"curies":[{"name":"wp","href":"https:\/\/api.w.org\/{rel}","templated":true}]}}