{"id":243736,"date":"2019-12-18T11:03:20","date_gmt":"2019-12-18T08:03:20","guid":{"rendered":"http:\/\/www.tvturk.com\/index.php\/yeni-malatyaspor-gecen-sezon-yasadigi-basarisiyi-tekrarlamak-istiyor\/"},"modified":"2019-12-18T11:03:20","modified_gmt":"2019-12-18T08:03:20","slug":"yeni-malatyaspor-gecen-sezon-yasadigi-basarisiyi-tekrarlamak-istiyor","status":"publish","type":"post","link":"http:\/\/www.tvturk.com\/index.php\/yeni-malatyaspor-gecen-sezon-yasadigi-basarisiyi-tekrarlamak-istiyor\/","title":{"rendered":"Yeni Malatyaspor ge\u00e7en sezon ya\u015fad\u0131\u011f\u0131 ba\u015far\u0131s\u0131y\u0131 tekrarlamak istiyor"},"content":{"rendered":"<p>Yeni Malatyaspor Asba\u015fkan\u0131 Aziz Yal\u00e7\u0131nkaya, bu sezon S\u00fcper Lig\u2019deki hedefleriyle ilgili yapt\u0131\u011f\u0131 a\u00e7\u0131klamada, &#8220;\u015eu ana kadar istikrarl\u0131 bir gidi\u015fat\u0131m\u0131z s\u00f6z konusu. Hedefimiz ge\u00e7en sezon elde etti\u011fimiz ba\u015far\u0131y\u0131 tekrarlayarak Avrupa Ligi\u2019ne kat\u0131lmak&#8221; dedi.<\/p>\n<p>S\u00fcper Lig\u2019in 15. haftas\u0131ndaki Be\u015fikta\u015f galibiyeti ve bu sezonki hedefleriyle ilgili bas\u0131n mensuplar\u0131na konu\u015fan Yal\u00e7\u0131nkaya, ilk yar\u0131n\u0131n kalan son 2 ma\u00e7\u0131n\u0131 da kazanmak istediklerini s\u00f6yledi.<\/p>\n<p>Ge\u00e7en hafta Be\u015fikta\u015f kar\u015f\u0131s\u0131nda olduk\u00e7a \u00f6nemli bir galibiyet ald\u0131klar\u0131n\u0131 belirten Yal\u00e7\u0131nkaya, &#8220;Ligde son 5 haftada ya\u015fad\u0131\u011f\u0131m\u0131z baz\u0131 \u015fans\u0131zl\u0131klar ve hakem kaynakl\u0131 hatalardan dolay\u0131 bir galibiyet \u00f6zlemimiz vard\u0131. Asl\u0131nda bak\u0131ld\u0131\u011f\u0131nda bu 5 haftal\u0131k s\u00fcre\u00e7te de kaliteli bir futbol ortaya koyduk. Bu oyunumuzun kar\u015f\u0131l\u0131\u011f\u0131n\u0131 Be\u015fikta\u015f ma\u00e7\u0131nda ald\u0131k ve son 6 ma\u00e7ta puan kaybetmeyen Be\u015fikta\u015f\u2019\u0131 sahas\u0131nda ma\u011flup ettik. Bu galibiyet bizi her anlamda toparlayan bir galibiyet oldu. Ba\u015fta hocam\u0131z olmak \u00fczere, futbolcular\u0131m\u0131z\u0131 ve kul\u00fcp profesyonellerimizi tebrik ediyorum&#8221; dedi.<\/p>\n<p>&#8220;Hedefimiz kalan 2 ma\u00e7\u0131 da kazanarak ilk yar\u0131y\u0131 29 puanda kapatabilmek&#8221;<\/p>\n<p>Yal\u00e7\u0131nkaya, bu sezonki hedeflerinin ge\u00e7en sezonki ba\u015far\u0131lar\u0131n\u0131 tekrarlamak oldu\u011funu belirterek \u015funlar\u0131 s\u00f6yledi:<\/p>\n<p>&#8220;\u015eu ana kadar istikrarl\u0131 bir gidi\u015fat\u0131m\u0131z s\u00f6z konusu. Hedefimiz ge\u00e7en sezon elde etti\u011fimiz ba\u015far\u0131y\u0131 tekrarlayarak Avrupa Ligi\u2019ne kat\u0131lmak. Bunu ba\u015farabilecek kaliteye sahibiz. Ligin ilk yar\u0131s\u0131nda art\u0131k son 2 ma\u00e7 kald\u0131. Hedefimiz bu 2 ma\u00e7\u0131 da kazanarak ilk yar\u0131y\u0131 29 puanda kapatabilmek. Devre aras\u0131nda da tak\u0131ma takviye yap\u0131lmas\u0131 gerekiyorsa oturur, y\u00f6netimle buna karar verir ve gerekeni yapar\u0131z.&#8221;<\/p>\n","protected":false},"excerpt":{"rendered":"<p>AZ\u0130Z YAL\u00c7INKAYA \u201cHEDEF\u0130M\u0130Z GE\u00c7EN SEZON ELDE ETT\u0130\u011e\u0130M\u0130Z BA\u015eARIYI TEKRARLAMAK\u201d DED\u0130.<\/p>\n","protected":false},"author":1,"featured_media":243737,"comment_status":"closed","ping_status":"open","sticky":false,"template":"","format":"standard","meta":{"jetpack_post_was_ever_published":false,"_jetpack_newsletter_access":"","_jetpack_dont_email_post_to_subs":false,"_jetpack_newsletter_tier_id":0,"_jetpack_memberships_contains_paywalled_content":false,"_jetpack_memberships_contains_paid_content":false,"footnotes":"","jetpack_publicize_message":"","jetpack_publicize_feature_enabled":true,"jetpack_social_post_already_shared":true,"jetpack_social_options":{"image_generator_settings":{"template":"highway","default_image_id":0,"font":"","enabled":false},"version":2}},"categories":[657],"tags":[60762,3436,99,528,4954,60763,9095,87],"class_list":["post-243736","post","type-post","status-publish","format-standard","has-post-thumbnail","hentry","category-spor","tag-basarisiyi","tag-gecen","tag-istiyor","tag-malatyaspor","tag-sezon","tag-tekrarlamak","tag-yasadigi","tag-yeni"],"jetpack_publicize_connections":[],"jetpack_featured_media_url":"https:\/\/i0.wp.com\/www.tvturk.com\/wp-content\/uploads\/2019\/12\/yeni-malatyaspor-gecen-sezon-yasadigi-basarisiyi-tekrarlamak-istiyor_162b47c.jpg?fit=666%2C1000","jetpack_sharing_enabled":true,"jetpack_shortlink":"https:\/\/wp.me\/paKIfm-11pe","_links":{"self":[{"href":"http:\/\/www.tvturk.com\/index.php\/wp-json\/wp\/v2\/posts\/243736","targetHints":{"allow":["GET"]}}],"collection":[{"href":"http:\/\/www.tvturk.com\/index.php\/wp-json\/wp\/v2\/posts"}],"about":[{"href":"http:\/\/www.tvturk.com\/index.php\/wp-json\/wp\/v2\/types\/post"}],"author":[{"embeddable":true,"href":"http:\/\/www.tvturk.com\/index.php\/wp-json\/wp\/v2\/users\/1"}],"replies":[{"embeddable":true,"href":"http:\/\/www.tvturk.com\/index.php\/wp-json\/wp\/v2\/comments?post=243736"}],"version-history":[{"count":0,"href":"http:\/\/www.tvturk.com\/index.php\/wp-json\/wp\/v2\/posts\/243736\/revisions"}],"wp:featuredmedia":[{"embeddable":true,"href":"http:\/\/www.tvturk.com\/index.php\/wp-json\/wp\/v2\/media\/243737"}],"wp:attachment":[{"href":"http:\/\/www.tvturk.com\/index.php\/wp-json\/wp\/v2\/media?parent=243736"}],"wp:term":[{"taxonomy":"category","embeddable":true,"href":"http:\/\/www.tvturk.com\/index.php\/wp-json\/wp\/v2\/categories?post=243736"},{"taxonomy":"post_tag","embeddable":true,"href":"http:\/\/www.tvturk.com\/index.php\/wp-json\/wp\/v2\/tags?post=243736"}],"curies":[{"name":"wp","href":"https:\/\/api.w.org\/{rel}","templated":true}]}}