{"id":243774,"date":"2019-12-18T12:01:52","date_gmt":"2019-12-18T09:01:52","guid":{"rendered":"http:\/\/www.tvturk.com\/index.php\/ureticilerin-sutleri-degerini-bulacak\/"},"modified":"2019-12-18T12:01:52","modified_gmt":"2019-12-18T09:01:52","slug":"ureticilerin-sutleri-degerini-bulacak","status":"publish","type":"post","link":"http:\/\/www.tvturk.com\/index.php\/ureticilerin-sutleri-degerini-bulacak\/","title":{"rendered":"\u00dcreticilerin s\u00fctleri de\u011ferini bulacak"},"content":{"rendered":"<p>N\u00fcfusunun y\u00fczde 80\u2019inin tar\u0131m ve hayvanc\u0131l\u0131ktan ge\u00e7imini sa\u011flad\u0131\u011f\u0131 Aksaray\u2019da Dam\u0131zl\u0131k S\u0131\u011f\u0131r Yeti\u015ftiricileri Birli\u011fi taraf\u0131ndan s\u00fct \u00fcr\u00fcnleri \u00fcretim tesisi kuruluyor.<\/p>\n<p>Aksaray\u2019da hayvan kesimlerinin \u00f6nlenmesi, tar\u0131m ve hayvanc\u0131l\u0131\u011f\u0131n geli\u015ftirilmesi ve sekt\u00f6rdeki kalitenin art\u0131r\u0131lmas\u0131 amac\u0131yla<\/p>\n<p>\u00e7al\u0131\u015fmalara ba\u015flayan Dam\u0131zl\u0131k S\u0131\u011f\u0131r Yeti\u015ftiricileri Birli\u011fi, s\u00fct \u00fcr\u00fcnleri \u00fcretim tesisi kurmak i\u00e7in d\u00fc\u011fmeye bast\u0131. T\u00fcrkiye\u2019de de son derece \u00f6nemli bir yere sahip olan Aksaray\u2019da tar\u0131m ve hayvanc\u0131l\u0131k sekt\u00f6r\u00fcnde art\u0131k \u00fcreticilerin \u00fcretti\u011fi s\u00fctler ellerinde kalmayacak veya c\u00fczi miktarlarla sat\u0131\u015fa sunulmayacak. Al\u0131nan karar\u0131n ard\u0131ndan Organize Sanayi B\u00f6lgesinden (OSB) arsa isteyen birlik, Aksaray Valili\u011fi oluru ile OSB\u2019den 10 bin metrekare arsa ald\u0131. Aksaray Valisi Ali Mant\u0131 birli\u011fe yer tahsisini yaparken, valilik makam\u0131nda yap\u0131lan protokolle s\u00f6zle\u015fmeler imzaland\u0131.<\/p>\n<p>\u201cAksaray tar\u0131m ve hayvanc\u0131l\u0131k memleketi\u201d<\/p>\n<p>Protokol imza t\u00f6reninde konu\u015fan Vali Ali Mant\u0131, Aksaray\u2019\u0131n tar\u0131m ve hayvanc\u0131l\u0131k kenti oldu\u011funu belirterek, sekt\u00f6r kapsam\u0131nda \u00e7al\u0131\u015fmalar\u0131 yak\u0131ndan takip etti\u011fini s\u00f6yledi. Tar\u0131m ve hayvanc\u0131l\u0131\u011f\u0131n sadece Aksaray de\u011fil, \u00fclke a\u00e7\u0131s\u0131ndan da son derece \u00f6nemli bir yere sahip oldu\u011funu ifade eden Vali Mant\u0131, \u201cDam\u0131zl\u0131k S\u0131\u011f\u0131r Yeti\u015ftiricileri Birli\u011fimize daha \u00f6nceden tahsis etti\u011fimiz 10 bin metrekare arsam\u0131z\u0131n bug\u00fcn protokol s\u00f6zle\u015fmesini yap\u0131yoruz. Burada birli\u011fimiz bir s\u00fct i\u015fleme tesisi yapacak. Bilindi\u011fi gibi Aksaray tar\u0131m ve hayvanc\u0131l\u0131k memleketi. S\u00fct de bu sekt\u00f6r i\u00e7erisinde a\u011f\u0131rl\u0131kl\u0131 sekt\u00f6rlerimizden birisi. \u0130n\u015fallah bu birlik tesisi yapt\u0131\u011f\u0131 zaman rekabet artacak, kalite artacak, birlik mensuplar\u0131na da hay\u0131rl\u0131 hizmetler verece\u011fine inan\u0131yorum\u201d dedi.<\/p>\n<p>\u201cAmac\u0131m\u0131z hayvanc\u0131l\u0131\u011f\u0131 daha ileri noktalara g\u00f6t\u00fcrmek\u201d<\/p>\n<p>Aksaray Dam\u0131zl\u0131k S\u0131\u011f\u0131r Yeti\u015ftiricileri Birli\u011fi Ba\u015fkan\u0131 Bekir Kayan ise, \u00fcreticilerin \u00fcretti\u011fi s\u00fctleri pazarlamakta, sat\u0131\u015f\u0131n\u0131 yapmakta ciddi s\u0131k\u0131nt\u0131lar ya\u015fad\u0131\u011f\u0131n\u0131 belirterek, \u00e7o\u011fu zaman \u00fcretilen s\u00fctlerin \u00f6l\u00fc fiyatlara sat\u0131ld\u0131\u011f\u0131n\u0131 kaydetti. Bunun da \u00fcreticilere ciddi zararlar verdi\u011fini ve \u00fcreticilerin \u00fcretmekten vazge\u00e7ip hayvanlar\u0131n\u0131 kestirmeye y\u00f6neldi\u011fini belirten Ba\u015fkan Kayan, \u201cBu alanda biz \u00fcreticilerimize s\u00fct fabrikas\u0131 kurmay\u0131 d\u00fc\u015f\u00fcn\u00fcyoruz. \u00dcreticilerimiz zor durumda kald\u0131\u011f\u0131nda biz buralar\u0131 devreye sokarak \u00fcreticilerimizin \u00fcr\u00fcnlerini daha iyi fiyatlarla, daha iyi de\u011ferlendirmelerle b\u00f6yle bir giri\u015fimde bulunduk. Yani hayvanc\u0131l\u0131\u011f\u0131 daha ileri noktalara g\u00f6t\u00fcrmek amac\u0131yla yap\u0131lm\u0131\u015f bir proje bu. 2020 y\u0131l\u0131nda \u0130PARD destekleri projesinin a\u00e7\u0131l\u0131m\u0131 ba\u015flayacak. Tabii bu projenin ba\u015fvurular\u0131n\u0131 yapaca\u011f\u0131z. B\u00fcy\u00fck bir ihtimalle 2-3 y\u0131ll\u0131k s\u00fcre\u00e7 i\u00e7erisinde tamamlam\u0131\u015f oluruz\u201d \u015feklinde konu\u015ftu.<\/p>\n<p>Kayan, ba\u015fta Vali Mant\u0131 olmak \u00fczere t\u00fcm yetkililere de destek ve te\u015fviklerinden dolay\u0131 te\u015fekk\u00fcr etti.<\/p>\n","protected":false},"excerpt":{"rendered":"<p>ALINAN KARARIN ARDINDAN ORGAN\u0130ZE SANAY\u0130 B\u00d6LGES\u0130NDEN (OSB) ARSA \u0130STEYEN B\u0130RL\u0130K, AKSARAY VAL\u0130L\u0130\u011e\u0130 OLURU \u0130LE OSB\u2019DEN 10 B\u0130N METREKARE ARSA YER\u0130N\u0130 ALDI. AKSARAY VAL\u0130S\u0130 AL\u0130 MANTI B\u0130RL\u0130\u011eE YER TAHS\u0130S\u0130N\u0130 YAPARKEN, VAL\u0130L\u0130K MAKAMINDA YAPILAN PROTOKOL \u0130LE S\u00d6ZLE\u015eMELER \u0130MZALANDI.<\/p>\n","protected":false},"author":1,"featured_media":243775,"comment_status":"closed","ping_status":"open","sticky":false,"template":"","format":"standard","meta":{"jetpack_post_was_ever_published":false,"_jetpack_newsletter_access":"","_jetpack_dont_email_post_to_subs":false,"_jetpack_newsletter_tier_id":0,"_jetpack_memberships_contains_paywalled_content":false,"_jetpack_memberships_contains_paid_content":false,"footnotes":"","jetpack_publicize_message":"","jetpack_publicize_feature_enabled":true,"jetpack_social_post_already_shared":true,"jetpack_social_options":{"image_generator_settings":{"template":"highway","default_image_id":0,"font":"","enabled":false},"version":2}},"categories":[19],"tags":[23559,22842,60768,10370],"class_list":["post-243774","post","type-post","status-publish","format-standard","has-post-thumbnail","hentry","category-ekonomi","tag-bulacak","tag-degerini","tag-sutleri","tag-ureticilerin"],"jetpack_publicize_connections":[],"jetpack_featured_media_url":"https:\/\/i0.wp.com\/www.tvturk.com\/wp-content\/uploads\/2019\/12\/ureticilerin-sutleri-degerini-bulacak_0c6d175.jpg?fit=1000%2C666","jetpack_sharing_enabled":true,"jetpack_shortlink":"https:\/\/wp.me\/paKIfm-11pQ","_links":{"self":[{"href":"http:\/\/www.tvturk.com\/index.php\/wp-json\/wp\/v2\/posts\/243774","targetHints":{"allow":["GET"]}}],"collection":[{"href":"http:\/\/www.tvturk.com\/index.php\/wp-json\/wp\/v2\/posts"}],"about":[{"href":"http:\/\/www.tvturk.com\/index.php\/wp-json\/wp\/v2\/types\/post"}],"author":[{"embeddable":true,"href":"http:\/\/www.tvturk.com\/index.php\/wp-json\/wp\/v2\/users\/1"}],"replies":[{"embeddable":true,"href":"http:\/\/www.tvturk.com\/index.php\/wp-json\/wp\/v2\/comments?post=243774"}],"version-history":[{"count":0,"href":"http:\/\/www.tvturk.com\/index.php\/wp-json\/wp\/v2\/posts\/243774\/revisions"}],"wp:featuredmedia":[{"embeddable":true,"href":"http:\/\/www.tvturk.com\/index.php\/wp-json\/wp\/v2\/media\/243775"}],"wp:attachment":[{"href":"http:\/\/www.tvturk.com\/index.php\/wp-json\/wp\/v2\/media?parent=243774"}],"wp:term":[{"taxonomy":"category","embeddable":true,"href":"http:\/\/www.tvturk.com\/index.php\/wp-json\/wp\/v2\/categories?post=243774"},{"taxonomy":"post_tag","embeddable":true,"href":"http:\/\/www.tvturk.com\/index.php\/wp-json\/wp\/v2\/tags?post=243774"}],"curies":[{"name":"wp","href":"https:\/\/api.w.org\/{rel}","templated":true}]}}