{"id":243784,"date":"2019-12-18T12:03:22","date_gmt":"2019-12-18T09:03:22","guid":{"rendered":"http:\/\/www.tvturk.com\/index.php\/tsyd-izmir-goztepenin-yeni-stadini-gezdi\/"},"modified":"2019-12-18T12:03:22","modified_gmt":"2019-12-18T09:03:22","slug":"tsyd-izmir-goztepenin-yeni-stadini-gezdi","status":"publish","type":"post","link":"http:\/\/www.tvturk.com\/index.php\/tsyd-izmir-goztepenin-yeni-stadini-gezdi\/","title":{"rendered":"TSYD \u0130zmir, G\u00f6ztepe\u2019nin yeni stad\u0131n\u0131 gezdi"},"content":{"rendered":"<p>T\u00fcrkiye Spor Yazarlar\u0131 Derne\u011fi (TSYD) \u0130zmir \u015eube Ba\u015fkan\u0131 Bahri Okumu\u015f ve y\u00f6netim kurulu \u00fcyeleri G\u00f6ztepe\u2019nin yap\u0131m\u0131 devam eden yeni stad\u0131 G\u00fcrsel Aksel Spor ve Sa\u011fl\u0131kl\u0131 Ya\u015fam Merkezi\u2019nde incelemelerde bulundu.<\/p>\n<p>TSYD \u0130zmir \u015eube Ba\u015fkan\u0131 Bahri Okumu\u015f ve y\u00f6netim kurulu \u00fcyeleri, G\u00f6ztepe Kul\u00fcb\u00fc Ba\u015fkan Vekili Talat Papatya ve stad\u0131n mimar\u0131 Tu\u011frul B\u00fcy\u00fckk\u00f6ken\u2019den yap\u0131m\u0131 devam eden G\u00fcrsel Aksel Spor ve Sa\u011fl\u0131kl\u0131 Ya\u015fam Merkezi hakk\u0131nda bilgiler alarak, bas\u0131n mensuplar\u0131n\u0131n \u00e7al\u0131\u015faca\u011f\u0131 alanlar konusunda fikir al\u0131\u015fveri\u015finde bulundu.<\/p>\n<p>TSYD \u0130zmir \u015eube Ba\u015fkan\u0131 Bahri Okumu\u015f, \u0130zmir\u2019de bir d\u00f6nem ya\u015fanan stat sorunundan sonra G\u00f6ztepe\u2019nin yeni stad\u0131n\u0131n bitme a\u015famas\u0131na geldi\u011fini hat\u0131rlatarak, Alsancak Stad\u0131\u2019n\u0131n da en k\u0131sa zamanda futbol m\u00fcsabakalar\u0131na ev sahipli\u011fi yapmaya ba\u015flayaca\u011f\u0131na inand\u0131\u011f\u0131n\u0131 kaydetti. Son d\u00f6nemde T\u00fcrkiye\u2019de bir\u00e7ok stat yap\u0131ld\u0131\u011f\u0131n\u0131 hat\u0131rlatan Okumu\u015f, \u201cG\u00f6ztepe\u2019nin, yeni stad\u0131yla \u0130zmir\u2019i S\u00fcper Lig\u2019de ba\u015far\u0131yla temsil etmeye devam edece\u011fine inan\u0131yorum. Yeni stat kul\u00fcp tarihinde bir d\u00f6n\u00fcm noktas\u0131, yaln\u0131zca modern bir spor tesisi de\u011fil kente de\u011fer katacak bir ya\u015fam alan\u0131. Emek harcayan herkesi kutlar\u0131z\u201d dedi.<\/p>\n<p>G\u00f6ztepe Kul\u00fcb\u00fc Ba\u015fkan Vekili Talat Papatya ise G\u00fcrsel Aksel Spor ve Sa\u011fl\u0131kl\u0131 Ya\u015fam Merkezi\u2019nde ilk ma\u00e7\u0131 oynamak i\u00e7in \u00e7ok heyecanl\u0131 olduklar\u0131n\u0131, yeni statlar\u0131ndaki ilk ma\u00e7lar\u0131n\u0131 S\u00fcper Lig\u2019de 19. haftadaki Be\u015fikta\u015f\u2019a kar\u015f\u0131 oynamay\u0131 planlad\u0131klar\u0131n\u0131 s\u00f6yledi. Yeni statlar\u0131n\u0131n kendileri i\u00e7in bir milat olaca\u011f\u0131n\u0131 kaydeden Papatya, \u201cKul\u00fcp olarak heyecanl\u0131y\u0131z. Yeni stad\u0131m\u0131z \u0130zmir i\u00e7in de \u00e7ok \u00f6nemli bir yere sahip olacak\u201d diye konu\u015ftu.<\/p>\n","protected":false},"excerpt":{"rendered":"<p>T\u00dcRK\u0130YE SPOR YAZARLARI DERNE\u011e\u0130 (TSYD) \u0130ZM\u0130R \u015eUBE BA\u015eKANI BAHR\u0130 OKUMU\u015e VE Y\u00d6NET\u0130M KURULU \u00dcYELER\u0130 G\u00d6ZTEPE\u2019N\u0130N YAPIMI DEVAM EDEN YEN\u0130 STADI G\u00dcRSEL AKSEL SPOR VE SA\u011eLIKLI YA\u015eAM MERKEZ\u0130NDE \u0130NCELEMELERDE BULUNDU.<\/p>\n","protected":false},"author":1,"featured_media":243785,"comment_status":"closed","ping_status":"open","sticky":false,"template":"","format":"standard","meta":{"jetpack_post_was_ever_published":false,"_jetpack_newsletter_access":"","_jetpack_dont_email_post_to_subs":false,"_jetpack_newsletter_tier_id":0,"_jetpack_memberships_contains_paywalled_content":false,"_jetpack_memberships_contains_paid_content":false,"footnotes":"","jetpack_publicize_message":"","jetpack_publicize_feature_enabled":true,"jetpack_social_post_already_shared":true,"jetpack_social_options":{"image_generator_settings":{"template":"highway","default_image_id":0,"font":"","enabled":false},"version":2}},"categories":[657],"tags":[5054,2228,4137,2702,45401,87],"class_list":["post-243784","post","type-post","status-publish","format-standard","has-post-thumbnail","hentry","category-spor","tag-tsyd","tag-gezdi","tag-goztepenin","tag-izmir","tag-stadini","tag-yeni"],"jetpack_publicize_connections":[],"jetpack_featured_media_url":"https:\/\/i0.wp.com\/www.tvturk.com\/wp-content\/uploads\/2019\/12\/tsyd-izmir-goztepenin-yeni-stadini-gezdi_3cc0393.jpg?fit=1000%2C556","jetpack_sharing_enabled":true,"jetpack_shortlink":"https:\/\/wp.me\/paKIfm-11q0","_links":{"self":[{"href":"http:\/\/www.tvturk.com\/index.php\/wp-json\/wp\/v2\/posts\/243784","targetHints":{"allow":["GET"]}}],"collection":[{"href":"http:\/\/www.tvturk.com\/index.php\/wp-json\/wp\/v2\/posts"}],"about":[{"href":"http:\/\/www.tvturk.com\/index.php\/wp-json\/wp\/v2\/types\/post"}],"author":[{"embeddable":true,"href":"http:\/\/www.tvturk.com\/index.php\/wp-json\/wp\/v2\/users\/1"}],"replies":[{"embeddable":true,"href":"http:\/\/www.tvturk.com\/index.php\/wp-json\/wp\/v2\/comments?post=243784"}],"version-history":[{"count":0,"href":"http:\/\/www.tvturk.com\/index.php\/wp-json\/wp\/v2\/posts\/243784\/revisions"}],"wp:featuredmedia":[{"embeddable":true,"href":"http:\/\/www.tvturk.com\/index.php\/wp-json\/wp\/v2\/media\/243785"}],"wp:attachment":[{"href":"http:\/\/www.tvturk.com\/index.php\/wp-json\/wp\/v2\/media?parent=243784"}],"wp:term":[{"taxonomy":"category","embeddable":true,"href":"http:\/\/www.tvturk.com\/index.php\/wp-json\/wp\/v2\/categories?post=243784"},{"taxonomy":"post_tag","embeddable":true,"href":"http:\/\/www.tvturk.com\/index.php\/wp-json\/wp\/v2\/tags?post=243784"}],"curies":[{"name":"wp","href":"https:\/\/api.w.org\/{rel}","templated":true}]}}