{"id":243840,"date":"2019-12-18T14:02:17","date_gmt":"2019-12-18T11:02:17","guid":{"rendered":"http:\/\/www.tvturk.com\/index.php\/hablemitoglu-cinayetine-iliskin-ailenin-avukatindan-aciklama\/"},"modified":"2019-12-18T14:02:17","modified_gmt":"2019-12-18T11:02:17","slug":"hablemitoglu-cinayetine-iliskin-ailenin-avukatindan-aciklama","status":"publish","type":"post","link":"http:\/\/www.tvturk.com\/index.php\/hablemitoglu-cinayetine-iliskin-ailenin-avukatindan-aciklama\/","title":{"rendered":"Hablemito\u011flu cinayetine ili\u015fkin ailenin avukat\u0131ndan a\u00e7\u0131klama"},"content":{"rendered":"<p>Hablemito\u011flu ailesinin avukat\u0131 Ersan Bark\u0131n, Do\u00e7. Dr. Necip Hablemito\u011flu suikast\u0131na ili\u015fkin bir \u015f\u00fcphelinin Ukrayna\u2019da yakalanmas\u0131na ili\u015fkin, &#8220;Suikast\u0131 kim i\u015fledi? Arkas\u0131ndaki g\u00fc\u00e7 neydi? Necip Hablemito\u011flu ni\u00e7in hedef al\u0131nd\u0131? Bu sorular\u0131n tamam\u0131 ad\u0131 ge\u00e7en \u015f\u00fcphelinin \u00fclkemize iadesini de i\u00e7eren etkili bir soru\u015fturma sonucunda ortaya \u00e7\u0131kacakt\u0131r&#8221; dedi.<\/p>\n<p>Do\u00e7. Dr. Necip Hablemito\u011flu\u2019nun Ankara\u2019da 18 Aral\u0131k 2002\u2019de ger\u00e7ekle\u015ftirilen suikast sonucu \u00f6ld\u00fcr\u00fclmesine ili\u015fkin y\u00fcr\u00fct\u00fclen soru\u015fturma kapsam\u0131nda suikastla ili\u015fkisi tespit edilen bir ki\u015fi Ukrayna\u2019da yakaland\u0131. Hablemito\u011flu\u2019nun e\u015fi \u015eeng\u00fcl Hablemito\u011flu ve ailenin avukat\u0131 Ersan Bark\u0131n, Ankara\u2019da d\u00fczenledikleri bas\u0131n toplant\u0131s\u0131yla bu konuda a\u00e7\u0131klamalarda bulundu. Bark\u0131n, Hablemito\u011flu suikast\u0131 soru\u015fturmas\u0131n\u0131n kimli\u011fi belli gruplar\u0131 koruma g\u00fcd\u00fcs\u00fcyle 14 y\u0131l kaybedildikten sonra g\u00f6revini hakk\u0131yla yapmaya \u00e7al\u0131\u015fan bir savc\u0131l\u0131k kurumunun 3 y\u0131ll\u0131k \u00e7al\u0131\u015fmas\u0131 sayesinde belli bir noktaya geldi\u011fini s\u00f6yledi. FET\u00d6\u2019n\u00fcn 15 Temmuz 2016\u2019daki darbe giri\u015fiminden hemen \u00f6nce haz\u0131rlanan FET\u00d6 \u00e7at\u0131 iddianamesinin eklerinde gizlenmi\u015f bir ayr\u0131nt\u0131n\u0131n pe\u015fine d\u00fc\u015ft\u00fcklerini, bu ayr\u0131nt\u0131y\u0131 savc\u0131l\u0131k makam\u0131na iletmeleri \u00fczerine ilk kez tetik\u00e7i olabilece\u011fi ihtimaliyle bir ki\u015finin yakaland\u0131\u011f\u0131n\u0131 kaydeden Bark\u0131n, &#8220;Zira, FET\u00d6 \u00e7at\u0131 davas\u0131 iddianamesi eklerinde Hablemito\u011flu suikast\u0131n\u0131n failine dair yer alan ancak mahkemece de\u011fer verilmeyen bir ifade sahibinin soru\u015fturma dosyas\u0131 kapsam\u0131nda yeniden ifadesinin al\u0131nmas\u0131 ve sahip oldu\u011fu bilgilerin kayna\u011f\u0131 olarak i\u015faret etti\u011fi ki\u015finin teknik incelemesi savc\u0131l\u0131k makam\u0131n\u0131 \u00f6nceden \u00f6ng\u00f6r\u00fclmeyen bir ihtimalle kar\u015f\u0131 kar\u015f\u0131ya getirmi\u015ftir&#8221; diye konu\u015ftu.<\/p>\n<p>Soru\u015fturmay\u0131 y\u00fcr\u00fcten Cumhuriyet Savc\u0131s\u0131 Zafer Erg\u00fcn\u2019\u00fcn bu bilgi \u00fczerine Nuri G\u00f6khan B. hakk\u0131nda k\u0131rm\u0131z\u0131 b\u00fclten \u00e7\u0131kartt\u0131\u011f\u0131n\u0131 dile getiren Bark\u0131n, \u015fahs\u0131n 11 Temmuz 2019\u2019da Ukrayna\u2019da yakaland\u0131\u011f\u0131n\u0131 bildirdi. Savc\u0131n\u0131n 3 y\u0131ld\u0131r soru\u015fturmay\u0131 derinle\u015ftirdi\u011fini, bu kapsamda ad\u0131 ge\u00e7en ki\u015fi ya da kamuoyunda ismi bilinen ba\u015fka \u015f\u00fcphelilerin HTS analizlerinin, baz istasyonu sinyallerinin incelendi\u011fini anlatan Bark\u0131n, Ukrayna\u2019daki \u015f\u00fcphelinin yakalanmas\u0131ndan da ba\u015f\u0131ndan itibaren haberdar olduklar\u0131n\u0131 s\u00f6yledi. Bark\u0131n, olay\u0131n failinin ve ard\u0131ndaki g\u00fcc\u00fcn ayd\u0131nlan\u0131p ayd\u0131nlanmayaca\u011f\u0131n\u0131n zamanla anla\u015f\u0131laca\u011f\u0131n\u0131 anlatarak, &#8220;Ancak bu s\u00fcrecin g\u00f6r\u00fclebilmesi \u00f6ncelikle ad\u0131 ge\u00e7en ki\u015finin yakaland\u0131\u011f\u0131 Ukrayna\u2019dan \u00fclkemize iadesiyle m\u00fcmk\u00fcn olabilecektir. Her ne kadar \u00fclkemizin Adalet ve D\u0131\u015fi\u015fleri Bakanl\u0131klar\u0131 eliyle iade dosyas\u0131n\u0131n Ukrayna\u2019ya sunuldu\u011fu ifade edilse de ayn\u0131 \u00fclkede ba\u015fka dosyalardan daha sonra yakalanan ki\u015filerin \u00fclkemize iade edilmesine kar\u015f\u0131n, dosyam\u0131z \u015f\u00fcphelisinin tutukluluk halinin ev hapsine d\u00f6n\u00fc\u015fmesi, siyasi s\u0131\u011f\u0131nma talebinin de\u011ferlendirilmesinin be\u015f ay\u0131 a\u015fk\u0131n s\u00fcredir sonu\u00e7land\u0131r\u0131lmamas\u0131 ailemizi endi\u015feye sevk etmektedir&#8221; \u015feklinde konu\u015ftu.<\/p>\n<p>&#8220;\u015e\u00fcphelinin \u00fclkemize iadesini de i\u00e7eren etkili bir soru\u015fturma sonucunda ortaya \u00e7\u0131kacakt\u0131r&#8221;<\/p>\n<p>Nuri G\u00f6khan B.\u2019nin T\u00fcrkiye\u2019ye iadesinin \u00f6nemli oldu\u011funu vurgulayan Bark\u0131n, &#8220;Bu a\u015famada \u015f\u00fcphelinin fail olup olmad\u0131\u011f\u0131, olaya dair bilgisinin ne oldu\u011fu, hangi odaklarca kullan\u0131lm\u0131\u015f olabilece\u011fi, ideolojik ekseninin ne oldu\u011fu ve faille ileti\u015fim i\u00e7inde olabilecek ki\u015filerin kimlikleri, kimin i\u00e7in bu arac\u0131l\u0131\u011f\u0131 ger\u00e7ekle\u015ftirdikleri tart\u0131\u015fmalar\u0131n\u0131n hi\u00e7bir anlam\u0131 bulunmamaktad\u0131r. Ayn\u0131 bi\u00e7imde son g\u00fcnlerde medyada ad\u0131 ge\u00e7en eski cumhurba\u015fkanlar\u0131n\u0131n, bakanlar\u0131n, milletvekillerinin ya da FET\u00d6\u2019c\u00fc olduklar\u0131 bilinen resmi g\u00f6revlilerin s\u00fcrecin neresinde olduklar\u0131 da hen\u00fcz bizim a\u00e7\u0131m\u0131zdan anlam ta\u015f\u0131mamaktad\u0131r. Suikast\u0131 kim i\u015fledi? Arkas\u0131ndaki g\u00fc\u00e7 neydi? Necip Hablemito\u011flu ni\u00e7in hedef al\u0131nd\u0131? Bu sorular\u0131n tamam\u0131, ad\u0131 ge\u00e7en \u015f\u00fcphelinin \u00fclkemize iadesini de i\u00e7eren etkili bir soru\u015fturma sonucunda ortaya \u00e7\u0131kacakt\u0131r. O zaman haz\u0131rl\u0131k soru\u015fturmas\u0131nda g\u00f6rev yapan ve neredeyse tamam\u0131 FET\u00d6 nedeniyle ihra\u00e7 edilen, mahkum edilen emniyet g\u00f6revlilerinin, savc\u0131l\u0131k \u00e7al\u0131\u015fanlar\u0131n\u0131n varl\u0131k ve g\u00f6revleri de anla\u015f\u0131labilir olacakt\u0131r&#8221; ifadelerini kulland\u0131.<\/p>\n<p>&#8220;Hakk\u0131m\u0131z olan adaleti istiyoruz&#8221;<\/p>\n<p>Necip Hablemito\u011flu\u2019nun e\u015fi \u015eeng\u00fcl Hablemito\u011flu ise bilgiyi b\u00fckmeden payla\u015fan ayd\u0131nlar\u0131n hakikatleri g\u00f6stermeye devam ettik\u00e7e toplumun haf\u0131zas\u0131nda ve kalbinde kalacaklar\u0131n\u0131, bunu engellemeye kimsenin g\u00fcc\u00fcn\u00fcn yetmeyece\u011fini kaydetti. Devletin vatanda\u015flar\u0131n\u0131n ya\u015fama hakk\u0131n\u0131 korumakla y\u00fck\u00fcml\u00fc oldu\u011funu ifade eden Hablemito\u011flu, &#8220;Biz hakk\u0131m\u0131z\u0131n korunmas\u0131n\u0131 istiyoruz. Adaleti de dilenmiyoruz. Hakk\u0131m\u0131z olan adaleti istiyoruz&#8221; dedi.<\/p>\n<p>A\u00e7\u0131klamalar\u0131n ard\u0131ndan bas\u0131n mensuplar\u0131n\u0131n sorular\u0131n\u0131 yan\u0131tlayan avukat Bark\u0131n, &#8220;FET\u00d6 \u00e7at\u0131 iddianamesinin eklerinde suikastla ilgili ifadeyi siz fark etmemi\u015f olsayd\u0131n\u0131z bu soru\u015fturma a\u00e7\u0131lmam\u0131\u015f m\u0131 olacakt\u0131?&#8221; \u015feklindeki soruya \u015fu cevab\u0131 verdi:<\/p>\n<p>&#8220;\u0130ddianamenin hi\u00e7bir sayfas\u0131nda Hablemito\u011flu suikast\u0131n\u0131n FET\u00d6\u2019c\u00fc emniyet mensuplar\u0131 taraf\u0131ndan bilinmesine ra\u011fmen \u00f6nlenemedi\u011fi su\u00e7lamas\u0131 d\u0131\u015f\u0131nda tek bir sat\u0131r su\u00e7lama yok. Ama iddianamenin eklerinde var olan bilgilerden biri gazeteci Zihni \u00c7ak\u0131r\u2019\u0131n ifadeleri. \u0130ddianamenin eklerinde Zihni \u00c7ak\u0131r\u2019\u0131n Hablemito\u011flu\u2019nun katilinin kim oldu\u011funa dair ifadeleri var. Bu isim hala muvazzaf T.M. isimli devlet g\u00f6revlisi. Bunun \u00fczerine biz Ankara 4. A\u011f\u0131r Ceza Mahkemesine dedik ki \u2019iddianamenin ekleri e\u011fer \u00e7\u00f6pl\u00fck de\u011filse, bir anlam ifade ediyorsa, o taktirde ad\u0131 ge\u00e7enlerin tamam\u0131n\u0131n bu suikast ba\u011flam\u0131nda sual etmek i\u00e7in mahkemeye \u00e7a\u011f\u0131r\u0131n.\u2019 Ama mahkemenin, ki\u015finin hala muvazzaf devlet g\u00f6revlisi olmas\u0131 hasebiyle ve o tarihlerde Kazakistan\u2019da g\u00f6revli oldu\u011funa dair \u015fifahi bilgilendirmeyle yetinerek taleplerimizi kabul etmemesi \u00fczerine Hablemito\u011flu suikast\u0131 soru\u015fturmas\u0131n\u0131 y\u00fcr\u00fcten savc\u0131dan ilgili ki\u015finin ifadesinin al\u0131nmas\u0131n\u0131 talep ettik. Yani Zihni \u00c7ak\u0131r\u2019\u0131n ifadesinin savc\u0131l\u0131k taraf\u0131ndan yeniden al\u0131nmas\u0131 sonucunda ad\u0131 ge\u00e7en failden nas\u0131l haberdar oldu\u011fu sorusuna \u00c7ak\u0131r, \u2019Nuri G\u00f6khan B.\u2019den \u00f6\u011frendim bunlar\u0131\u2019 \u015feklinde yan\u0131t verdi. \u0130\u015fte cumhuriyet savc\u0131l\u0131\u011f\u0131n\u0131n, Ukrayna\u2019da yakalanan ki\u015finin izini s\u00fcrmesi bu bilgiyle ger\u00e7ekle\u015fti.&#8221;<\/p>\n","protected":false},"excerpt":{"rendered":"<p>DO\u00c7. DR. NEC\u0130P HABLEM\u0130TO\u011eLU&#8217;NUN ANKARA&#8217;DA 18 ARALIK 2002&#8217;DE GER\u00c7EKLE\u015eT\u0130R\u0130LEN SU\u0130KAST SONUCU \u00d6LD\u00dcR\u00dcLMES\u0130NE Y\u00d6NEL\u0130K Y\u00dcR\u00dcT\u00dcLEN SORU\u015eTURMA KAPSAMINDA, SU\u0130KASTLE \u0130L\u0130\u015eK\u0130S\u0130 TESP\u0130T ED\u0130LEN B\u0130R K\u0130\u015e\u0130 UKRAYNA&#8217;DA YAKALANDI. HABLEM\u0130TO\u011eLU&#8217;NUN E\u015e\u0130 \u015eENG\u00dcL HABLEM\u0130TO\u011eLU VE A\u0130LEN\u0130N AVUKATI ERSAN BARKIN, ANKARA&#8217;DA D\u00dcZENLED\u0130KLER\u0130 BASIN TOPLANTISIYLA BU KONUDA DE\u011eERLEND\u0130RMELERDE BULUNDU.<\/p>\n","protected":false},"author":1,"featured_media":243841,"comment_status":"closed","ping_status":"open","sticky":false,"template":"","format":"standard","meta":{"jetpack_post_was_ever_published":false,"_jetpack_newsletter_access":"","_jetpack_dont_email_post_to_subs":false,"_jetpack_newsletter_tier_id":0,"_jetpack_memberships_contains_paywalled_content":false,"_jetpack_memberships_contains_paid_content":false,"footnotes":"","jetpack_publicize_message":"","jetpack_publicize_feature_enabled":true,"jetpack_social_post_already_shared":true,"jetpack_social_options":{"image_generator_settings":{"template":"highway","default_image_id":0,"font":"","enabled":false},"version":2}},"categories":[1],"tags":[3349,6399,35032,5600,60625,9764],"class_list":["post-243840","post","type-post","status-publish","format-standard","has-post-thumbnail","hentry","category-genel","tag-aciklama","tag-ailenin","tag-avukatindan","tag-cinayetine","tag-hablemitoglu","tag-iliskin"],"jetpack_publicize_connections":[],"jetpack_featured_media_url":"https:\/\/i0.wp.com\/www.tvturk.com\/wp-content\/uploads\/2019\/12\/hablemitoglu-cinayetine-iliskin-ailenin-avukatindan-aciklama_5b7f368.jpg?fit=1000%2C561","jetpack_sharing_enabled":true,"jetpack_shortlink":"https:\/\/wp.me\/paKIfm-11qU","_links":{"self":[{"href":"http:\/\/www.tvturk.com\/index.php\/wp-json\/wp\/v2\/posts\/243840","targetHints":{"allow":["GET"]}}],"collection":[{"href":"http:\/\/www.tvturk.com\/index.php\/wp-json\/wp\/v2\/posts"}],"about":[{"href":"http:\/\/www.tvturk.com\/index.php\/wp-json\/wp\/v2\/types\/post"}],"author":[{"embeddable":true,"href":"http:\/\/www.tvturk.com\/index.php\/wp-json\/wp\/v2\/users\/1"}],"replies":[{"embeddable":true,"href":"http:\/\/www.tvturk.com\/index.php\/wp-json\/wp\/v2\/comments?post=243840"}],"version-history":[{"count":0,"href":"http:\/\/www.tvturk.com\/index.php\/wp-json\/wp\/v2\/posts\/243840\/revisions"}],"wp:featuredmedia":[{"embeddable":true,"href":"http:\/\/www.tvturk.com\/index.php\/wp-json\/wp\/v2\/media\/243841"}],"wp:attachment":[{"href":"http:\/\/www.tvturk.com\/index.php\/wp-json\/wp\/v2\/media?parent=243840"}],"wp:term":[{"taxonomy":"category","embeddable":true,"href":"http:\/\/www.tvturk.com\/index.php\/wp-json\/wp\/v2\/categories?post=243840"},{"taxonomy":"post_tag","embeddable":true,"href":"http:\/\/www.tvturk.com\/index.php\/wp-json\/wp\/v2\/tags?post=243840"}],"curies":[{"name":"wp","href":"https:\/\/api.w.org\/{rel}","templated":true}]}}