{"id":24385,"date":"2019-02-12T11:50:54","date_gmt":"2019-02-12T08:50:54","guid":{"rendered":"http:\/\/www.tvturk.com\/index.php\/siirtte-koy-yolunda-heyelan\/"},"modified":"2019-02-12T11:50:57","modified_gmt":"2019-02-12T08:50:57","slug":"siirtte-koy-yolunda-heyelan","status":"publish","type":"post","link":"http:\/\/www.tvturk.com\/index.php\/siirtte-koy-yolunda-heyelan\/","title":{"rendered":"Siirt\u2019te k\u00f6y yolunda heyelan"},"content":{"rendered":"<p>Siirt\u2019in \u015eirvan il\u00e7esine ba\u011fl\u0131 Bardac\u0131k k\u00f6y yolunda a\u015f\u0131r\u0131 ya\u011f\u0131\u015flardan dolay\u0131 heyelan meydana geldi.<\/p>\n<p>\u015eirvan il\u00e7esine ba\u011fl\u0131 Bardac\u0131k k\u00f6y yolunda a\u015f\u0131r\u0131 kar ya\u011f\u0131\u015f\u0131 nedeniyle heyelan meydana geldi. Heyelan\u0131n oldu\u011fu b\u00f6lgede Bardac\u0131k ile Cevizlik k\u00f6y yolu ula\u015f\u0131ma kapand\u0131. Bardac\u0131k k\u00f6y\u00fcnde meydana gelen heyelan nedeniyle kapanan yolu a\u00e7mak i\u00e7in \u00e7al\u0131\u015fma ba\u015flatt\u0131klar\u0131n\u0131 belirten \u0130l \u00d6zel \u0130daresi Genel Sekreteri H\u0131fzullah Canpolat, \u015eirvan il\u00e7esi Bardac\u0131k k\u00f6y\u00fcnde heyelan olmas\u0131 nedeniyle kapanan k\u00f6y yolunun a\u00e7\u0131lmas\u0131 i\u00e7in i\u015f makinelerinin acil olarak olay yerine sevk edildi\u011fini, uzun \u00e7al\u0131\u015fmalar neticesinde yolun temizlenerek ula\u015f\u0131ma a\u00e7\u0131ld\u0131\u011f\u0131n\u0131 s\u00f6yledi. Canpolat, &#8220;B\u00f6lgede yo\u011fun kar ya\u011f\u0131\u015flar\u0131 neticesinde havan\u0131n da \u0131s\u0131nmas\u0131yla s\u0131k s\u0131k heyelanlar meydana geliyor. Olay\u0131n sevindirici yan\u0131 her hangi bir can ve mal kayb\u0131n\u0131n olmamas\u0131d\u0131r&#8221; dedi.<div class=\"tiled-gallery type-rectangular tiled-gallery-unresized\" data-original-width=\"500\" data-carousel-extra='null' itemscope itemtype=\"http:\/\/schema.org\/ImageGallery\" > <div class=\"gallery-row\" style=\"width: 500px; height: 222px;\" data-original-width=\"500\" data-original-height=\"222\" > <div class=\"gallery-group images-1\" style=\"width: 295px; height: 222px;\" data-original-width=\"295\" data-original-height=\"222\" > <div class=\"tiled-gallery-item tiled-gallery-item-large\" itemprop=\"associatedMedia\" itemscope itemtype=\"http:\/\/schema.org\/ImageObject\"> <a href=\"http:\/\/www.tvturk.com\/index.php\/siirtte-koy-yolunda-heyelan\/siirtte-koy-yolunda-heyelan-3\/\" border=\"0\" itemprop=\"url\"> <meta itemprop=\"width\" content=\"291\"> <meta itemprop=\"height\" content=\"218\"> <img decoding=\"async\" class=\"\" data-attachment-id=\"24387\" data-orig-file=\"http:\/\/www.tvturk.com\/wp-content\/uploads\/2019\/02\/siirtte-koy-yolunda-heyelan_524fbf3.jpg\" data-orig-size=\"1000,750\" data-comments-opened=\"\" data-image-meta=\"{&quot;aperture&quot;:&quot;0&quot;,&quot;credit&quot;:&quot;IHA&quot;,&quot;camera&quot;:&quot;&quot;,&quot;caption&quot;:&quot;S\\u0130\\u0130RT\\u2019\\u0130N \\u015e\\u0130RVAN \\u0130L\\u00c7ES\\u0130NE BA\\u011eLI BARDACIK K\\u00d6Y YOLUNDA A\\u015eIRI YA\\u011eI\\u015eLARDAN DOLAYI HEYELAN MEYDANA GELD\\u0130. (SELAM\\u0130 DEN\\u0130Z\\\/S\\u0130\\u0130RT-\\u0130HA)&quot;,&quot;created_timestamp&quot;:&quot;0&quot;,&quot;copyright&quot;:&quot;\\u0130HLAS HABER AJANSI, www.iha.com.tr&quot;,&quot;focal_length&quot;:&quot;0&quot;,&quot;iso&quot;:&quot;0&quot;,&quot;shutter_speed&quot;:&quot;0&quot;,&quot;title&quot;:&quot;S\\u0130\\u0130RT\\u2019TE K\\u00d6Y YOLUNDA HEYELAN&quot;,&quot;orientation&quot;:&quot;0&quot;}\" data-image-title=\"Siirt\u2019te k\u00f6y yolunda heyelan\" data-image-description=\"&lt;p&gt;Siirt\u2019te k\u00f6y yolunda heyelan&lt;\/p&gt; \" data-medium-file=\"https:\/\/i0.wp.com\/www.tvturk.com\/wp-content\/uploads\/2019\/02\/siirtte-koy-yolunda-heyelan_524fbf3.jpg?fit=300%2C225\" data-large-file=\"https:\/\/i0.wp.com\/www.tvturk.com\/wp-content\/uploads\/2019\/02\/siirtte-koy-yolunda-heyelan_524fbf3.jpg?fit=1000%2C750\" src=\"https:\/\/i0.wp.com\/www.tvturk.com\/wp-content\/uploads\/2019\/02\/siirtte-koy-yolunda-heyelan_524fbf3.jpg?w=291&#038;h=218\" srcset=\"https:\/\/i0.wp.com\/www.tvturk.com\/wp-content\/uploads\/2019\/02\/siirtte-koy-yolunda-heyelan_524fbf3.jpg?w=1000 1000w, https:\/\/i0.wp.com\/www.tvturk.com\/wp-content\/uploads\/2019\/02\/siirtte-koy-yolunda-heyelan_524fbf3.jpg?resize=150%2C113 150w, https:\/\/i0.wp.com\/www.tvturk.com\/wp-content\/uploads\/2019\/02\/siirtte-koy-yolunda-heyelan_524fbf3.jpg?resize=300%2C225 300w, https:\/\/i0.wp.com\/www.tvturk.com\/wp-content\/uploads\/2019\/02\/siirtte-koy-yolunda-heyelan_524fbf3.jpg?resize=768%2C576 768w\" width=\"291\" height=\"218\" loading=\"lazy\" data-original-width=\"291\" data-original-height=\"218\" itemprop=\"http:\/\/schema.org\/image\" title=\"Siirt\u2019te k\u00f6y yolunda heyelan\" alt=\"Siirt\u2019te k\u00f6y yolunda heyelan\" style=\"width: 291px; height: 218px;\" \/> <\/a> <\/div> <\/div> <!-- close group --> <div class=\"gallery-group images-2\" style=\"width: 205px; height: 222px;\" data-original-width=\"205\" data-original-height=\"222\" > <div class=\"tiled-gallery-item tiled-gallery-item-small\" itemprop=\"associatedMedia\" itemscope itemtype=\"http:\/\/schema.org\/ImageObject\"> <a href=\"http:\/\/www.tvturk.com\/index.php\/siirtte-koy-yolunda-heyelan\/siirtte-koy-yolunda-heyelan-4\/\" border=\"0\" itemprop=\"url\"> <meta itemprop=\"width\" content=\"201\"> <meta itemprop=\"height\" content=\"110\"> <img decoding=\"async\" class=\"\" data-attachment-id=\"24388\" data-orig-file=\"http:\/\/www.tvturk.com\/wp-content\/uploads\/2019\/02\/siirtte-koy-yolunda-heyelan_edd1ba8.jpg\" data-orig-size=\"1000,547\" data-comments-opened=\"\" data-image-meta=\"{&quot;aperture&quot;:&quot;0&quot;,&quot;credit&quot;:&quot;IHA&quot;,&quot;camera&quot;:&quot;&quot;,&quot;caption&quot;:&quot;S\\u0130\\u0130RT\\u2019\\u0130N \\u015e\\u0130RVAN \\u0130L\\u00c7ES\\u0130NE BA\\u011eLI BARDACIK K\\u00d6Y YOLUNDA A\\u015eIRI YA\\u011eI\\u015eLARDAN DOLAYI HEYELAN MEYDANA GELD\\u0130. (SELAM\\u0130 DEN\\u0130Z\\\/S\\u0130\\u0130RT-\\u0130HA)&quot;,&quot;created_timestamp&quot;:&quot;0&quot;,&quot;copyright&quot;:&quot;\\u0130HLAS HABER AJANSI, www.iha.com.tr&quot;,&quot;focal_length&quot;:&quot;0&quot;,&quot;iso&quot;:&quot;0&quot;,&quot;shutter_speed&quot;:&quot;0&quot;,&quot;title&quot;:&quot;S\\u0130\\u0130RT\\u2019TE K\\u00d6Y YOLUNDA HEYELAN&quot;,&quot;orientation&quot;:&quot;0&quot;}\" data-image-title=\"Siirt\u2019te k\u00f6y yolunda heyelan\" data-image-description=\"&lt;p&gt;Siirt\u2019te k\u00f6y yolunda heyelan&lt;\/p&gt; \" data-medium-file=\"https:\/\/i0.wp.com\/www.tvturk.com\/wp-content\/uploads\/2019\/02\/siirtte-koy-yolunda-heyelan_edd1ba8.jpg?fit=300%2C164\" data-large-file=\"https:\/\/i0.wp.com\/www.tvturk.com\/wp-content\/uploads\/2019\/02\/siirtte-koy-yolunda-heyelan_edd1ba8.jpg?fit=1000%2C547\" src=\"https:\/\/i0.wp.com\/www.tvturk.com\/wp-content\/uploads\/2019\/02\/siirtte-koy-yolunda-heyelan_edd1ba8.jpg?w=201&#038;h=110\" srcset=\"https:\/\/i0.wp.com\/www.tvturk.com\/wp-content\/uploads\/2019\/02\/siirtte-koy-yolunda-heyelan_edd1ba8.jpg?w=1000 1000w, https:\/\/i0.wp.com\/www.tvturk.com\/wp-content\/uploads\/2019\/02\/siirtte-koy-yolunda-heyelan_edd1ba8.jpg?resize=150%2C82 150w, https:\/\/i0.wp.com\/www.tvturk.com\/wp-content\/uploads\/2019\/02\/siirtte-koy-yolunda-heyelan_edd1ba8.jpg?resize=300%2C164 300w, https:\/\/i0.wp.com\/www.tvturk.com\/wp-content\/uploads\/2019\/02\/siirtte-koy-yolunda-heyelan_edd1ba8.jpg?resize=768%2C420 768w\" width=\"201\" height=\"110\" loading=\"lazy\" data-original-width=\"201\" data-original-height=\"110\" itemprop=\"http:\/\/schema.org\/image\" title=\"Siirt\u2019te k\u00f6y yolunda heyelan\" alt=\"Siirt\u2019te k\u00f6y yolunda heyelan\" style=\"width: 201px; height: 110px;\" \/> <\/a> <\/div> <div class=\"tiled-gallery-item tiled-gallery-item-small\" itemprop=\"associatedMedia\" itemscope itemtype=\"http:\/\/schema.org\/ImageObject\"> <a href=\"http:\/\/www.tvturk.com\/index.php\/siirtte-koy-yolunda-heyelan\/siirtte-koy-yolunda-heyelan-5\/\" border=\"0\" itemprop=\"url\"> <meta itemprop=\"width\" content=\"201\"> <meta itemprop=\"height\" content=\"104\"> <img decoding=\"async\" class=\"\" data-attachment-id=\"24389\" data-orig-file=\"http:\/\/www.tvturk.com\/wp-content\/uploads\/2019\/02\/siirtte-koy-yolunda-heyelan_3cb38f0.jpg\" data-orig-size=\"1000,520\" data-comments-opened=\"\" data-image-meta=\"{&quot;aperture&quot;:&quot;0&quot;,&quot;credit&quot;:&quot;IHA&quot;,&quot;camera&quot;:&quot;&quot;,&quot;caption&quot;:&quot;S\\u0130\\u0130RT\\u2019\\u0130N \\u015e\\u0130RVAN \\u0130L\\u00c7ES\\u0130NE BA\\u011eLI BARDACIK K\\u00d6Y YOLUNDA A\\u015eIRI YA\\u011eI\\u015eLARDAN DOLAYI HEYELAN MEYDANA GELD\\u0130. (SELAM\\u0130 DEN\\u0130Z\\\/S\\u0130\\u0130RT-\\u0130HA)&quot;,&quot;created_timestamp&quot;:&quot;0&quot;,&quot;copyright&quot;:&quot;\\u0130HLAS HABER AJANSI, www.iha.com.tr&quot;,&quot;focal_length&quot;:&quot;0&quot;,&quot;iso&quot;:&quot;0&quot;,&quot;shutter_speed&quot;:&quot;0&quot;,&quot;title&quot;:&quot;S\\u0130\\u0130RT\\u2019TE K\\u00d6Y YOLUNDA HEYELAN&quot;,&quot;orientation&quot;:&quot;0&quot;}\" data-image-title=\"Siirt\u2019te k\u00f6y yolunda heyelan\" data-image-description=\"&lt;p&gt;Siirt\u2019te k\u00f6y yolunda heyelan&lt;\/p&gt; \" data-medium-file=\"https:\/\/i0.wp.com\/www.tvturk.com\/wp-content\/uploads\/2019\/02\/siirtte-koy-yolunda-heyelan_3cb38f0.jpg?fit=300%2C156\" data-large-file=\"https:\/\/i0.wp.com\/www.tvturk.com\/wp-content\/uploads\/2019\/02\/siirtte-koy-yolunda-heyelan_3cb38f0.jpg?fit=1000%2C520\" src=\"https:\/\/i0.wp.com\/www.tvturk.com\/wp-content\/uploads\/2019\/02\/siirtte-koy-yolunda-heyelan_3cb38f0.jpg?w=201&#038;h=104\" srcset=\"https:\/\/i0.wp.com\/www.tvturk.com\/wp-content\/uploads\/2019\/02\/siirtte-koy-yolunda-heyelan_3cb38f0.jpg?w=1000 1000w, https:\/\/i0.wp.com\/www.tvturk.com\/wp-content\/uploads\/2019\/02\/siirtte-koy-yolunda-heyelan_3cb38f0.jpg?resize=150%2C78 150w, https:\/\/i0.wp.com\/www.tvturk.com\/wp-content\/uploads\/2019\/02\/siirtte-koy-yolunda-heyelan_3cb38f0.jpg?resize=300%2C156 300w, https:\/\/i0.wp.com\/www.tvturk.com\/wp-content\/uploads\/2019\/02\/siirtte-koy-yolunda-heyelan_3cb38f0.jpg?resize=768%2C399 768w, https:\/\/i0.wp.com\/www.tvturk.com\/wp-content\/uploads\/2019\/02\/siirtte-koy-yolunda-heyelan_3cb38f0.jpg?resize=780%2C400 780w\" width=\"201\" height=\"104\" loading=\"lazy\" data-original-width=\"201\" data-original-height=\"104\" itemprop=\"http:\/\/schema.org\/image\" title=\"Siirt\u2019te k\u00f6y yolunda heyelan\" alt=\"Siirt\u2019te k\u00f6y yolunda heyelan\" style=\"width: 201px; height: 104px;\" \/> <\/a> <\/div> <\/div> <!-- close group --> <\/div> <!-- close row --> <\/div><\/p>\n","protected":false},"excerpt":{"rendered":"<p>S\u0130\u0130RT\u2019\u0130N \u015e\u0130RVAN \u0130L\u00c7ES\u0130NE BA\u011eLI BARDACIK K\u00d6Y YOLUNDA A\u015eIRI YA\u011eI\u015eLARDAN DOLAYI HEYELAN MEYDANA GELD\u0130.<\/p>\n","protected":false},"author":1,"featured_media":24386,"comment_status":"closed","ping_status":"open","sticky":false,"template":"","format":"standard","meta":{"jetpack_post_was_ever_published":false,"_jetpack_newsletter_access":"","_jetpack_dont_email_post_to_subs":false,"_jetpack_newsletter_tier_id":0,"_jetpack_memberships_contains_paywalled_content":false,"_jetpack_memberships_contains_paid_content":false,"footnotes":"","jetpack_publicize_message":"","jetpack_publicize_feature_enabled":true,"jetpack_social_post_already_shared":false,"jetpack_social_options":{"image_generator_settings":{"template":"highway","default_image_id":0,"font":"","enabled":false},"version":2}},"categories":[655],"tags":[8768,1703,890,1464],"class_list":["post-24385","post","type-post","status-publish","format-standard","has-post-thumbnail","hentry","category-son-dakika","tag-heyelan","tag-koy","tag-siirtte","tag-yolunda"],"jetpack_publicize_connections":[],"jetpack_featured_media_url":"https:\/\/i0.wp.com\/www.tvturk.com\/wp-content\/uploads\/2019\/02\/siirtte-koy-yolunda-heyelan_284b743.jpg?fit=1000%2C750","jetpack_sharing_enabled":true,"jetpack_shortlink":"https:\/\/wp.me\/paKIfm-6lj","_links":{"self":[{"href":"http:\/\/www.tvturk.com\/index.php\/wp-json\/wp\/v2\/posts\/24385","targetHints":{"allow":["GET"]}}],"collection":[{"href":"http:\/\/www.tvturk.com\/index.php\/wp-json\/wp\/v2\/posts"}],"about":[{"href":"http:\/\/www.tvturk.com\/index.php\/wp-json\/wp\/v2\/types\/post"}],"author":[{"embeddable":true,"href":"http:\/\/www.tvturk.com\/index.php\/wp-json\/wp\/v2\/users\/1"}],"replies":[{"embeddable":true,"href":"http:\/\/www.tvturk.com\/index.php\/wp-json\/wp\/v2\/comments?post=24385"}],"version-history":[{"count":1,"href":"http:\/\/www.tvturk.com\/index.php\/wp-json\/wp\/v2\/posts\/24385\/revisions"}],"predecessor-version":[{"id":24390,"href":"http:\/\/www.tvturk.com\/index.php\/wp-json\/wp\/v2\/posts\/24385\/revisions\/24390"}],"wp:featuredmedia":[{"embeddable":true,"href":"http:\/\/www.tvturk.com\/index.php\/wp-json\/wp\/v2\/media\/24386"}],"wp:attachment":[{"href":"http:\/\/www.tvturk.com\/index.php\/wp-json\/wp\/v2\/media?parent=24385"}],"wp:term":[{"taxonomy":"category","embeddable":true,"href":"http:\/\/www.tvturk.com\/index.php\/wp-json\/wp\/v2\/categories?post=24385"},{"taxonomy":"post_tag","embeddable":true,"href":"http:\/\/www.tvturk.com\/index.php\/wp-json\/wp\/v2\/tags?post=24385"}],"curies":[{"name":"wp","href":"https:\/\/api.w.org\/{rel}","templated":true}]}}