{"id":243852,"date":"2019-12-18T14:17:04","date_gmt":"2019-12-18T11:17:04","guid":{"rendered":"http:\/\/www.tvturk.com\/index.php\/80lik-cift-yildirim-nikahi-ile-evlendi\/"},"modified":"2019-12-18T14:17:04","modified_gmt":"2019-12-18T11:17:04","slug":"80lik-cift-yildirim-nikahi-ile-evlendi","status":"publish","type":"post","link":"http:\/\/www.tvturk.com\/index.php\/80lik-cift-yildirim-nikahi-ile-evlendi\/","title":{"rendered":"80\u2019lik \u00e7ift y\u0131ld\u0131r\u0131m nikah\u0131 ile evlendi"},"content":{"rendered":"<p>Giresun\u2019un Duro\u011flu Beldesinde ya\u015fayan Emin Kaya (88) \u00e7ocukluk a\u015fk\u0131 \u015e\u00fckriye \u00d6z (82) ile k\u0131y\u0131lan y\u0131ld\u0131r\u0131m nikah\u0131 ile d\u00fcnya evine girdi.<\/p>\n<p>Emin dede ile \u015e\u00fckriye ninenin hikayeleri 65 y\u0131l \u00f6ncesine dayan\u0131yor.<\/p>\n<p>1954 y\u0131l\u0131nda dini nikah ile evlenen Emin dede ve \u015e\u00fckriye nine 30 y\u0131l evli kald\u0131ktan sonra ayr\u0131ld\u0131lar. Ayr\u0131l\u0131\u011f\u0131n ard\u0131ndan \u015e\u00fckriye nine bir daha evlenmezken Emin dede ise 3 evlilik daha ya\u015fad\u0131. Yapt\u0131\u011f\u0131 son evlili\u011findeki e\u015finden de ayr\u0131lan Emin dede bir s\u00fcre yaln\u0131z kald\u0131ktan sonra \u015e\u00fckriye ninenin kaps\u0131n\u0131 \u00e7alarak yeniden kendisiyle evlenmek istedi\u011fini s\u00f6yledi. Emin dedenin teklifini hi\u00e7 d\u00fc\u015f\u00fcnmeden kabul eden \u015e\u00fckriye nine ise tek \u015fart olarak ise resmi nikah istedi.<\/p>\n<p>Emin dede e\u015f aday\u0131 \u015e\u00fckriye nine ile birlikte Duro\u011flu Belediyesi\u2019ne nikah i\u00e7in ba\u015fvurdu, gerekli i\u015flemler yap\u0131ld\u0131ktan sonra ya\u015fl\u0131 \u00e7iftin nikah\u0131 bug\u00fcn Belediye Ba\u015fkan\u0131 Halil \u00c7etin taraf\u0131ndan k\u0131y\u0131ld\u0131.<\/p>\n<p>Nikah\u0131n 9 ayl\u0131k Belediye Ba\u015fkanl\u0131\u011f\u0131 i\u00e7inde k\u0131yd\u0131\u011f\u0131 nikahlardan en \u00f6nemlisi ve en ilginci oldu\u011funu belirten Halil \u00c7etin, \u201cEmin amca ve \u015e\u00fckriye nine y\u00f6remizin insan\u0131 ve her ikisini de yakinen tan\u0131yoruz. Bunlar bize gelerek evlenmek istedikleri beyan ettiler.  \u0130lk \u00f6nce \u015fa\u015f\u0131rd\u0131k \u00e7\u00fcnk\u00fc aradan y\u0131lar ge\u00e7mi\u015f biri 88 ya\u015f\u0131nda di\u011feri 82 ya\u015f\u0131nda ama biz g\u00f6revimizi yapt\u0131k inceledik her ikisi ile g\u00f6r\u00fc\u015ft\u00fcm ve \u2018ger\u00e7ekten evlenmek istiyor musunuz?\u2019  diye sordum ve \u2019evet\u2019 dediler. Uzun bir ayr\u0131l\u0131\u011f\u0131n ard\u0131ndan yeniden evlenmek istediler. Biz sa\u011fl\u0131k raporlar\u0131n\u0131 istedik getirdiler, bizce de evlenmelerinde engel bulamad\u0131k ve nikahlar\u0131n\u0131 k\u0131yd\u0131k\u201d dedi.<\/p>\n<p>82\u2019lik gelin \u015e\u00fckriye \u00d6z yeniden nikah masas\u0131na oturdu\u011fu Emin Kaya\u2019y\u0131 \u00e7ok sevdi\u011fini belirterek \u201cBenden ayr\u0131ld\u0131ktan sonra kendim ev yapt\u0131m orada ya\u015fad\u0131m. Sonras\u0131nda ise geldi yan\u0131ma benimle evlenmek istedi\u011fini s\u00f6yledi. \u015eimdi resmi nikah k\u0131yaca\u011f\u0131z ve hi\u00e7 ayr\u0131lmayaca\u011f\u0131z\u201c ifadelerini kulland\u0131.<\/p>\n<p>\u0130\u015flemlerin ard\u0131ndan nikah\u0131 k\u0131yan Belediye Ba\u015fkan\u0131 Halil \u00c7etin, evlilik c\u00fczdan\u0131n\u0131 \u015e\u00fckriye nineye vererek, \u2018Allah bir yast\u0131kta kocats\u0131n\u2019 demesi g\u00fcl\u00fc\u015fmelere neden oldu. Nikah\u0131n ard\u0131ndan el ele tutu\u015fan ya\u015fl\u0131 \u00e7ift belediyeden \u00e7\u0131karak evlerinin yolunu tuttu.<\/p>\n","protected":false},"excerpt":{"rendered":"<p>G\u0130RESUN\u2019UN DURO\u011eLU BELDES\u0130NDE YA\u015eAYAN EM\u0130N KAYA (88) \u00c7OCUKLUK A\u015eKI \u015e\u00dcKR\u0130YE \u00d6Z (82) \u0130LE KIYILAN YILDIRIM N\u0130KAHI \u0130LE D\u00dcNYA EV\u0130NE G\u0130RD\u0130.<\/p>\n","protected":false},"author":1,"featured_media":243853,"comment_status":"closed","ping_status":"open","sticky":false,"template":"","format":"standard","meta":{"jetpack_post_was_ever_published":false,"_jetpack_newsletter_access":"","_jetpack_dont_email_post_to_subs":false,"_jetpack_newsletter_tier_id":0,"_jetpack_memberships_contains_paywalled_content":false,"_jetpack_memberships_contains_paid_content":false,"footnotes":"","jetpack_publicize_message":"","jetpack_publicize_feature_enabled":true,"jetpack_social_post_already_shared":true,"jetpack_social_options":{"image_generator_settings":{"template":"highway","default_image_id":0,"font":"","enabled":false},"version":2}},"categories":[1],"tags":[14857,28883,5552,192,46720,376],"class_list":["post-243852","post","type-post","status-publish","format-standard","has-post-thumbnail","hentry","category-genel","tag-evlendi","tag-80lik","tag-cift","tag-ile","tag-nikahi","tag-yildirim"],"jetpack_publicize_connections":[],"jetpack_featured_media_url":"https:\/\/i0.wp.com\/www.tvturk.com\/wp-content\/uploads\/2019\/12\/80lik-cift-yildirim-nikahi-ile-evlendi_2bf907a.jpg?fit=1000%2C665","jetpack_sharing_enabled":true,"jetpack_shortlink":"https:\/\/wp.me\/paKIfm-11r6","_links":{"self":[{"href":"http:\/\/www.tvturk.com\/index.php\/wp-json\/wp\/v2\/posts\/243852","targetHints":{"allow":["GET"]}}],"collection":[{"href":"http:\/\/www.tvturk.com\/index.php\/wp-json\/wp\/v2\/posts"}],"about":[{"href":"http:\/\/www.tvturk.com\/index.php\/wp-json\/wp\/v2\/types\/post"}],"author":[{"embeddable":true,"href":"http:\/\/www.tvturk.com\/index.php\/wp-json\/wp\/v2\/users\/1"}],"replies":[{"embeddable":true,"href":"http:\/\/www.tvturk.com\/index.php\/wp-json\/wp\/v2\/comments?post=243852"}],"version-history":[{"count":0,"href":"http:\/\/www.tvturk.com\/index.php\/wp-json\/wp\/v2\/posts\/243852\/revisions"}],"wp:featuredmedia":[{"embeddable":true,"href":"http:\/\/www.tvturk.com\/index.php\/wp-json\/wp\/v2\/media\/243853"}],"wp:attachment":[{"href":"http:\/\/www.tvturk.com\/index.php\/wp-json\/wp\/v2\/media?parent=243852"}],"wp:term":[{"taxonomy":"category","embeddable":true,"href":"http:\/\/www.tvturk.com\/index.php\/wp-json\/wp\/v2\/categories?post=243852"},{"taxonomy":"post_tag","embeddable":true,"href":"http:\/\/www.tvturk.com\/index.php\/wp-json\/wp\/v2\/tags?post=243852"}],"curies":[{"name":"wp","href":"https:\/\/api.w.org\/{rel}","templated":true}]}}