{"id":243896,"date":"2019-12-18T15:18:48","date_gmt":"2019-12-18T12:18:48","guid":{"rendered":"http:\/\/www.tvturk.com\/index.php\/denizlispor-altinordu-macinin-hazirliklarini-tamamladi\/"},"modified":"2019-12-18T15:18:48","modified_gmt":"2019-12-18T12:18:48","slug":"denizlispor-altinordu-macinin-hazirliklarini-tamamladi","status":"publish","type":"post","link":"http:\/\/www.tvturk.com\/index.php\/denizlispor-altinordu-macinin-hazirliklarini-tamamladi\/","title":{"rendered":"Denizlispor &#8211; Alt\u0131nordu ma\u00e7\u0131n\u0131n haz\u0131rl\u0131klar\u0131n\u0131 tamamlad\u0131"},"content":{"rendered":"<p>Ziraat T\u00fcrkiye Kupas\u0131 5. Tur r\u00f6van\u015f ma\u00e7\u0131nda yar\u0131n Alt\u0131nordu ile kar\u015f\u0131la\u015facak olan Denizlispor, bug\u00fcn yap\u0131lan antrenman ile haz\u0131rl\u0131klar\u0131n\u0131 tamamlad\u0131.<\/p>\n<p>Denizlispor, Alt\u0131nordu ile oynayacak oldu\u011fu Ziraat T\u00fcrkiye Kupas\u0131 5. Tur r\u00f6van\u015f ma\u00e7\u0131 i\u00e7in haz\u0131rl\u0131klar\u0131n\u0131 bug\u00fcn, Teknik Direkt\u00f6r Mehmet \u00d6zdilek g\u00f6zetiminde Haluk Ulusoy Tesisleri\u2019nde ge\u00e7ekle\u015ftirilen antrenmanla tamamlad\u0131. Kupa ma\u00e7\u0131 kadrosunda yer alan oyuncular antrenmana kat\u0131l\u0131rken, kadroda bulunmayan di\u011fer oyuncular ise izin kulland\u0131. Antrenman \u0131s\u0131nma hareketleri ile ba\u015flay\u0131p, top kapma \u00e7al\u0131\u015fmas\u0131 ile sona erdi. Kupa ma\u00e7\u0131 \u00f6ncesinde tak\u0131nda eksik futbolcu bulunmazken, Trabzonspor ma\u00e7\u0131nda sakatl\u0131k ge\u00e7iren Zakarya Bergdich\u2019in durumu hastanedeki tedavisinin ard\u0131ndan belli olacak.<\/p>\n<p>Denizli Atat\u00fcrk Stad\u0131\u2019nda oynanacak olan kar\u015f\u0131la\u015fma 14.30\u2019da ba\u015flayacak. Kar\u015f\u0131la\u015fmay\u0131 Bursa B\u00f6lge Hakemi olan Cihan Ayd\u0131n y\u00f6netecek. Ma\u00e7ta yard\u0131mc\u0131 hakem olarak ise Ata Y\u0131ld\u0131r\u0131m ve Hakan Karabalc\u0131k g\u00f6rev yapacak.<\/p>\n<p>Denizlispor &#8211; Alt\u0131nordu ma\u00e7\u0131nda Atat\u00fcrk Stad\u0131 kale arkas\u0131 trib\u00fcnlerinin kapal\u0131 olaca\u011f\u0131 belirtildi. Kombine biletleri ise ge\u00e7ersiz olacak. Bilet fiyatlar\u0131 ise \u015f\u00f6yle:<\/p>\n<p>Kapal\u0131 Trib\u00fcn 20 TL<\/p>\n<p>Maraton 10 TL<\/p>\n","protected":false},"excerpt":{"rendered":"<p>Z\u0130RAAT T\u00dcRK\u0130YE KUPASI 5. TUR R\u00d6VAN\u015e MA\u00c7INDA YARIN ALTINORDU \u0130LE KAR\u015eILA\u015eACAK OLAN DEN\u0130ZL\u0130SPOR, BUG\u00dcN YAPILAN ANTRENMAN \u00c7ALI\u015eMALARI \u0130LE HAZIRLIKLARINI TAMAMLADI.<\/p>\n","protected":false},"author":1,"featured_media":243897,"comment_status":"closed","ping_status":"open","sticky":false,"template":"","format":"standard","meta":{"jetpack_post_was_ever_published":false,"_jetpack_newsletter_access":"","_jetpack_dont_email_post_to_subs":false,"_jetpack_newsletter_tier_id":0,"_jetpack_memberships_contains_paywalled_content":false,"_jetpack_memberships_contains_paid_content":false,"footnotes":"","jetpack_publicize_message":"","jetpack_publicize_feature_enabled":true,"jetpack_social_post_already_shared":true,"jetpack_social_options":{"image_generator_settings":{"template":"highway","default_image_id":0,"font":"","enabled":false},"version":2}},"categories":[657],"tags":[4324,6694,2628,3468,637],"class_list":["post-243896","post","type-post","status-publish","format-standard","has-post-thumbnail","hentry","category-spor","tag-altinordu","tag-denizlispor","tag-hazirliklarini","tag-macinin","tag-tamamladi"],"jetpack_publicize_connections":[],"jetpack_featured_media_url":"https:\/\/i0.wp.com\/www.tvturk.com\/wp-content\/uploads\/2019\/12\/denizlispor-altinordu-macinin-hazirliklarini-tamamladi_b2a746e.jpg?fit=1000%2C667","jetpack_sharing_enabled":true,"jetpack_shortlink":"https:\/\/wp.me\/paKIfm-11rO","_links":{"self":[{"href":"http:\/\/www.tvturk.com\/index.php\/wp-json\/wp\/v2\/posts\/243896","targetHints":{"allow":["GET"]}}],"collection":[{"href":"http:\/\/www.tvturk.com\/index.php\/wp-json\/wp\/v2\/posts"}],"about":[{"href":"http:\/\/www.tvturk.com\/index.php\/wp-json\/wp\/v2\/types\/post"}],"author":[{"embeddable":true,"href":"http:\/\/www.tvturk.com\/index.php\/wp-json\/wp\/v2\/users\/1"}],"replies":[{"embeddable":true,"href":"http:\/\/www.tvturk.com\/index.php\/wp-json\/wp\/v2\/comments?post=243896"}],"version-history":[{"count":0,"href":"http:\/\/www.tvturk.com\/index.php\/wp-json\/wp\/v2\/posts\/243896\/revisions"}],"wp:featuredmedia":[{"embeddable":true,"href":"http:\/\/www.tvturk.com\/index.php\/wp-json\/wp\/v2\/media\/243897"}],"wp:attachment":[{"href":"http:\/\/www.tvturk.com\/index.php\/wp-json\/wp\/v2\/media?parent=243896"}],"wp:term":[{"taxonomy":"category","embeddable":true,"href":"http:\/\/www.tvturk.com\/index.php\/wp-json\/wp\/v2\/categories?post=243896"},{"taxonomy":"post_tag","embeddable":true,"href":"http:\/\/www.tvturk.com\/index.php\/wp-json\/wp\/v2\/tags?post=243896"}],"curies":[{"name":"wp","href":"https:\/\/api.w.org\/{rel}","templated":true}]}}