{"id":244031,"date":"2019-12-18T21:33:09","date_gmt":"2019-12-18T18:33:09","guid":{"rendered":"http:\/\/www.tvturk.com\/index.php\/ziraat-turkiye-kupasi-istanbulspor-0-fenerbahce-0-mac-devam-ediyor\/"},"modified":"2019-12-18T21:33:09","modified_gmt":"2019-12-18T18:33:09","slug":"ziraat-turkiye-kupasi-istanbulspor-0-fenerbahce-0-mac-devam-ediyor","status":"publish","type":"post","link":"http:\/\/www.tvturk.com\/index.php\/ziraat-turkiye-kupasi-istanbulspor-0-fenerbahce-0-mac-devam-ediyor\/","title":{"rendered":"Ziraat T\u00fcrkiye Kupas\u0131: \u0130stanbulspor: 0 &#8211; Fenerbah\u00e7e: 0 (Ma\u00e7 devam ediyor)"},"content":{"rendered":"<p>Ziraat T\u00fcrkiye Kupas\u0131 5. tur r\u00f6van\u015f ma\u00e7\u0131nda \u0130stanbulspor, Fenerbah\u00e7e\u2019yi a\u011f\u0131rl\u0131yor. M\u00fccadelede 25 dakika geride kal\u0131rken gols\u00fcz e\u015fitlik s\u00fcr\u00fcyor.<\/p>\n","protected":false},"excerpt":{"rendered":"<p>Z\u0130RAAT T\u00dcRK\u0130YE KUPASI 5. TUR R\u00d6VAN\u015e MA\u00c7INDA \u0130STANBULSPOR, FENERBAH\u00c7E&#8217;Y\u0130 A\u011eIRLIYOR. M\u00dcCADELEDE 25 DAK\u0130KA GER\u0130DE KALIRKEN GOLS\u00dcZ E\u015e\u0130TL\u0130K S\u00dcR\u00dcYOR.<\/p>\n","protected":false},"author":1,"featured_media":244032,"comment_status":"closed","ping_status":"open","sticky":false,"template":"","format":"standard","meta":{"jetpack_post_was_ever_published":false,"_jetpack_newsletter_access":"","_jetpack_dont_email_post_to_subs":false,"_jetpack_newsletter_tier_id":0,"_jetpack_memberships_contains_paywalled_content":false,"_jetpack_memberships_contains_paid_content":false,"footnotes":"","jetpack_publicize_message":"","jetpack_publicize_feature_enabled":true,"jetpack_social_post_already_shared":true,"jetpack_social_options":{"image_generator_settings":{"template":"highway","default_image_id":0,"font":"","enabled":false},"version":2}},"categories":[657],"tags":[944,522,523,2626,6242,915,453,166],"class_list":["post-244031","post","type-post","status-publish","format-standard","has-post-thumbnail","hentry","category-spor","tag-mac","tag-devam","tag-ediyor","tag-fenerbahce","tag-istanbulspor","tag-kupasi","tag-turkiye","tag-ziraat"],"jetpack_publicize_connections":[],"jetpack_featured_media_url":"https:\/\/i0.wp.com\/www.tvturk.com\/wp-content\/uploads\/2019\/12\/ziraat-turkiye-kupasi-istanbulspor-0-fenerbahce-0-mac-devam-ediyor_aaa88b4.jpg?fit=1000%2C630","jetpack_sharing_enabled":true,"jetpack_shortlink":"https:\/\/wp.me\/paKIfm-11tZ","_links":{"self":[{"href":"http:\/\/www.tvturk.com\/index.php\/wp-json\/wp\/v2\/posts\/244031","targetHints":{"allow":["GET"]}}],"collection":[{"href":"http:\/\/www.tvturk.com\/index.php\/wp-json\/wp\/v2\/posts"}],"about":[{"href":"http:\/\/www.tvturk.com\/index.php\/wp-json\/wp\/v2\/types\/post"}],"author":[{"embeddable":true,"href":"http:\/\/www.tvturk.com\/index.php\/wp-json\/wp\/v2\/users\/1"}],"replies":[{"embeddable":true,"href":"http:\/\/www.tvturk.com\/index.php\/wp-json\/wp\/v2\/comments?post=244031"}],"version-history":[{"count":0,"href":"http:\/\/www.tvturk.com\/index.php\/wp-json\/wp\/v2\/posts\/244031\/revisions"}],"wp:featuredmedia":[{"embeddable":true,"href":"http:\/\/www.tvturk.com\/index.php\/wp-json\/wp\/v2\/media\/244032"}],"wp:attachment":[{"href":"http:\/\/www.tvturk.com\/index.php\/wp-json\/wp\/v2\/media?parent=244031"}],"wp:term":[{"taxonomy":"category","embeddable":true,"href":"http:\/\/www.tvturk.com\/index.php\/wp-json\/wp\/v2\/categories?post=244031"},{"taxonomy":"post_tag","embeddable":true,"href":"http:\/\/www.tvturk.com\/index.php\/wp-json\/wp\/v2\/tags?post=244031"}],"curies":[{"name":"wp","href":"https:\/\/api.w.org\/{rel}","templated":true}]}}