{"id":244051,"date":"2019-12-19T09:16:12","date_gmt":"2019-12-19T06:16:12","guid":{"rendered":"http:\/\/www.tvturk.com\/index.php\/cumhurbaskani-erdogan-kuala-lumpur-zirvesi-acilis-torenine-katildi\/"},"modified":"2019-12-19T09:16:12","modified_gmt":"2019-12-19T06:16:12","slug":"cumhurbaskani-erdogan-kuala-lumpur-zirvesi-acilis-torenine-katildi","status":"publish","type":"post","link":"http:\/\/www.tvturk.com\/index.php\/cumhurbaskani-erdogan-kuala-lumpur-zirvesi-acilis-torenine-katildi\/","title":{"rendered":"Cumhurba\u015fkan\u0131 Erdo\u011fan, Kuala Lumpur Zirvesi a\u00e7\u0131l\u0131\u015f t\u00f6renine kat\u0131ld\u0131"},"content":{"rendered":"<p>Cumhurba\u015fkan\u0131 Recep Tayyip Erdo\u011fan, Malezya\u2019da d\u00fczenlenen Kuala Lumpur Zirvesi a\u00e7\u0131l\u0131\u015f t\u00f6renine kat\u0131ld\u0131.<\/p>\n<p>Cumhurba\u015fkan\u0131 Recep Tayyip Erdo\u011fan, Malezya\u2019da Kuala Lumpur Konferans Merkezi\u2019nde ger\u00e7ekle\u015ftirilen Kuala Lumpur Zirvesi a\u00e7\u0131l\u0131\u015f t\u00f6renine kat\u0131ld\u0131. Cumhurba\u015fkan\u0131 Erdo\u011fan ve e\u015fi Emine Erdo\u011fan, t\u00f6ren \u00f6ncesinde lider ve e\u015fleriyle aile foto\u011fraf\u0131 \u00e7ekimine kat\u0131ld\u0131.<\/p>\n","protected":false},"excerpt":{"rendered":"<p>CUMHURBA\u015eKANI RECEP TAYY\u0130P ERDO\u011eAN, MALEZYA\u2019DA D\u00dcZENLENEN KUALA LUMPUR Z\u0130RVES\u0130N\u0130N A\u00c7ILI\u015e T\u00d6REN\u0130NE KATILDI.<\/p>\n","protected":false},"author":1,"featured_media":244052,"comment_status":"closed","ping_status":"open","sticky":false,"template":"","format":"standard","meta":{"jetpack_post_was_ever_published":false,"_jetpack_newsletter_access":"","_jetpack_dont_email_post_to_subs":false,"_jetpack_newsletter_tier_id":0,"_jetpack_memberships_contains_paywalled_content":false,"_jetpack_memberships_contains_paid_content":false,"footnotes":"","jetpack_publicize_message":"","jetpack_publicize_feature_enabled":true,"jetpack_social_post_already_shared":true,"jetpack_social_options":{"image_generator_settings":{"template":"highway","default_image_id":0,"font":"","enabled":false},"version":2}},"categories":[10],"tags":[1350,503,649,1757,60833,60834,6096,411],"class_list":["post-244051","post","type-post","status-publish","format-standard","has-post-thumbnail","hentry","category-dunya","tag-acilis","tag-cumhurbaskani","tag-erdogan","tag-katildi","tag-kuala","tag-lumpur","tag-torenine","tag-zirvesi"],"jetpack_publicize_connections":[],"jetpack_featured_media_url":"https:\/\/i0.wp.com\/www.tvturk.com\/wp-content\/uploads\/2019\/12\/cumhurbaskani-erdogan-kuala-lumpur-zirvesi-acilis-torenine-katildi_633c579.jpg?fit=1000%2C666","jetpack_sharing_enabled":true,"jetpack_shortlink":"https:\/\/wp.me\/paKIfm-11uj","_links":{"self":[{"href":"http:\/\/www.tvturk.com\/index.php\/wp-json\/wp\/v2\/posts\/244051","targetHints":{"allow":["GET"]}}],"collection":[{"href":"http:\/\/www.tvturk.com\/index.php\/wp-json\/wp\/v2\/posts"}],"about":[{"href":"http:\/\/www.tvturk.com\/index.php\/wp-json\/wp\/v2\/types\/post"}],"author":[{"embeddable":true,"href":"http:\/\/www.tvturk.com\/index.php\/wp-json\/wp\/v2\/users\/1"}],"replies":[{"embeddable":true,"href":"http:\/\/www.tvturk.com\/index.php\/wp-json\/wp\/v2\/comments?post=244051"}],"version-history":[{"count":0,"href":"http:\/\/www.tvturk.com\/index.php\/wp-json\/wp\/v2\/posts\/244051\/revisions"}],"wp:featuredmedia":[{"embeddable":true,"href":"http:\/\/www.tvturk.com\/index.php\/wp-json\/wp\/v2\/media\/244052"}],"wp:attachment":[{"href":"http:\/\/www.tvturk.com\/index.php\/wp-json\/wp\/v2\/media?parent=244051"}],"wp:term":[{"taxonomy":"category","embeddable":true,"href":"http:\/\/www.tvturk.com\/index.php\/wp-json\/wp\/v2\/categories?post=244051"},{"taxonomy":"post_tag","embeddable":true,"href":"http:\/\/www.tvturk.com\/index.php\/wp-json\/wp\/v2\/tags?post=244051"}],"curies":[{"name":"wp","href":"https:\/\/api.w.org\/{rel}","templated":true}]}}