{"id":244105,"date":"2019-12-19T11:01:50","date_gmt":"2019-12-19T08:01:50","guid":{"rendered":"http:\/\/www.tvturk.com\/index.php\/cumhurbaskani-erdogan-onlar-uzerimize-geldikce-biz-daha-gur-bir-sesle-dunya-5ten-buyuktur-diyoruz\/"},"modified":"2019-12-19T11:01:50","modified_gmt":"2019-12-19T08:01:50","slug":"cumhurbaskani-erdogan-onlar-uzerimize-geldikce-biz-daha-gur-bir-sesle-dunya-5ten-buyuktur-diyoruz","status":"publish","type":"post","link":"http:\/\/www.tvturk.com\/index.php\/cumhurbaskani-erdogan-onlar-uzerimize-geldikce-biz-daha-gur-bir-sesle-dunya-5ten-buyuktur-diyoruz\/","title":{"rendered":"Cumhurba\u015fkan\u0131 Erdo\u011fan: &#8220;Onlar \u00fczerimize geldik\u00e7e biz daha g\u00fcr bir sesle \u2019d\u00fcnya 5\u2019ten b\u00fcy\u00fckt\u00fcr\u2019 diyoruz&#8221;"},"content":{"rendered":"<p>Cumhurba\u015fkan\u0131 Recep Tayyip Tayyip Erdo\u011fan, &#8220;Onlar \u00fczerimize geldik\u00e7e biz daha g\u00fcr bir sesle \u2019d\u00fcnya 5\u2019ten b\u00fcy\u00fckt\u00fcr\u2019 diyoruz. Onlar bizi b\u00f6lmeye, par\u00e7alamaya \u00e7al\u0131\u015ft\u0131k\u00e7a karde\u015fli\u011fimize \u00e7ok daha s\u0131k\u0131 bir \u015fekilde sar\u0131l\u0131yoruz&#8221; dedi.<\/p>\n<p>Cumhurba\u015fkan\u0131 Recep Tayyip Tayyip Erdo\u011fan, Kuala Lumpur Konferans Merkezi\u2019nde ger\u00e7ekle\u015ftirilen Kuala Lumpur Zirvesi a\u00e7\u0131l\u0131\u015f oturumunda konu\u015fma yapt\u0131. Konu\u015fmas\u0131na kat\u0131l\u0131mc\u0131lar\u0131 selamlayarak ba\u015flayan Cumhurba\u015fkan\u0131 Erdo\u011fan, &#8220;Sizlere T\u00fcrkiye\u2019deki 82 milyon karde\u015finizin her birinin selam ve sevgilerini getirdim&#8221; dedi.<\/p>\n<p>Malezya\u2019n\u0131n \u00f6nc\u00fcl\u00fc\u011f\u00fcnde bu y\u0131l ilk kez liderler d\u00fczeyinde yap\u0131lan Kuala Lumpur Zirvesi vesilesi ile bir arada olmaktan duydu\u011fu heyecan\u0131 dile getiren Erdo\u011fan, daveti ve misafirperverli\u011fi i\u00e7in Malezya Ba\u015fbakan\u0131 Mahathir Muhammed\u2019e \u015f\u00fckranlar\u0131n\u0131 sundu.<\/p>\n<p>Cumhurba\u015fkan\u0131 Erdo\u011fan, &#8220;Buradaki her bir karde\u015fimin tecr\u00fcbesinin tespit ve ele\u015ftirilerinin \u015fahs\u0131m ve T\u00fcrkiye\u2019deki karde\u015fleriniz i\u00e7in \u00e7ok k\u0131ymetli oldu\u011funu belirtmek istiyorum. Kuala Lumpur Zirvesi\u2019nin aram\u0131zdaki dayan\u0131\u015fmay\u0131 g\u00fc\u00e7lendirerek \u00fcmmetin vahdetine katk\u0131 sa\u011flamas\u0131n\u0131 diliyorum&#8221; \u015feklinde konu\u015ftu.<\/p>\n<p>Bug\u00fcn, s\u00fcrd\u00fcr\u00fclebilir kalk\u0131nma, g\u00fcvenlik ve savunma, ticaret ve yat\u0131r\u0131m ile teknoloji ve internet ba\u015fl\u0131klar\u0131nda i\u015f birli\u011fi imkanlar\u0131n\u0131 de\u011ferlendireceklerine i\u015faret eden Erdo\u011fan, &#8220;\u0130slam d\u00fc\u015fmanl\u0131\u011f\u0131ndan ter\u00f6re, tefrikadan b\u00f6lgemizi kas\u0131p kavuran i\u00e7 kavgalara, mezhep ve etnik temelli \u00e7at\u0131\u015fmalara kadar bir\u00e7ok meselemizi \u00f6zg\u00fcrce konu\u015fma f\u0131rsat\u0131 bulaca\u011f\u0131z. 1,7 milyarl\u0131k n\u00fcfusuyla d\u00fcnya n\u00fcfusunun d\u00f6rtte birini olu\u015fturan M\u00fcsl\u00fcman d\u00fcnyan\u0131n durumunu, imkanlar\u0131n\u0131, kalk\u0131nma potansiyelini ve elbette bu potansiyelin harekete ge\u00e7mesine engel olan hususlar\u0131 da ele alaca\u011f\u0131z. Daha g\u00fc\u00e7l\u00fc, m\u00fcreffeh ve ekonomik a\u00e7\u0131dan ba\u011f\u0131ms\u0131z bir \u0130slam d\u00fcnyas\u0131 i\u00e7in fikirlerini bizimle payla\u015fan ve payla\u015facak olan her bir karde\u015fime \u015fimdiden \u015f\u00fckranlar\u0131m\u0131 sunuyorum&#8221; dedi.<\/p>\n<p>&#8220;\u0130slam d\u00fcnyas\u0131 g\u00fc\u00e7s\u00fcz de\u011fildir, zay\u0131f de\u011fildir, \u00e7aresiz asla de\u011fildir&#8221;<\/p>\n<p>&#8220;Tabi burada y\u00fcre\u011fim yand\u0131\u011f\u0131 i\u00e7in hemen her vesileyle alt\u0131n\u0131 \u00e7izdi\u011fim bir hususu tekrar vurgulamakta fayda g\u00f6r\u00fcyorum&#8221; ifadesini kullanan Erdo\u011fan, s\u00f6zlerini \u015f\u00f6yle s\u00fcrd\u00fcrd\u00fc:<\/p>\n<p>&#8220;\u0130slam d\u00fcnyas\u0131n\u0131 belli aral\u0131klarla ayn\u0131 \u00e7at\u0131 alt\u0131nda bulu\u015fturan platformlar\u0131n en b\u00fcy\u00fck s\u0131k\u0131nt\u0131s\u0131 uygulama eksikli\u011fidir. \u015eayet Filistin davas\u0131nda halen hi\u00e7bir mesafe alamam\u0131\u015fsak, kaynaklar\u0131m\u0131z\u0131n s\u00f6m\u00fcr\u00fclmesine mani olam\u0131yorsak, mezhep\u00e7ilik \u00fczerinden co\u011frafyam\u0131z\u0131n lime lime edilmesine \u2019dur\u2019 diyemiyorsak sebebi budur. Yoksa \u0130slam d\u00fcnyas\u0131 g\u00fc\u00e7s\u00fcz de\u011fildir, zay\u0131f de\u011fildir, \u00e7aresiz asla de\u011fildir. M\u00fcsl\u00fcmanlar\u0131n kaynak, n\u00fcfus ve co\u011frafi konum bak\u0131m\u0131ndan rakipleri ile aras\u0131nda hi\u00e7 bir fark yoktur. Hatta t\u00fcm bu alanlarda \u0130slam d\u00fcnyas\u0131 di\u011fer \u00fclkelere k\u0131yasla \u00e7ok daha iyi bir durumdad\u0131r. Allah\u2019\u0131n bizlere bah\u015fetti\u011fi onca imkana, petrole, n\u00fcfusa, do\u011fal kayna\u011fa ra\u011fmen hala M\u00fcsl\u00fcmanlar\u0131n \u00f6nemli b\u00f6l\u00fcm\u00fc a\u00e7l\u0131k, k\u0131tl\u0131k, fakirlik ve cehaletle bo\u011fu\u015fuyorsa hatay\u0131 \u00f6nce kendimizde aramam\u0131z gerekiyor. Kur\u2019an-\u0131 Kerim\u2019de bizlere onlarca defa akl\u0131m\u0131z\u0131 kullanmam\u0131z emrediliyor. Kendi hatalar\u0131m\u0131z i\u00e7in ba\u015fkalar\u0131n\u0131 su\u00e7lamak kolayc\u0131l\u0131k olacakt\u0131r. M\u00fcsl\u00fcmanlar son 2 as\u0131rda ne \u00e7ekmi\u015fse meseleleri ile y\u00fczle\u015fmek yerine kolayc\u0131l\u0131\u011fa ka\u00e7t\u0131klar\u0131 i\u00e7in \u00e7ekmi\u015ftir. Ald\u0131\u011f\u0131m\u0131z kararlar\u0131 icraata d\u00f6n\u00fc\u015ft\u00fcrebildi\u011fimiz \u00f6l\u00e7\u00fcde de\u011fi\u015fime de \u00f6nc\u00fcl\u00fck edece\u011fimize inan\u0131yorum.&#8221;<\/p>\n<p>Zirvenin bu a\u00e7\u0131dan da yeni bir \u00e7\u0131\u011f\u0131r a\u00e7mas\u0131n\u0131 diledi\u011fini vurgulayan Erdo\u011fan, &#8220;Asya, Avrupa ve Afrika\u2019n\u0131n merkezinde bir \u00fclke olarak co\u011frafyam\u0131zda ya\u015fanan hemen her hadiseden en fazla biz etkileniyoruz. Kom\u015fumuz Suriye\u2019deki sava\u015ftan, zul\u00fcmden ve ter\u00f6r \u00f6rg\u00fctlerinin bask\u0131s\u0131ndan ka\u00e7an 3 milyon 700 bin karde\u015fimize sahip \u00e7\u0131k\u0131yoruz. Suriye\u2019den gelenlerin yan\u0131 s\u0131ra Irak\u2019tan Afganistan\u2019a kadar y\u00fcz binlerce muhacire ensarl\u0131k yap\u0131yoruz&#8221; ifadelerini kulland\u0131.<\/p>\n<p>Zirveye, Birle\u015fmi\u015f Milletler \u00f6nc\u00fcl\u00fc\u011f\u00fcnde ilk kez d\u00fczenlenen K\u00fcresel M\u00fclteci Forumu\u2019ndan geldi\u011fini an\u0131msatan Cumhurba\u015fkan\u0131 Erdo\u011fan, &#8220;Cenevre\u2019deki toplant\u0131da hem Suriye\u2019de hem de b\u00f6lgemizde ya\u015fanan insani dramlara dikkat \u00e7ektim. \u00c7\u0131kar odakl\u0131 bak\u0131\u015f a\u00e7\u0131s\u0131 yerine insan\u0131 ve vicdan\u0131 merkeze alan bir anlay\u0131\u015fla k\u00fcresel sorunlara \u00e7\u00f6z\u00fcm bulunmas\u0131 gerekti\u011fini ifade ettim. Son y\u0131llarda kat\u0131ld\u0131\u011f\u0131m\u0131z veya sorumluluk \u00fcstlendi\u011fimiz t\u00fcm platformlarda insanlar\u0131n ve M\u00fcsl\u00fcmanlar\u0131n kar\u015f\u0131la\u015ft\u0131\u011f\u0131 s\u0131k\u0131nt\u0131lar\u0131 g\u00fcndeme ta\u015f\u0131yoruz&#8221; dedi.<\/p>\n<p>&#8220;\u0130slam aleminin kaderini 5 \u00fclkenin keyfine b\u0131rakan sistem art\u0131k \u00f6mr\u00fcn\u00fc tamamlam\u0131\u015ft\u0131r&#8221;<\/p>\n<p>D\u00fcnya sisteminin adalet ve hakkaniyet eksenli yeni bir yap\u0131lanmaya ihtiya\u00e7 duydu\u011funu s\u00f6ylediklerini an\u0131msatan Erdo\u011fan, \u015funlar\u0131 kaydetti:<\/p>\n<p>&#8220;2. D\u00fcnya Sava\u015f\u0131\u2019n\u0131n galipleri taraf\u0131ndan kendi \u00e7\u0131karlar\u0131n\u0131 korumak gayesi ile kurulan 1,7 milyarl\u0131k \u0130slam aleminin kaderini G\u00fcvenlik Konseyi Daimi \u00fcyesi 5 \u00fclkenin keyfine b\u0131rakan sistem art\u0131k \u00f6mr\u00fcn\u00fc tamamlam\u0131\u015ft\u0131r. \u0130slam \u00fclkelerini bir araya getiren \u0130slam \u0130\u015fbirli\u011fi Te\u015fkilat\u0131 gibi platformlar\u0131n da etkinli\u011fini art\u0131racak \u015fekilde g\u00fcncellenmesi \u015fartt\u0131r. 3 y\u0131l boyunca y\u00fcr\u00fctt\u00fc\u011f\u00fcm\u00fcz \u0130slam \u0130\u015fbirli\u011fi Te\u015fkilat\u0131 d\u00f6nem ba\u015fkanl\u0131\u011f\u0131m\u0131z s\u0131ras\u0131nda bu konulara \u00f6zel \u00f6nem verdik. Sadece konu\u015fmakla, sadece sorunlar\u0131m\u0131z\u0131 tespitle kalmad\u0131k, ald\u0131\u011f\u0131m\u0131z kararlar\u0131n bizzat takibini yaparak fiiliyata ge\u00e7mesi de sa\u011fland\u0131. \u0130srail y\u00f6netiminin hukuk tan\u0131maz tacizleri kar\u015f\u0131s\u0131nda Kud\u00fcs\u2019\u00fcn ve Filistin\u2019in onurunu korumak i\u00e7in m\u00fccadele ettik. T\u00fcrkistan\u2019dan Arakan\u2019a, Yemen\u2019den Libya\u2019ya, Suriye\u2019ye kadar her t\u00fcrl\u00fc hukuksuzlu\u011fa tepki g\u00f6sterdik.&#8221;<\/p>\n<p>Cumhurba\u015fkan\u0131 Erdo\u011fan, \u0130slam d\u00fcnyas\u0131n\u0131n potansiyelini harekete ge\u00e7irecek, ticareti art\u0131racak, ekonomik kalk\u0131nmay\u0131 h\u0131zland\u0131racak, teknoloji ve finans alan\u0131nda i\u015f birli\u011fini g\u00fc\u00e7lendirecek pek \u00e7ok proje y\u00fcr\u00fctt\u00fcklerini s\u00f6yledi. T\u00fcrkiye\u2019nin \u0130slam \u0130\u015fbirli\u011fi Te\u015fkilat\u0131 tarihinde ilk defa \u00fcst d\u00fczey Kamu ve \u00d6zel Sekt\u00f6r Yat\u0131r\u0131m Konferans\u0131 ile Sosyal Geli\u015fim Bakanlar\u0131 Konferans\u0131\u2019na ev sahipli\u011fi yapt\u0131klar\u0131n\u0131 an\u0131msatan Erdo\u011fan, \u015f\u00f6yle konu\u015ftu:<\/p>\n<p>&#8220;Ancak bu d\u00f6nemde \u0130slam d\u00fcnyas\u0131n\u0131n sessizli\u011finden, M\u00fcsl\u00fcmanlar\u0131n ataletinden, par\u00e7alanm\u0131\u015fl\u0131\u011f\u0131ndan beslenen \u00e7evreleri ise \u00e7ok ciddi rahats\u0131z ettik. \u00dclkemizi ter\u00f6rle sokak olaylar\u0131yla dize getirmeye \u00e7al\u0131\u015ft\u0131lar. Besleyip b\u00fcy\u00fckl\u00fckleri FET\u00d6\u2019c\u00fc ta\u015feronlar\u0131 ile bizi yolunuzdan vazge\u00e7irmek istediler. Uluslararas\u0131 medyadaki kiral\u0131k kalemleri ile \u00fclkemize ve \u015fahs\u0131ma iftira att\u0131lar. Ter\u00f6ristlere on binlerce t\u0131r ve u\u00e7ak dolusu silah vererek, \u00fclkemizi ter\u00f6r koridoruyla ku\u015fatmaya kalkt\u0131lar. \u0130\u00e7eride ve d\u0131\u015far\u0131da T\u00fcrkiye\u2019yi susturmak, sesini k\u0131smak i\u00e7in iftira, darbe, ekonomik ter\u00f6r dahil her t\u00fcrl\u00fc yolu denediler. Allah\u2019a hamdolsun bunlar\u0131n hi\u00e7birisine boyun e\u011fmedik. e\u011fmiyoruz, e\u011fmeyece\u011fiz.&#8221;<\/p>\n<p>Susturulmaya \u00e7al\u0131\u015f\u0131ld\u0131k\u00e7a \u0131srarla Filistin, Gazze, Arakan, Libya, Somali, Suriye dediklerini vurgulayan Erdo\u011fan, &#8220;Onlar \u00fczerimize geldik\u00e7e biz daha g\u00fcr bir sesle \u2019d\u00fcnya 5\u2019ten b\u00fcy\u00fckt\u00fcr\u2019 diyoruz. Onlar bizi b\u00f6lmeye, par\u00e7alamaya \u00e7al\u0131\u015ft\u0131k\u00e7a karde\u015fli\u011fimize \u00e7ok daha s\u0131k\u0131 bir \u015fekilde sar\u0131l\u0131yoruz. Ter\u00f6r\u00fc me\u015frula\u015ft\u0131rma \u00e7abalar\u0131na inat hi\u00e7bir ayr\u0131m yapmadan t\u00fcm ter\u00f6r \u00f6rg\u00fctleriyle m\u00fccadele ediyoruz. Nas\u0131l M\u00fcsl\u00fcman katili DEA\u015e\u2019l\u0131 canilere Suriye\u2019yi dar etmi\u015fsek, PKK\/YPG\u2019li ter\u00f6ristleri de tek tek i\u015fgal ettikleri yerlerden \u00e7\u0131kar\u0131yoruz.&#8221; ifadelerini kulland\u0131.<\/p>\n<p>Ekonomik ba\u011f\u0131ms\u0131zl\u0131\u011f\u0131 tahkim edecek, milli paralarla ticaret gibi stratejik projelere a\u011f\u0131rl\u0131k verdiklerine de i\u015faret eden Erdo\u011fan, &#8220;\u0130n\u015fallah bundan sonra da M\u00fcsl\u00fcmanlar karde\u015ftir inanc\u0131 ile m\u00fccadelemizi s\u00fcrd\u00fcrece\u011fiz.&#8221; dedi.<\/p>\n<p>&#8220;Potansiyelin \u00e7ok alt\u0131nda rakamlarla kar\u015f\u0131 kar\u015f\u0131yay\u0131z&#8221;<\/p>\n<p>Ticaretten siyasete, d\u0131\u015f politikadan savunma sanayi ve teknolojiye kadar hemen her alanda potansiyellerinin \u00e7ok alt\u0131nda rakamlarla kar\u015f\u0131 kar\u015f\u0131ya olduklar\u0131n\u0131 vurgulayan Erdo\u011fan, \u0130slam \u00fclkelerinin d\u00fcnya ekonomisindeki toplam pay\u0131n\u0131n y\u00fczde 10\u2019u dahi bulmad\u0131\u011f\u0131n\u0131 anlatt\u0131. En zengin \u0130slam \u00fclkesi ile en yoksulu aras\u0131ndaki gelir fark\u0131n\u0131n 200 kat\u0131 a\u015ft\u0131\u011f\u0131na dikkati \u00e7eken Erdo\u011fan, &#8220;\u0130slam \u00fclkeleri k\u00fcresel petrol rezervlerinin y\u00fczde 59\u2019una, do\u011fal gaz rezervlerinin ise y\u00fczde 58\u2019ine sahiptir. Ancak buna ra\u011fmen 350 milyon karde\u015fimiz a\u015f\u0131r\u0131 yoksulluk \u015fartlar\u0131nda hayatta kalma m\u00fccadelesi veriyor&#8221; ifadelerini kulland\u0131.<\/p>\n<p>D\u00fcnya n\u00fcfusunun d\u00f6rtte birini olu\u015fturan M\u00fcsl\u00fcmanlar\u0131n k\u00fcresel sa\u011fl\u0131k harcamalar\u0131ndaki pay\u0131n\u0131n sadece y\u00fczde 4 oldu\u011funu belirten Erdo\u011fan, d\u00fcnya genelinde okuryazarl\u0131k oran\u0131 y\u00fczde 82,5 iken bu oran\u0131n \u0130slam d\u00fcnyas\u0131nda y\u00fczde 70 civar\u0131nda seyretti\u011fini, \u0130slam \u00fclkeleri milli gelirlerinin yaln\u0131zca 3,7\u2019sini e\u011fitime ayr\u0131l\u0131rken di\u011fer \u00fclkelerin ortalama y\u00fczde 4,8\u2019ini tahsis etti\u011fini aktard\u0131.<\/p>\n<p>\u015eu an d\u00fcnya genelinde ya\u015fanan \u00e7at\u0131\u015fmalarda \u00f6lenlerin y\u00fczde 94\u2019\u00fcn\u00fc M\u00fcsl\u00fcmanlar\u0131n olu\u015fturdu\u011funu, halihaz\u0131rda d\u00fcnyada sat\u0131lan her 3 silahtan birinin Orta Do\u011fu\u2019ya gitti\u011fini ifade eden Erdo\u011fan, M\u00fcsl\u00fcmanlar\u0131n \u00e7o\u011fu zaman basit sebeplerle birbirine kur\u015fun s\u0131karken, kaynaklar\u0131n\u0131 e\u011fitim, sa\u011fl\u0131k, ara\u015ft\u0131rma-geli\u015ftirme yerine silahlanmaya ay\u0131rarak zenginle\u015fenlerin Bat\u0131l\u0131 silah t\u00fcccarlar\u0131 oldu\u011funu bildirdi. Cumhurba\u015fkan\u0131 Erdo\u011fan, \u015funlar\u0131 kaydetti:<\/p>\n<p>&#8220;Az \u00f6nce izledik yapay zekan\u0131n, kuantum bilgisayarlar\u0131n\u0131n, robotik teknolojilerin konu\u015fuldu\u011fu bir d\u00f6nemde ne yaz\u0131k ki biz enerjimizi i\u00e7 kavgalarla heba ediyoruz. Y\u00fcz milyonlarca M\u00fcsl\u00fcman\u0131n sorumlulu\u011funu ta\u015f\u0131yan liderler olarak hi\u00e7birimizin bu tablodan mutmain olmad\u0131\u011f\u0131n\u0131 biliyorum. Ancak biz her zorlukla beraber muhakkak bir kolayl\u0131\u011f\u0131n oldu\u011funu m\u00fcjdeleyen bir dinin mensuplar\u0131y\u0131z. Biz \u2019K\u0131yametin kopaca\u011f\u0131n\u0131 bilseniz bile elinizdeki fidan\u0131 dikin\u2019 buyuran Peygamberimiz Aleyhissalatu Vesselam\u2019\u0131n \u00fcmmetiyiz. \u00dcmitsizli\u011fe kap\u0131lmak, yeise d\u00fc\u015fmek, karamsar olmak bize yak\u0131\u015fmaz. \u015eartlar ne olursa olsun, ne kadar zor olursa olsun alemlerin Rabbi\u2019nden \u00fcmit kesilmez. Zira her kriz beraberinde mutlaka f\u0131rsatlar\u0131 da getirir. \u015eayet biz bir olursak, beraber olursak, karde\u015f olursak, ge\u00e7mi\u015f yerine gelece\u011fe odaklan\u0131rsak Allah\u2019\u0131n izniyle rahmet kap\u0131lar\u0131 \u00f6n\u00fcm\u00fczde a\u00e7\u0131lacakt\u0131r. Unutmayal\u0131m \u2019birlikte rahmet, ayr\u0131l\u0131kta azap vard\u0131r\u2019 emrine m\u00fctenasip \u015fekilde saflar\u0131m\u0131z\u0131 daha da s\u0131kla\u015ft\u0131rmal\u0131y\u0131z. S\u00fcrekli sorunlar\u0131 konu\u015fmak yerine bunlara deva olacak \u00e7\u00f6z\u00fcm \u00f6nerilerine yo\u011funla\u015fmal\u0131y\u0131z. Potansiyelimizi harekete ge\u00e7irecek, birbirimizin eksikli\u011fini giderecek projelere a\u011f\u0131rl\u0131k vermeliyiz.&#8221;<\/p>\n<p>Savunma, enerji, ileri teknoloji, finans ba\u015fta olmak \u00fczere stratejik \u00f6nemi haiz alanlarda i\u015f birli\u011fini daha da ilerletmeleri gerekti\u011fini belirten Erdo\u011fan, milli paralarla ticaretten yat\u0131r\u0131mlara, zekat m\u00fcessesesinin ihyas\u0131ndan israf\u0131n\u0131n \u00f6nlenmesine, \u00e7evreden e\u011fitime, sa\u011fl\u0131\u011fa, turizme kadar k\u0131sa s\u00fcre i\u00e7erisinde at\u0131labilecek pek \u00e7ok ad\u0131m oldu\u011funu s\u00f6yledi. Cumhurba\u015fkan\u0131 Erdo\u011fan, &#8220;\u0130n\u015fallah toplant\u0131m\u0131z\u0131n bundan sonraki b\u00f6l\u00fcm\u00fcnde bu konulardaki somut \u00f6nerilerimizi sizlerle payla\u015faca\u011f\u0131z. Rabbim bizleri Kur\u2019an-\u0131 Kerim\u2019in ayd\u0131nl\u0131\u011f\u0131ndan, Peygamber Efendimiz Aleyhissalatu Vesselam\u2019\u0131n kutlu yolundan ay\u0131rmas\u0131n diyorum&#8221; dedi.<\/p>\n<p>Cumhurba\u015fkan\u0131 Erdo\u011fan, toplant\u0131n\u0131n hay\u0131rlara vesile olmas\u0131n\u0131 dileyerek, ev sahipli\u011fi i\u00e7in Malezya Ba\u015fbakan\u0131 Mahathir Muhammed ve Malezya halk\u0131na te\u015fekk\u00fcr etti.<\/p>\n","protected":false},"excerpt":{"rendered":"<p>CUMHURBA\u015eKANI RECEP TAYY\u0130P TAYY\u0130P ERDO\u011eAN, &#8220;ONLAR \u00dcZER\u0130M\u0130ZE GELD\u0130K\u00c7E B\u0130Z DAHA G\u00dcR B\u0130R SESLE &#8216;D\u00dcNYA 5&#8217;TEN B\u00dcY\u00dcKT\u00dcR&#8217; D\u0130YORUZ. ONLAR B\u0130Z\u0130 B\u00d6LMEYE, PAR\u00c7ALAMAYA \u00c7ALI\u015eTIK\u00c7A KARDE\u015eL\u0130\u011e\u0130M\u0130ZE \u00c7OK DAHA SIKI B\u0130R \u015eEK\u0130LDE SARILIYORUZ&#8221; DED\u0130.<\/p>\n","protected":false},"author":1,"featured_media":244106,"comment_status":"closed","ping_status":"open","sticky":false,"template":"","format":"standard","meta":{"jetpack_post_was_ever_published":false,"_jetpack_newsletter_access":"","_jetpack_dont_email_post_to_subs":false,"_jetpack_newsletter_tier_id":0,"_jetpack_memberships_contains_paywalled_content":false,"_jetpack_memberships_contains_paid_content":false,"footnotes":"","jetpack_publicize_message":"","jetpack_publicize_feature_enabled":true,"jetpack_social_post_already_shared":true,"jetpack_social_options":{"image_generator_settings":{"template":"highway","default_image_id":0,"font":"","enabled":false},"version":2}},"categories":[10],"tags":[349,16152,26073,125,1322,57795,503,1018,40916,649,60846,20086,5749,60847],"class_list":["post-244105","post","type-post","status-publish","format-standard","has-post-thumbnail","hentry","category-dunya","tag-dunya","tag-uzerimize","tag-5ten","tag-bir","tag-biz","tag-buyuktur","tag-cumhurbaskani","tag-daha","tag-diyoruz","tag-erdogan","tag-geldikce","tag-gur","tag-onlar","tag-sesle"],"jetpack_publicize_connections":[],"jetpack_featured_media_url":"https:\/\/i0.wp.com\/www.tvturk.com\/wp-content\/uploads\/2019\/12\/cumhurbaskani-erdogan-onlar-uzerimize-geldikce-biz-daha-gur-bir-sesle-dunya-5ten-buyuktur-diyoruz_45a52bc.jpg?fit=680%2C489","jetpack_sharing_enabled":true,"jetpack_shortlink":"https:\/\/wp.me\/paKIfm-11vb","_links":{"self":[{"href":"http:\/\/www.tvturk.com\/index.php\/wp-json\/wp\/v2\/posts\/244105","targetHints":{"allow":["GET"]}}],"collection":[{"href":"http:\/\/www.tvturk.com\/index.php\/wp-json\/wp\/v2\/posts"}],"about":[{"href":"http:\/\/www.tvturk.com\/index.php\/wp-json\/wp\/v2\/types\/post"}],"author":[{"embeddable":true,"href":"http:\/\/www.tvturk.com\/index.php\/wp-json\/wp\/v2\/users\/1"}],"replies":[{"embeddable":true,"href":"http:\/\/www.tvturk.com\/index.php\/wp-json\/wp\/v2\/comments?post=244105"}],"version-history":[{"count":0,"href":"http:\/\/www.tvturk.com\/index.php\/wp-json\/wp\/v2\/posts\/244105\/revisions"}],"wp:featuredmedia":[{"embeddable":true,"href":"http:\/\/www.tvturk.com\/index.php\/wp-json\/wp\/v2\/media\/244106"}],"wp:attachment":[{"href":"http:\/\/www.tvturk.com\/index.php\/wp-json\/wp\/v2\/media?parent=244105"}],"wp:term":[{"taxonomy":"category","embeddable":true,"href":"http:\/\/www.tvturk.com\/index.php\/wp-json\/wp\/v2\/categories?post=244105"},{"taxonomy":"post_tag","embeddable":true,"href":"http:\/\/www.tvturk.com\/index.php\/wp-json\/wp\/v2\/tags?post=244105"}],"curies":[{"name":"wp","href":"https:\/\/api.w.org\/{rel}","templated":true}]}}