{"id":244177,"date":"2019-12-19T12:17:35","date_gmt":"2019-12-19T09:17:35","guid":{"rendered":"http:\/\/www.tvturk.com\/index.php\/mumsad-ambalajli-gidaya-guvenin\/"},"modified":"2019-12-19T12:17:35","modified_gmt":"2019-12-19T09:17:35","slug":"mumsad-ambalajli-gidaya-guvenin","status":"publish","type":"post","link":"http:\/\/www.tvturk.com\/index.php\/mumsad-ambalajli-gidaya-guvenin\/","title":{"rendered":"M\u00dcMSAD: &#8220;Ambalajl\u0131 g\u0131daya g\u00fcvenin&#8221;"},"content":{"rendered":"<p>Mutfak \u00dcr\u00fcnleri ve Margarin Sanayicileri Derne\u011fi (M\u00dcMSAD), toplum sa\u011fl\u0131\u011f\u0131n\u0131 ilgilendiren g\u0131da g\u00fcvenli\u011fi ile ilgili \u00f6nerilerde bulundu. Dernek olarak ana faaliyetlerinden birinin g\u0131dada bilgi kirlili\u011fi ile m\u00fccadele etmek oldu\u011funu s\u00f6yleyen M\u00dcMSAD Genel Koordinat\u00f6r\u00fc, G\u0131da M\u00fchendisi Ebru Akda\u011f, hem a\u00e7\u0131kta sat\u0131lan hem de merdiven alt\u0131 tabir edilen \u00fcr\u00fcnlere dikkat \u00e7ekerek, t\u00fcketicilere ambalajl\u0131 g\u0131dalar\u0131 tercih etmelerini ve mutlaka etiket okumalar\u0131n\u0131 \u00f6nerdi.<\/p>\n<p>G\u0131dada uzman olmayan ki\u015filerin spek\u00fclatif a\u00e7\u0131klamalar\u0131 ve sosyal medyadaki yo\u011fun bilgi kirlili\u011fi, t\u00fcketicilerin kafas\u0131nda g\u00fcvenilir g\u0131da ile ilgili soru i\u015faretleri olu\u015fturuyor. Mutfak \u00dcr\u00fcnleri ve Margarin Sanayicileri Derne\u011fi (M\u00dcMSAD) Genel Koordinat\u00f6r\u00fc, G\u0131da M\u00fchendisi Ebru Akda\u011f, dernek olarak bilimsel geli\u015fmeleri ve global sa\u011fl\u0131k trendlerini yak\u0131ndan takip ettiklerini belirterek, g\u0131da g\u00fcvenli\u011fine dair bilgi kirlili\u011fine kar\u015f\u0131 m\u00fccadele i\u00e7in \u00e7ok y\u00f6nl\u00fc \u00e7al\u0131\u015fmalar y\u00fcr\u00fctt\u00fcklerini belirtti.<\/p>\n<p>&#8220;Her \u015feyi bildi\u011fini iddia edeni de\u011fil, konunun uzman\u0131n\u0131 dinleyin&#8221;<\/p>\n<p>T\u00fcrkiye\u2019deki g\u0131da denetiminin bir\u00e7ok \u00fclkeye g\u00f6re \u00e7ok daha fazla oldu\u011funa ve \u00f6zellikle son y\u0131llarda denetimlerin daha da artt\u0131\u011f\u0131na i\u015faret eden Akda\u011f, &#8220;G\u0131da \u00e7ok geni\u015f ve her bile\u015feni uzmanl\u0131k gerektiren bir alan. G\u0131da m\u00fchendisi olmama ra\u011fmen uzmanl\u0131\u011f\u0131m d\u0131\u015f\u0131ndaki alanlarda konu\u015fmay\u0131 do\u011fru bulmam. \u00d6te yandan ben de bir t\u00fcketiciyim ve merak etti\u011fim konular\u0131, o alanda uzmanla\u015fm\u0131\u015f ki\u015filerden dinlerim. Dolay\u0131s\u0131yla her \u015feyi bildi\u011fini iddia edenleri de\u011fil, konunun uzman\u0131 olanlar\u0131n a\u00e7\u0131klamalar\u0131n\u0131 dikkate alman\u0131z\u0131 \u00f6neririm.&#8221; dedi.<\/p>\n<p>&#8220;A\u00e7\u0131kta sat\u0131lan \u00fcr\u00fcnlerden uzak durun&#8221;<\/p>\n<p>G\u00fcvenilir g\u0131dan\u0131n adresi marka bilinirli\u011fi olan ambalajl\u0131 g\u0131dalar oldu\u011funu kaydeden Akda\u011f, &#8220;\u00c7\u00fcnk\u00fc, bunlar\u0131n ilgili yasal d\u00fczenlemelere uygun, kalite y\u00f6netim sistemleri kapsam\u0131nda \u00fcretilmi\u015f ve denetim mekanizmas\u0131n\u0131n i\u00e7erisinde olan g\u0131dalard\u0131r. Buna kar\u015f\u0131l\u0131k a\u00e7\u0131kta sat\u0131lan ya da ambalajl\u0131 olmas\u0131na ra\u011fmen gereken kurallara uymayan, merdiven alt\u0131 tabir etti\u011fimiz bilinmeyen markalarla ortaya \u00e7\u0131kan g\u0131dalar risklidir. Bu nedenle denetim sistemi d\u0131\u015f\u0131nda olan ba\u015f\u0131bo\u015f a\u00e7\u0131kta sat\u0131lan \u00fcr\u00fcnlerden ve \u015f\u00fcphe edilecek kadar d\u00fc\u015f\u00fck fiyata sat\u0131lan bilmedi\u011finiz markal\u0131 g\u0131dalardan uzak durun.&#8221; diye konu\u015ftu.<\/p>\n<p>&#8220;Etiket okuyun, trans ya\u011f yoktur logosunu aray\u0131n&#8221;<\/p>\n<p>A\u00e7\u0131kta sat\u0131lan \u00fcr\u00fcnlerin aksine ambalajl\u0131 g\u0131dalar\u0131n etiketlerinde sat\u0131n alma kararlar\u0131m\u0131z\u0131 etkileyecek bilgilerin yer ald\u0131\u011f\u0131n\u0131n alt\u0131n\u0131 \u00e7izen Akda\u011f, buna \u00f6rnek olarak \u2019trans ya\u011f yoktur\u2019 logosunun verilebilece\u011fine dikkat \u00e7ekti. T\u00fcrkiye\u2019de trans ya\u011fs\u0131z margarin \u00fcretimiyle ilgili \u00e7al\u0131\u015fmalar\u0131n 2000\u2019lerde ba\u015flad\u0131\u011f\u0131n\u0131 s\u00f6yleyen Ebru Akda\u011f, &#8220;T\u00fcrk margarin sekt\u00f6r\u00fc M\u00dcMSAD liderli\u011finde d\u00fcnyan\u0131n g\u00fcndeminde olan trans ya\u011flar\u0131n elimine edilmesi konusunu g\u00f6n\u00fcll\u00fc olarak \u00e7\u00f6zd\u00fc ve d\u00fcnyada \u00f6rnek bir ba\u015far\u0131 hik\u00e2yesine imza att\u0131. B\u00f6ylelikle \u00fclkemiz margarin sanayii ABD\u2019den 11, AB\u2019den ise 14 y\u0131l \u00f6nce trans ya\u011fs\u0131z d\u00f6neme ge\u00e7mi\u015f oldu. T\u00fcketicileri bilgilendirmek i\u00e7in 2008 y\u0131l\u0131ndan bu yana da bu \u00fcr\u00fcnlerin \u00fczerinde \u2019trans ya\u011f yoktur\u2019 logosu yer al\u0131yor. \u0130\u015fte size ambalajl\u0131 g\u0131dalar\u0131 tercih etmeniz i\u00e7in ba\u015fka bir neden.&#8221; ifadelerini kulland\u0131.<\/p>\n<p>Etiket okuman\u0131n \u00f6nemine de\u011finen Akda\u011f, &#8220;Ald\u0131\u011f\u0131m\u0131z g\u0131dan\u0131n besin \u00f6\u011felerinin miktar\u0131n\u0131, \u00fcretim ve son t\u00fcketim tarihini, alerjen i\u00e7erip i\u00e7ermedi\u011fi gibi bilgileri kontrol etmek t\u00fcketici olarak hepimizin \u00f6ncelikli sorumlulu\u011fudur. Unutmayal\u0131m ki as\u0131l karar verici bilin\u00e7li t\u00fcketicilerdir. \u00d6zellikle evin g\u0131da al\u0131\u015fveri\u015finde genellikle belirleyici rol oynayan kad\u0131nlara da bu konuda b\u00fcy\u00fck sorumluluk d\u00fc\u015f\u00fcyor.&#8221; dedi.<\/p>\n","protected":false},"excerpt":{"rendered":"<p>M\u00dcMSAD GENEL KOORD\u0130NAT\u00d6R\u00dc, GIDA M\u00dcHEND\u0130S\u0130 EBRU AKDA\u011e, HEM A\u00c7IKTA SATILAN HEM DE MERD\u0130VEN ALTI TAB\u0130R ED\u0130LEN \u00dcR\u00dcNLERE D\u0130KKAT \u00c7EKEREK, T\u00dcKET\u0130C\u0130LERE AMBALAJLI GIDALARI TERC\u0130H ETMELER\u0130N\u0130 VE MUTLAKA ET\u0130KET OKUMALARINI \u00d6NERD\u0130.<\/p>\n","protected":false},"author":1,"featured_media":244178,"comment_status":"closed","ping_status":"open","sticky":false,"template":"","format":"standard","meta":{"jetpack_post_was_ever_published":false,"_jetpack_newsletter_access":"","_jetpack_dont_email_post_to_subs":false,"_jetpack_newsletter_tier_id":0,"_jetpack_memberships_contains_paywalled_content":false,"_jetpack_memberships_contains_paid_content":false,"footnotes":"","jetpack_publicize_message":"","jetpack_publicize_feature_enabled":true,"jetpack_social_post_already_shared":true,"jetpack_social_options":{"image_generator_settings":{"template":"highway","default_image_id":0,"font":"","enabled":false},"version":2}},"categories":[1],"tags":[38641,30828,14963,60862],"class_list":["post-244177","post","type-post","status-publish","format-standard","has-post-thumbnail","hentry","category-genel","tag-ambalajli","tag-gidaya","tag-guvenin","tag-mumsad"],"jetpack_publicize_connections":[],"jetpack_featured_media_url":"https:\/\/i0.wp.com\/www.tvturk.com\/wp-content\/uploads\/2019\/12\/mumsad-ambalajli-gidaya-guvenin_8d9c0ec.jpg?fit=1000%2C707","jetpack_sharing_enabled":true,"jetpack_shortlink":"https:\/\/wp.me\/paKIfm-11wl","_links":{"self":[{"href":"http:\/\/www.tvturk.com\/index.php\/wp-json\/wp\/v2\/posts\/244177","targetHints":{"allow":["GET"]}}],"collection":[{"href":"http:\/\/www.tvturk.com\/index.php\/wp-json\/wp\/v2\/posts"}],"about":[{"href":"http:\/\/www.tvturk.com\/index.php\/wp-json\/wp\/v2\/types\/post"}],"author":[{"embeddable":true,"href":"http:\/\/www.tvturk.com\/index.php\/wp-json\/wp\/v2\/users\/1"}],"replies":[{"embeddable":true,"href":"http:\/\/www.tvturk.com\/index.php\/wp-json\/wp\/v2\/comments?post=244177"}],"version-history":[{"count":0,"href":"http:\/\/www.tvturk.com\/index.php\/wp-json\/wp\/v2\/posts\/244177\/revisions"}],"wp:featuredmedia":[{"embeddable":true,"href":"http:\/\/www.tvturk.com\/index.php\/wp-json\/wp\/v2\/media\/244178"}],"wp:attachment":[{"href":"http:\/\/www.tvturk.com\/index.php\/wp-json\/wp\/v2\/media?parent=244177"}],"wp:term":[{"taxonomy":"category","embeddable":true,"href":"http:\/\/www.tvturk.com\/index.php\/wp-json\/wp\/v2\/categories?post=244177"},{"taxonomy":"post_tag","embeddable":true,"href":"http:\/\/www.tvturk.com\/index.php\/wp-json\/wp\/v2\/tags?post=244177"}],"curies":[{"name":"wp","href":"https:\/\/api.w.org\/{rel}","templated":true}]}}