{"id":244185,"date":"2019-12-19T12:46:29","date_gmt":"2019-12-19T09:46:29","guid":{"rendered":"http:\/\/www.tvturk.com\/index.php\/matli-birlikte-basaracagiz\/"},"modified":"2019-12-19T12:46:29","modified_gmt":"2019-12-19T09:46:29","slug":"matli-birlikte-basaracagiz","status":"publish","type":"post","link":"http:\/\/www.tvturk.com\/index.php\/matli-birlikte-basaracagiz\/","title":{"rendered":"Matl\u0131: \u201cBirlikte ba\u015faraca\u011f\u0131z\u201d"},"content":{"rendered":"<p>Bursa Ticaret Borsas\u0131 (BTB) Y\u00f6netim Kurulu Ba\u015fkan\u0131 ve TOBB Y\u00f6netim Kurulu \u00dcyesi \u00d6zer Matl\u0131, Bursa Teknik \u00dcniversitesi (BT\u00dc) ile Bursa Ticaret Borsas\u0131 aras\u0131nda \u201ce\u011fitim i\u015f birli\u011fi protokol\u00fc\u201d imzaland\u0131.<\/p>\n<p>Bursa Ticaret Borsas\u0131 Sivil Mimari \u00d6rne\u011fi binalar\u0131nda ger\u00e7ekle\u015fen protokol t\u00f6renine BTB Y\u00f6netim Kurulu Ba\u015fkan\u0131 \u00d6zer Matl\u0131, BT\u00dc Rekt\u00f6r\u00fc Prof. Dr. Arif Karademir, BTB Meclis Ba\u015fkan\u0131 Mehmet Ayd\u0131n, TOBB Gen\u00e7 Giri\u015fimciler Kurulu (GGK) Ba\u015fkan\u0131 \u0130brahim \u00d6zmen, BTB Y\u00f6netim Kurulu ve Meclis \u00dcyeleri, TOBB GGK \u00dcyeleri ve BT\u00dc Akademisyenleri Do\u00e7. Dr. Hilal Y\u0131ld\u0131r\u0131r Keser, Do\u00e7. Dr. Onur Sayar ile Dr. Cihan Kabao\u011flu kat\u0131ld\u0131. Bursa\u2019n\u0131n bir tar\u0131m \u015fehri oldu\u011funu dile getiren BTB Ba\u015fkan\u0131 \u00d6zer Matl\u0131, \u201cTar\u0131m\u0131 teknoloji, AR-GE ve inovasyonla g\u00fc\u00e7lendirece\u011fiz, \u015fartlar ne olursa olsun Bursa\u2019m\u0131za, \u00e7ift\u00e7imize, eli nas\u0131rl\u0131 \u00fcreticimize kazand\u0131rmak i\u00e7in, Bursa i\u00e7in, Bursa\u2019n\u0131n b\u00fct\u00fcn de\u011ferleri ile i\u015f ve fikir birli\u011fi yapmaya devam edece\u011fiz. Birlikte ba\u015faraca\u011f\u0131m\u0131za inan\u0131yoruz. Bug\u00fcn Bursa Teknik \u00dcniversitesi ile akademik k\u00fclt\u00fcrel de\u011fi\u015fim programlar\u0131 ile di\u011fer i\u015f birliklerine dayal\u0131 faaliyetlerin\u00e7o\u011falt\u0131lmas\u0131,kurumlar aras\u0131ndaki i\u015f birli\u011fini geli\u015ftirmek maksad\u0131yla e\u011fitim i\u015f birli\u011fi protokol\u00fc imzalad\u0131k\u201d dedi.<\/p>\n<p>\u00dcniversite-sanayi i\u015f birli\u011fine dayal\u0131 \u00e7al\u0131\u015fmalar\u0131n bu protokolle daha h\u0131zl\u0131 ve \u00e7\u00f6z\u00fcm odakl\u0131 bir \u015fekilde yap\u0131laca\u011f\u0131n\u0131 dile getiren BT\u00dc Rekt\u00f6r\u00fc Prof. Dr. Arif Karademir, \u201cBursa Ticaret Borsas\u0131 ile b\u00f6lgesel, ulusal alanda kongre, sempozyum ve \u00e7al\u0131\u015ftay gibi faaliyetleri organize edece\u011fiz. BT\u00dc\u2019de e\u011fitim g\u00f6ren lisans \u00f6\u011frencilerinin Sekt\u00f6rel E\u011fitim Program\u0131 (SEP), staj ve bitirme projesine y\u00f6nelik i\u015f birli\u011fi \u00e7al\u0131\u015fmalar\u0131n\u0131 y\u00fcr\u00fctece\u011fiz. Ayr\u0131ca lisans\u00fcst\u00fc e\u011fitim programlar\u0131nda i\u015fbirli\u011fi yap\u0131lan kurumlara ayr\u0131lan kontenjanlardan yararlanmas\u0131na y\u00f6nelik \u00e7al\u0131\u015fmalar\u0131 da bu protokolle hayata ge\u00e7irece\u011fiz\u201d dedi.<\/p>\n","protected":false},"excerpt":{"rendered":"<p>BURSA T\u0130CARET BORSASI (BTB) Y\u00d6NET\u0130M KURULU BA\u015eKANI VE TOBB Y\u00d6NET\u0130M KURULU \u00dcYES\u0130 \u00d6ZER MATLI, BURSA TEKN\u0130K \u00dcN\u0130VERS\u0130TES\u0130 (BT\u00dc) \u0130LE BURSA T\u0130CARET BORSASI ARASINDA \u201cE\u011e\u0130T\u0130M \u0130\u015e B\u0130RL\u0130\u011e\u0130 PROTOKOL\u00dc\u201d \u0130MZALANDI.<\/p>\n","protected":false},"author":1,"featured_media":244186,"comment_status":"closed","ping_status":"open","sticky":false,"template":"","format":"standard","meta":{"jetpack_post_was_ever_published":false,"_jetpack_newsletter_access":"","_jetpack_dont_email_post_to_subs":false,"_jetpack_newsletter_tier_id":0,"_jetpack_memberships_contains_paywalled_content":false,"_jetpack_memberships_contains_paid_content":false,"footnotes":"","jetpack_publicize_message":"","jetpack_publicize_feature_enabled":true,"jetpack_social_post_already_shared":true,"jetpack_social_options":{"image_generator_settings":{"template":"highway","default_image_id":0,"font":"","enabled":false},"version":2}},"categories":[19],"tags":[30469,3789,17504],"class_list":["post-244185","post","type-post","status-publish","format-standard","has-post-thumbnail","hentry","category-ekonomi","tag-basaracagiz","tag-birlikte","tag-matli"],"jetpack_publicize_connections":[],"jetpack_featured_media_url":"https:\/\/i0.wp.com\/www.tvturk.com\/wp-content\/uploads\/2019\/12\/matli-birlikte-basaracagiz_f2857fb.jpg?fit=1000%2C703","jetpack_sharing_enabled":true,"jetpack_shortlink":"https:\/\/wp.me\/paKIfm-11wt","_links":{"self":[{"href":"http:\/\/www.tvturk.com\/index.php\/wp-json\/wp\/v2\/posts\/244185","targetHints":{"allow":["GET"]}}],"collection":[{"href":"http:\/\/www.tvturk.com\/index.php\/wp-json\/wp\/v2\/posts"}],"about":[{"href":"http:\/\/www.tvturk.com\/index.php\/wp-json\/wp\/v2\/types\/post"}],"author":[{"embeddable":true,"href":"http:\/\/www.tvturk.com\/index.php\/wp-json\/wp\/v2\/users\/1"}],"replies":[{"embeddable":true,"href":"http:\/\/www.tvturk.com\/index.php\/wp-json\/wp\/v2\/comments?post=244185"}],"version-history":[{"count":0,"href":"http:\/\/www.tvturk.com\/index.php\/wp-json\/wp\/v2\/posts\/244185\/revisions"}],"wp:featuredmedia":[{"embeddable":true,"href":"http:\/\/www.tvturk.com\/index.php\/wp-json\/wp\/v2\/media\/244186"}],"wp:attachment":[{"href":"http:\/\/www.tvturk.com\/index.php\/wp-json\/wp\/v2\/media?parent=244185"}],"wp:term":[{"taxonomy":"category","embeddable":true,"href":"http:\/\/www.tvturk.com\/index.php\/wp-json\/wp\/v2\/categories?post=244185"},{"taxonomy":"post_tag","embeddable":true,"href":"http:\/\/www.tvturk.com\/index.php\/wp-json\/wp\/v2\/tags?post=244185"}],"curies":[{"name":"wp","href":"https:\/\/api.w.org\/{rel}","templated":true}]}}