{"id":244207,"date":"2019-12-19T13:02:52","date_gmt":"2019-12-19T10:02:52","guid":{"rendered":"http:\/\/www.tvturk.com\/index.php\/eyupsultanda-2019-eyupsultan-kirsal-stratejik-plan-calistayinin-ikincisi-duzenlendi\/"},"modified":"2019-12-19T13:02:52","modified_gmt":"2019-12-19T10:02:52","slug":"eyupsultanda-2019-eyupsultan-kirsal-stratejik-plan-calistayinin-ikincisi-duzenlendi","status":"publish","type":"post","link":"http:\/\/www.tvturk.com\/index.php\/eyupsultanda-2019-eyupsultan-kirsal-stratejik-plan-calistayinin-ikincisi-duzenlendi\/","title":{"rendered":"Ey\u00fcpsultan\u2019da \u201c2019 Ey\u00fcpsultan K\u0131rsal Stratejik Plan \u00c7al\u0131\u015ftay\u0131\u201dn\u0131n ikincisi d\u00fczenlendi"},"content":{"rendered":"<p>Ey\u00fcpsultan Belediyesi taraf\u0131ndan \u201c2019 Ey\u00fcpsultan K\u0131rsal Stratejik Plan \u00c7al\u0131\u015ftay\u0131\u201dn\u0131n ikincisi ger\u00e7ekle\u015ftirildi. \u201cK\u0131rsal \u0130\u00e7in El Ele\u201d temal\u0131 \u00e7al\u0131\u015ftayda konu\u015fan Ey\u00fcpsultan Belediye Ba\u015fkan\u0131 Deniz K\u00f6ken, \u201cBiz \u0130stanbul\u2019un k\u00f6yleri ve topra\u011f\u0131 olan birka\u00e7 tane \u015fansl\u0131 il\u00e7elerinden bir tanesiyiz. Buradan daha g\u00fczel bir \u00fcretim a\u015famas\u0131na ge\u00e7eriz diye umut ediyorum\u201d dedi.<\/p>\n<p>Ey\u00fcpsultan Belediyesi taraf\u0131ndan il\u00e7e s\u0131n\u0131rlar\u0131 i\u00e7erisinde bulunan k\u0131rsal yerle\u015fkelerin kalk\u0131nmas\u0131n\u0131 sa\u011flamak amac\u0131yla \u201c2019 Ey\u00fcpsultan K\u0131rsal Stratejik Plan \u00c7al\u0131\u015ftay\u0131\u201d ger\u00e7ekle\u015ftirildi. Ey\u00fcpsultan K\u00fclt\u00fcr ve Sanat Merkezinde yap\u0131lan programa Ey\u00fcpsultan Belediye Ba\u015fkan\u0131 Deniz K\u00f6ken, Prof. Dr. S\u0131rma Turgut ve Ey\u00fcpsultan\u2019\u0131n 7 k\u0131rsal b\u00f6lgesinin temsilcileri, \u00fcniversite, STK ve \u00f6zel sekt\u00f6r temsilcileri kat\u0131ld\u0131. \u0130lki ge\u00e7ti\u011fimiz Kas\u0131m ay\u0131nda \u201cK\u0131rsalda Ya\u015fam\u201d temas\u0131yla d\u00fczenlenen \u00e7al\u0131\u015ftay\u0131n ikincisinde Ey\u00fcpsultan s\u0131n\u0131rlar\u0131 i\u00e7erisinde yer alan 7 k\u0131rsal karakterli mahallenin sorunlar\u0131n\u0131 anlamak ve \u00e7\u00f6z\u00fcm \u00fcretmek i\u00e7in planlar yap\u0131ld\u0131. \u201cK\u0131rsal \u0130\u00e7in El Ele\u201d temal\u0131 ikinci \u00e7al\u0131\u015ftayda, \u201cK\u0131rsal\u0131n Gelece\u011fine Yat\u0131r\u0131m ve Markala\u015fma\u201d ve \u201cK\u0131rsalda Ya\u015fam Kalitesi\u201d konular\u0131 masaya yat\u0131r\u0131ld\u0131.<\/p>\n<p>Ey\u00fcpsultan\u2019da kalk\u0131nman\u0131n yerelden ba\u015flamas\u0131 gerekti\u011fini s\u00f6yleyen K\u00f6ken, \u0130stanbul\u2019un k\u00f6yleri ve topra\u011f\u0131 olan birka\u00e7 tane \u015fansl\u0131 il\u00e7elerinden bir tanesi olduklar\u0131n\u0131 s\u00f6yleyerek daha g\u00fczel bir \u00fcretim a\u015famas\u0131na ge\u00e7eceklerini ifade etti.<\/p>\n<p>\u201cYerelde kalk\u0131nma k\u0131rsalda ba\u015flar\u201d<\/p>\n<p>Yap\u0131lacak \u00e7al\u0131\u015fmalarla k\u0131rsal kalk\u0131nman\u0131n \u00fclke baz\u0131ndaki g\u00fcndemini de\u011fi\u015ftirebileceklerini dile getiren Ba\u015fkan K\u00f6ken, \u201cKalk\u0131nma yerelde ba\u015flar, sonra b\u00f6lgesel ve \u00fclke kalk\u0131nmas\u0131na do\u011fru gider. Yerelde kalk\u0131nma k\u0131rsalda ba\u015flar. K\u0131rsaldan \u015fehre, \u015fehirden b\u00fcy\u00fck\u015fehirlere, b\u00fcy\u00fck\u015fehirlerden \u00fclke geneline do\u011fru yay\u0131lacak bir mekanizmay\u0131 bizim do\u011fru bir \u015fekilde yapmam\u0131z laz\u0131m. G\u00f6le at\u0131lan halkalar misali. K\u0131rsal kalk\u0131nmay\u0131 sa\u011flayan insanlar olarak asl\u0131nda biz ilk halkay\u0131 olu\u015fturuyoruz. Bu i\u015fi yapan, \u00fcretime d\u00f6n\u00fc\u015ft\u00fcren, emek harcayan grupla bir araya geldik. Biz y\u00fcz \u015fey konu\u015furuz belki ama be\u015fini yapar\u0131z. O be\u015f tane \u015fey belki k\u0131rsal kalk\u0131nman\u0131n \u00fclke baz\u0131ndaki g\u00fcndemini de\u011fi\u015ftirir. Biz de buna tabi olmu\u015f oluruz. Bununda ba\u015flang\u0131c\u0131 bizden olmu\u015f olur\u201c ifadelerini kulland\u0131.<\/p>\n<p>\u201c\u00dcretmeden kalk\u0131nan hi\u00e7bir toplum yoktur\u201d<\/p>\n<p>\u0130stanbul\u2019un k\u00f6yleri ve topra\u011f\u0131 olan birka\u00e7 \u015fansl\u0131 il\u00e7esinden biri olduklar\u0131n\u0131 belirten Ba\u015fkan K\u00f6ken,\u201c\u0130\u015fin ucunda \u00fcretim var. \u00dcretmeden kalk\u0131nan hi\u00e7bir toplum yoktur. Bu i\u015fin ba\u015f\u0131 \u00fcretim. Bizim \u00e7ok b\u00fcy\u00fck madenlerimiz, enerji kaynaklar\u0131m\u0131z yok ama g\u00fczel topraklar\u0131m\u0131z var. \u00c7al\u0131\u015fmalar\u0131m\u0131z\u0131n \u00f6z\u00fc bu asl\u0131nda. Biz \u0130stanbul\u2019un k\u00f6yleri, topra\u011f\u0131 olan birka\u00e7 tane \u015fansl\u0131 il\u00e7elerinden bir tanesiyiz. Bunu art\u0131ya \u00e7evirelim. Buradan daha g\u00fczel bir \u00fcretim a\u015famas\u0131na ge\u00e7eriz diye umut ediyorum\u201c diye konu\u015ftu.<\/p>\n","protected":false},"excerpt":{"rendered":"<p>EY\u00dcPSULTAN BELED\u0130YES\u0130 TARAFINDAN \u0130L\u00c7E SINIRLARI \u0130\u00c7ER\u0130S\u0130NDE BULUNAN KIRSAL YERLE\u015eKELER\u0130N KALKINMASINI SA\u011eLAMAK AMACIYLA \u201c2019 EY\u00dcPSULTAN KIRSAL STRATEJ\u0130K PLAN \u00c7ALI\u015eTAYI\u201d GER\u00c7EKLE\u015eT\u0130R\u0130LD\u0130.<\/p>\n","protected":false},"author":1,"featured_media":244208,"comment_status":"closed","ping_status":"open","sticky":false,"template":"","format":"standard","meta":{"jetpack_post_was_ever_published":false,"_jetpack_newsletter_access":"","_jetpack_dont_email_post_to_subs":false,"_jetpack_newsletter_tier_id":0,"_jetpack_memberships_contains_paywalled_content":false,"_jetpack_memberships_contains_paid_content":false,"footnotes":"","jetpack_publicize_message":"","jetpack_publicize_feature_enabled":true,"jetpack_social_post_already_shared":true,"jetpack_social_options":{"image_generator_settings":{"template":"highway","default_image_id":0,"font":"","enabled":false},"version":2}},"categories":[1],"tags":[2705,46322,2202,1143,11000,454,4977,28654,13106],"class_list":["post-244207","post","type-post","status-publish","format-standard","has-post-thumbnail","hentry","category-genel","tag-2705","tag-calistayinin","tag-duzenlendi","tag-eyupsultan","tag-eyupsultanda","tag-ikincisi","tag-kirsal","tag-plan","tag-stratejik"],"jetpack_publicize_connections":[],"jetpack_featured_media_url":"https:\/\/i0.wp.com\/www.tvturk.com\/wp-content\/uploads\/2019\/12\/eyupsultanda-2019-eyupsultan-kirsal-stratejik-plan-calistayinin-ikincisi-duzenlendi_3a3fe3b.jpg?fit=1000%2C666","jetpack_sharing_enabled":true,"jetpack_shortlink":"https:\/\/wp.me\/paKIfm-11wP","_links":{"self":[{"href":"http:\/\/www.tvturk.com\/index.php\/wp-json\/wp\/v2\/posts\/244207","targetHints":{"allow":["GET"]}}],"collection":[{"href":"http:\/\/www.tvturk.com\/index.php\/wp-json\/wp\/v2\/posts"}],"about":[{"href":"http:\/\/www.tvturk.com\/index.php\/wp-json\/wp\/v2\/types\/post"}],"author":[{"embeddable":true,"href":"http:\/\/www.tvturk.com\/index.php\/wp-json\/wp\/v2\/users\/1"}],"replies":[{"embeddable":true,"href":"http:\/\/www.tvturk.com\/index.php\/wp-json\/wp\/v2\/comments?post=244207"}],"version-history":[{"count":0,"href":"http:\/\/www.tvturk.com\/index.php\/wp-json\/wp\/v2\/posts\/244207\/revisions"}],"wp:featuredmedia":[{"embeddable":true,"href":"http:\/\/www.tvturk.com\/index.php\/wp-json\/wp\/v2\/media\/244208"}],"wp:attachment":[{"href":"http:\/\/www.tvturk.com\/index.php\/wp-json\/wp\/v2\/media?parent=244207"}],"wp:term":[{"taxonomy":"category","embeddable":true,"href":"http:\/\/www.tvturk.com\/index.php\/wp-json\/wp\/v2\/categories?post=244207"},{"taxonomy":"post_tag","embeddable":true,"href":"http:\/\/www.tvturk.com\/index.php\/wp-json\/wp\/v2\/tags?post=244207"}],"curies":[{"name":"wp","href":"https:\/\/api.w.org\/{rel}","templated":true}]}}