{"id":244209,"date":"2019-12-19T13:02:59","date_gmt":"2019-12-19T10:02:59","guid":{"rendered":"http:\/\/www.tvturk.com\/index.php\/myolarda-is-yeri-egitimi-alan-engelli-ve-kiz-ogrencilerin-durumlari-ele-alindi\/"},"modified":"2019-12-19T13:02:59","modified_gmt":"2019-12-19T10:02:59","slug":"myolarda-is-yeri-egitimi-alan-engelli-ve-kiz-ogrencilerin-durumlari-ele-alindi","status":"publish","type":"post","link":"http:\/\/www.tvturk.com\/index.php\/myolarda-is-yeri-egitimi-alan-engelli-ve-kiz-ogrencilerin-durumlari-ele-alindi\/","title":{"rendered":"MYO\u2019larda i\u015f yeri e\u011fitimi alan engelli ve k\u0131z \u00f6\u011frencilerin durumlar\u0131 ele al\u0131nd\u0131"},"content":{"rendered":"<p>Meslek Y\u00fcksekokullar\u0131 Koordinasyon Kurulunun ikinci toplant\u0131s\u0131, Y\u00d6K Ba\u015fkan\u0131 Prof. Dr. M. A. Yekta Sara\u00e7 ba\u015fkanl\u0131\u011f\u0131nda ger\u00e7ekle\u015ftirildi. Toplant\u0131da, OSB\u2019lerdeki MYO\u2019larda i\u015f yeri e\u011fitimi alan engelli ve k\u0131z \u00f6\u011frencilerin durumlar\u0131 ele al\u0131nd\u0131.<\/p>\n<p>Meslek y\u00fcksekokullar\u0131 (MYO) ve programlar\u0131n a\u00e7\u0131lmas\u0131na y\u00f6nelik standartlar\u0131n belirlenmesi, mevcut programlar\u0131n geli\u015ftirilmesi ve izlenmesi, mezunlar\u0131n istihdam\u0131 ile lisans tamamlama s\u00fcre\u00e7lerine ili\u015fkin g\u00f6r\u00fc\u015f ve \u00f6neriler sunmak \u00fczere yasal d\u00fczenleme neticesinde olu\u015fturulan Meslek Y\u00fcksekokullar\u0131 Koordinasyon Kurulunun ikinci toplant\u0131s\u0131 Y\u00d6K\u2019te ger\u00e7ekle\u015ftirildi. Toplant\u0131ya Y\u00d6K MYO Komisyonu \u00fcyeleri ile Sanayi ve Teknoloji Bakanl\u0131\u011f\u0131, Milli E\u011fitim Bakanl\u0131\u011f\u0131, Mesleki Yeterlilik Kurumu, T\u00fcrkiye Odalar ve Borsalar Birli\u011fi ve \u00dcniversiteleraras\u0131 Kurulu (\u00dcAK) temsilen \u00fcst d\u00fczey yetkililer kat\u0131ld\u0131. Toplant\u0131da Y\u00d6K\u2019\u00fcn &#8220;Y\u00fcksek\u00f6\u011fretimden End\u00fcstriye: Nitelikli \u0130nsan G\u00fcc\u00fc&#8221; politikas\u0131 kapsam\u0131nda meslek y\u00fcksekokullar\u0131nda e\u011fitim g\u00f6ren \u00f6\u011frencilerin mesleki becerilerinin geli\u015ftirilmesi amac\u0131yla uygulamal\u0131 e\u011fitimlerin niteli\u011finin art\u0131r\u0131lmas\u0131 ve \u00f6zellikle Organize Sanayi B\u00f6lgelerindeki (OSB) MYO\u2019larda i\u015f yeri (sanayi) e\u011fitimi alan engelli ve k\u0131z \u00f6\u011frencilerin uygulamal\u0131 e\u011fitim \u015fartlar\u0131 ele al\u0131nd\u0131.<\/p>\n<p>Y\u00d6K\u2019\u00fcn rasyonel kontenjan politikas\u0131 ile doluluk oran\u0131 y\u00fczde 91\u2019e \u00e7\u0131kt\u0131<\/p>\n<p>Toplant\u0131da 2017 y\u0131l\u0131nda MYO\u2019lardaki doluluk oran\u0131 y\u00fczde 63 iken, Y\u00d6K taraf\u0131ndan uygulanan rasyonel politikalar neticesinde bu oran\u0131n  y\u00fczde 91\u2019e \u00e7\u0131kt\u0131\u011f\u0131 belirtildi. Y\u00fcksek\u00f6\u011fretim kurumlar\u0131na ba\u011fl\u0131 921 MYO\u2019da mesleki e\u011fitim alan \u00f6\u011frenci say\u0131s\u0131n\u0131n yakla\u015f\u0131k 960 bin oldu\u011fu, a\u00e7\u0131k\u00f6\u011fretim ve uzaktan \u00f6\u011fretim \u00f6\u011frencileri de d\u00e2hil edildi\u011finde bu say\u0131n\u0131n 2 milyon 830 bine ula\u015ft\u0131\u011f\u0131 ifade edildi.<\/p>\n<p>Nitelikli elemana ihtiya\u00e7 duyan imalat sekt\u00f6r\u00fc ve lojistik alanlar\u0131nda belirlenen mesleklere ili\u015fkin 16 \u00f6nlisans program\u0131 i\u00e7in OSB\u2019lerde kurulmu\u015f 9 MYO\u2019ya Y\u00d6K taraf\u0131ndan \u00f6\u011frenci ba\u015f\u0131na ortalama 4 bin 500 TL tutar\u0131nda ek e\u011fitim deste\u011fi verildi\u011fi kaydedildi. 9 MYO\u2019da bulunan 38 \u00f6nlisans program\u0131ndaki 2 bin 202 \u00f6\u011frencinin sanayi e\u011fitimi i\u00e7in yakla\u015f\u0131k 10 milyon TL ek destek sa\u011fland\u0131\u011f\u0131 aktar\u0131ld\u0131.<\/p>\n","protected":false},"excerpt":{"rendered":"<p>\u201cY\u00dcKSEK\u00d6\u011eRET\u0130MDEN END\u00dcSTR\u0130YE: N\u0130TEL\u0130KL\u0130 \u0130NSAN G\u00dcC\u00dc&#8221; POL\u0130T\u0130KASI KAPSAMINDA OLU\u015eTURULAN &#8220;MESLEK Y\u00dcKSEKOKULLARI KOORD\u0130NASYON KURULU&#8221;NUN \u0130K\u0130NC\u0130 TOPLANTISI, Y\u00d6K BA\u015eKANI PROF. DR. M. A. YEKTA SARA\u00c7&#8217;IN BA\u015eKANLI\u011eINDA Y\u00d6K&#8217;TE GER\u00c7EKLE\u015eT\u0130R\u0130LD\u0130.<\/p>\n","protected":false},"author":1,"featured_media":244210,"comment_status":"closed","ping_status":"open","sticky":false,"template":"","format":"standard","meta":{"jetpack_post_was_ever_published":false,"_jetpack_newsletter_access":"","_jetpack_dont_email_post_to_subs":false,"_jetpack_newsletter_tier_id":0,"_jetpack_memberships_contains_paywalled_content":false,"_jetpack_memberships_contains_paid_content":false,"footnotes":"","jetpack_publicize_message":"","jetpack_publicize_feature_enabled":true,"jetpack_social_post_already_shared":true,"jetpack_social_options":{"image_generator_settings":{"template":"highway","default_image_id":0,"font":"","enabled":false},"version":2}},"categories":[1],"tags":[1802,1014,25826,581,385,1784,432,4200,60871,4503,488],"class_list":["post-244209","post","type-post","status-publish","format-standard","has-post-thumbnail","hentry","category-genel","tag-alan","tag-alindi","tag-durumlari","tag-egitimi","tag-ele","tag-engelli","tag-is","tag-kiz","tag-myolarda","tag-ogrencilerin","tag-yeri"],"jetpack_publicize_connections":[],"jetpack_featured_media_url":"https:\/\/i0.wp.com\/www.tvturk.com\/wp-content\/uploads\/2019\/12\/myolarda-is-yeri-egitimi-alan-engelli-ve-kiz-ogrencilerin-durumlari-ele-alindi_a74b50b.jpg?fit=916%2C611","jetpack_sharing_enabled":true,"jetpack_shortlink":"https:\/\/wp.me\/paKIfm-11wR","_links":{"self":[{"href":"http:\/\/www.tvturk.com\/index.php\/wp-json\/wp\/v2\/posts\/244209","targetHints":{"allow":["GET"]}}],"collection":[{"href":"http:\/\/www.tvturk.com\/index.php\/wp-json\/wp\/v2\/posts"}],"about":[{"href":"http:\/\/www.tvturk.com\/index.php\/wp-json\/wp\/v2\/types\/post"}],"author":[{"embeddable":true,"href":"http:\/\/www.tvturk.com\/index.php\/wp-json\/wp\/v2\/users\/1"}],"replies":[{"embeddable":true,"href":"http:\/\/www.tvturk.com\/index.php\/wp-json\/wp\/v2\/comments?post=244209"}],"version-history":[{"count":0,"href":"http:\/\/www.tvturk.com\/index.php\/wp-json\/wp\/v2\/posts\/244209\/revisions"}],"wp:featuredmedia":[{"embeddable":true,"href":"http:\/\/www.tvturk.com\/index.php\/wp-json\/wp\/v2\/media\/244210"}],"wp:attachment":[{"href":"http:\/\/www.tvturk.com\/index.php\/wp-json\/wp\/v2\/media?parent=244209"}],"wp:term":[{"taxonomy":"category","embeddable":true,"href":"http:\/\/www.tvturk.com\/index.php\/wp-json\/wp\/v2\/categories?post=244209"},{"taxonomy":"post_tag","embeddable":true,"href":"http:\/\/www.tvturk.com\/index.php\/wp-json\/wp\/v2\/tags?post=244209"}],"curies":[{"name":"wp","href":"https:\/\/api.w.org\/{rel}","templated":true}]}}