{"id":244257,"date":"2019-12-19T14:17:00","date_gmt":"2019-12-19T11:17:00","guid":{"rendered":"http:\/\/www.tvturk.com\/index.php\/kuzey-makedonya-kultur-bakani-gobeklitepeyi-ziyaret-etti\/"},"modified":"2019-12-19T14:17:00","modified_gmt":"2019-12-19T11:17:00","slug":"kuzey-makedonya-kultur-bakani-gobeklitepeyi-ziyaret-etti","status":"publish","type":"post","link":"http:\/\/www.tvturk.com\/index.php\/kuzey-makedonya-kultur-bakani-gobeklitepeyi-ziyaret-etti\/","title":{"rendered":"Kuzey Makedonya K\u00fclt\u00fcr Bakan\u0131, G\u00f6beklitepe\u2019yi ziyaret etti"},"content":{"rendered":"<p>Kuzey Makedonya K\u00fclt\u00fcr Bakan\u0131 H\u00fcsni \u0130smaili, Gobeklitepe\u2019yi ziyaret etti.<\/p>\n<p>Kuzey Makedonya K\u00fclt\u00fcr Bakan\u0131 H\u00fcsni \u0130smaili, 12 bin y\u0131ll\u0131k ge\u00e7mi\u015fe sahip oldu\u011fu de\u011ferlendirilen tarihi yerle\u015fim alan\u0131 G\u00f6beklitepe\u2019yi ziyaret etti. Bakan \u0130smaili, &#8220;YEE Ba\u015fkan Prof. Dr. \u015eeref Ate\u015f\u2019in himayelerinde ve \u00dcsk\u00fcp Yunus Emre Enstit\u00fcs\u00fc (YEE) M\u00fcd\u00fcr\u00fc Serhat Kula\u2019n\u0131n gayretleriyle tertiplenen bu ziyaretten ziyadesiyle memnun oldum, \u00e7ok te\u015fekk\u00fcr ediyorum. Buraya gelmeden \u00f6nce neler g\u00f6rece\u011fim konusunda \u00f6ng\u00f6r\u00fclerim vard\u0131 ama burada g\u00f6rd\u00fcklerim ger\u00e7ekten de sadece bende de\u011fil t\u00fcm insanlarda bizim zihinlerimizde yeni sorular do\u011fuyor. Mutlak kabul etti\u011fimiz resmi e\u011fitim sistemi de dahil olmak \u00fczere ger\u00e7ek olarak kabul etti\u011fimiz pek \u00e7ok de\u011ferin asl\u0131nda izafi oldu\u011funu bizlere g\u00f6stermektedir. G\u00f6beklitepe\u2019nin \u00f6zellikle 12 bin y\u0131l \u00f6ncesine ait oldu\u011fu ger\u00e7e\u011fi arkeolojik alanda da \u00e7ok \u00f6nemli tart\u0131\u015fmalar, sorular ve m\u00fcnazaralar a\u00e7maktad\u0131r. Bilim, gelecekte bu sorulara cevap bulacakt\u0131r&#8221; dedi.<\/p>\n<p>T\u00fcrk k\u00fclt\u00fcr\u00fc Makedonya\u2019da tan\u0131t\u0131lacak<\/p>\n<p>\u00dclkesinde \u00e7ok \u00f6nemli T\u00fcrk\u00e7e kurslar\u0131 d\u00fczenlendi\u011fini ve kursiyerlerin say\u0131s\u0131n\u0131n 5 bine ula\u015ft\u0131\u011f\u0131n\u0131 belirten \u0130smaili, &#8220;Bununla birlikte k\u00fclt\u00fcr sanat alan\u0131nda yap\u0131lan t\u00fcm \u00e7al\u0131\u015fmalar zaten birbirine yak\u0131 olan iki k\u00fclt\u00fcr\u00fcn daha da yak\u0131nla\u015fmas\u0131n\u0131 ve i\u015f birli\u011finin daha da derinle\u015fmesini sa\u011flamaktad\u0131r. Ayr\u0131ca bu ziyaret kapsam\u0131nda \u0130stanbul\u2019da Kuzey Makedonya Cumhuriyeti\u2019nin K\u00fclt\u00fcr Merkezi\u2019ni a\u00e7ma imkan\u0131m\u0131z oldu. Bu kapsamda k\u00fclt\u00fcrel merkezler i\u015fbirli\u011fi kapsam\u0131nda Kuzey Makedonya\u2019n\u0131n ba\u015fkenti \u00dcsk\u00fcp\u2019te de T\u00fcrkiye Cumhuriyeti\u2019ne \u00e7ok \u00f6nemli 15. y\u00fczy\u0131ldan kalma bir Osmanl\u0131 eseri Kur\u015funlu Han anla\u015fma \u00e7er\u00e7evesinde T\u00fcrkiye\u2019ye tahsis edildi. YEE oray\u0131 T\u00fcrk K\u00fclt\u00fcr Merkezi olarak kullanacak. Oras\u0131n\u0131n restorasyonu tamamland\u0131\u011f\u0131nda son derece muazzam bir k\u00fclt\u00fcr merkezi, T\u00fcrk k\u00fclt\u00fcr\u00fcn\u00fcn tan\u0131t\u0131laca\u011f\u0131 bir merkez haline gelecektir&#8221; \u015feklinde konu\u015ftu.<\/p>\n","protected":false},"excerpt":{"rendered":"<p>KUZEY MAKEDONYA K\u00dcLT\u00dcR BAKANI H\u00dcSN\u0130 \u0130SMA\u0130L\u0130, GOBEKL\u0130TEPE\u2019Y\u0130 Z\u0130YARET ETT\u0130.<\/p>\n","protected":false},"author":1,"featured_media":244258,"comment_status":"closed","ping_status":"open","sticky":false,"template":"","format":"standard","meta":{"jetpack_post_was_ever_published":false,"_jetpack_newsletter_access":"","_jetpack_dont_email_post_to_subs":false,"_jetpack_newsletter_tier_id":0,"_jetpack_memberships_contains_paywalled_content":false,"_jetpack_memberships_contains_paid_content":false,"footnotes":"","jetpack_publicize_message":"","jetpack_publicize_feature_enabled":true,"jetpack_social_post_already_shared":true,"jetpack_social_options":{"image_generator_settings":{"template":"highway","default_image_id":0,"font":"","enabled":false},"version":2}},"categories":[1],"tags":[933,207,26567,630,9741,2313,150],"class_list":["post-244257","post","type-post","status-publish","format-standard","has-post-thumbnail","hentry","category-genel","tag-bakani","tag-etti","tag-gobeklitepeyi","tag-kultur","tag-kuzey","tag-makedonya","tag-ziyaret"],"jetpack_publicize_connections":[],"jetpack_featured_media_url":"https:\/\/i0.wp.com\/www.tvturk.com\/wp-content\/uploads\/2019\/12\/kuzey-makedonya-kultur-bakani-gobeklitepeyi-ziyaret-etti_b5d49b3.jpg?fit=1000%2C666","jetpack_sharing_enabled":true,"jetpack_shortlink":"https:\/\/wp.me\/paKIfm-11xD","_links":{"self":[{"href":"http:\/\/www.tvturk.com\/index.php\/wp-json\/wp\/v2\/posts\/244257","targetHints":{"allow":["GET"]}}],"collection":[{"href":"http:\/\/www.tvturk.com\/index.php\/wp-json\/wp\/v2\/posts"}],"about":[{"href":"http:\/\/www.tvturk.com\/index.php\/wp-json\/wp\/v2\/types\/post"}],"author":[{"embeddable":true,"href":"http:\/\/www.tvturk.com\/index.php\/wp-json\/wp\/v2\/users\/1"}],"replies":[{"embeddable":true,"href":"http:\/\/www.tvturk.com\/index.php\/wp-json\/wp\/v2\/comments?post=244257"}],"version-history":[{"count":0,"href":"http:\/\/www.tvturk.com\/index.php\/wp-json\/wp\/v2\/posts\/244257\/revisions"}],"wp:featuredmedia":[{"embeddable":true,"href":"http:\/\/www.tvturk.com\/index.php\/wp-json\/wp\/v2\/media\/244258"}],"wp:attachment":[{"href":"http:\/\/www.tvturk.com\/index.php\/wp-json\/wp\/v2\/media?parent=244257"}],"wp:term":[{"taxonomy":"category","embeddable":true,"href":"http:\/\/www.tvturk.com\/index.php\/wp-json\/wp\/v2\/categories?post=244257"},{"taxonomy":"post_tag","embeddable":true,"href":"http:\/\/www.tvturk.com\/index.php\/wp-json\/wp\/v2\/tags?post=244257"}],"curies":[{"name":"wp","href":"https:\/\/api.w.org\/{rel}","templated":true}]}}