{"id":244287,"date":"2019-12-19T15:01:20","date_gmt":"2019-12-19T12:01:20","guid":{"rendered":"http:\/\/www.tvturk.com\/index.php\/emine-erdogan-yunus-emre-enstitusu-turk-kultur-merkezinin-acilis-torenine-katildi\/"},"modified":"2019-12-19T15:01:20","modified_gmt":"2019-12-19T12:01:20","slug":"emine-erdogan-yunus-emre-enstitusu-turk-kultur-merkezinin-acilis-torenine-katildi","status":"publish","type":"post","link":"http:\/\/www.tvturk.com\/index.php\/emine-erdogan-yunus-emre-enstitusu-turk-kultur-merkezinin-acilis-torenine-katildi\/","title":{"rendered":"Emine Erdo\u011fan, Yunus Emre Enstit\u00fcs\u00fc T\u00fcrk K\u00fclt\u00fcr Merkezi\u2019nin a\u00e7\u0131l\u0131\u015f t\u00f6renine kat\u0131ld\u0131"},"content":{"rendered":"<p>Cumhurba\u015fkan\u0131 Recep Tayyip Erdo\u011fan\u2019\u0131n e\u015fi Emine Erdo\u011fan, Malezya\u2019da Yunus Emre Enstit\u00fcs\u00fc T\u00fcrk K\u00fclt\u00fcr Merkezi\u2019nin a\u00e7\u0131l\u0131\u015f t\u00f6renine kat\u0131ld\u0131.<\/p>\n<p>Cumhurba\u015fkan\u0131 Recep Tayyip Erdo\u011fan\u2019a Malezya ziyaretinde e\u015flik eden Emine Erdo\u011fan, ba\u015fkent Kuala Lumpur\u2019da Yunus Emre Enstit\u00fcs\u00fc (YEE) T\u00fcrk K\u00fclt\u00fcr Merkezi\u2019nin resmi a\u00e7\u0131l\u0131\u015f t\u00f6renine kat\u0131ld\u0131. A\u00e7\u0131l\u0131\u015fta konu\u015fan Emine Erdo\u011fan, \u00fcnl\u00fc tasavvuf ve halk \u015fairi Yunus Emre\u2019nin, &#8220;Gelin tan\u0131\u015f olal\u0131m&#8221; s\u00f6z\u00fcn\u00fc hat\u0131rlatarak, &#8220;\u0130\u015fte d\u00fcnyan\u0131n her bir k\u00f6\u015fesine g\u00f6t\u00fcrmeye \u00e7al\u0131\u015ft\u0131\u011f\u0131m\u0131z bu selam, enstit\u00fclerimizin temel ta\u015f\u0131d\u0131r&#8221; dedi.<\/p>\n<p>Birbirini tan\u0131man\u0131n en do\u011fru yolunun k\u00fclt\u00fcrel yak\u0131nla\u015fma oldu\u011funu vurgulayan Emine Erdo\u011fan, \u015f\u00f6yle devam etti:<\/p>\n<p>&#8220;Amac\u0131m\u0131z, yaln\u0131zca T\u00fcrk dilini ve k\u00fclt\u00fcr\u00fcn\u00fc aktarmak de\u011fil, y\u00fczy\u0131llar boyunca medeniyetlerin kesi\u015fme noktas\u0131 olmu\u015f \u00fclkemizin bu tecr\u00fcbesine yeni kesi\u015fme noktalar\u0131 eklemek arzusunday\u0131z. Bu \u00e7er\u00e7evede, Malezya\u2019n\u0131n farkl\u0131 k\u00fclt\u00fcrler ve dillere ev sahipli\u011fi yap\u0131yor olmas\u0131 bu al\u0131\u015fveri\u015fi son derece elveri\u015fli k\u0131lacakt\u0131r. Malezya halk\u0131n\u0131n misafirperverli\u011finin bizi kendi evimizde hissettirdi\u011fini s\u00f6ylemeliyim. \u0130nan\u0131yorum ki k\u0131sa zamanda bu enstit\u00fc iki \u00fclke aras\u0131ndaki dostlu\u011fu daha da peki\u015ftirecektir. K\u00fclt\u00fcr, e\u011fitim ve sanat alanlar\u0131nda ger\u00e7ekle\u015ftirece\u011fimiz etkinlikler birbirimizi anlamada ili\u015fkilerimizi \u00e7ok daha y\u00fcksek bir a\u015famaya ta\u015f\u0131yacakt\u0131r.&#8221;<\/p>\n<p>\u201cMalezya\u2019n\u0131n \u00e7ok k\u00fclt\u00fcrl\u00fcl\u00fc\u011f\u00fc ile bu \u00e7e\u015fitlilik i\u00e7inde \u00fcretti\u011fi huzur t\u00fcm d\u00fcnyaya \u00f6rnek\u201d<\/p>\n<p>Emine Erdo\u011fan, dost ve karde\u015f \u00fclke Malezya\u2019n\u0131n \u00e7ok k\u00fclt\u00fcrl\u00fcl\u00fc\u011f\u00fc ile bu \u00e7e\u015fitlilik i\u00e7inde \u00fcretti\u011fi huzurun t\u00fcm d\u00fcnyaya \u00f6rnek oldu\u011funu dile getirdi. Aradaki co\u011frafi mesafeye ra\u011fmen k\u00f6klerden gelen kalbi yak\u0131nl\u0131\u011f\u0131n\u0131n T\u00fcrkiye ile Malezya\u2019y\u0131 birbirine kenetledi\u011fini belirten Emine Erdo\u011fan, &#8220;Malezya\u2019n\u0131n, Asya\u2019n\u0131n kalbinde yer almas\u0131, T\u00fcrkiye\u2019nin ise iki k\u0131tan\u0131n birle\u015fme noktas\u0131nda olu\u015fu bizlere farkl\u0131 bak\u0131\u015f a\u00e7\u0131lar\u0131 kazand\u0131r\u0131yor&#8221; ifadelerini kulland\u0131. Emine Erdo\u011fan, iki \u00fclkenin de bulunduklar\u0131 co\u011frafyan\u0131n gelece\u011fini in\u015fa etmede \u00f6nemli roller \u00fcstlendi\u011fine dikkati \u00e7ekti. Gelece\u011fin in\u015fa edilmesinde, Malezya kad\u0131nlar\u0131n\u0131n g\u00fc\u00e7l\u00fc katk\u0131s\u0131n\u0131n son derece \u00f6nemli oldu\u011funu kaydeden Erdo\u011fan, &#8220;Malezya\u2019da kad\u0131nlar\u0131n, her i\u015fin alt\u0131ndan kalkan, ailelerini ve toplumlar\u0131n\u0131 kalk\u0131nd\u0131ran b\u00fcy\u00fck g\u00fc\u00e7lerinin fark\u0131nday\u0131m. D\u00fcnyan\u0131n refah ve huzur dolu bir gelece\u011fe kavu\u015fmas\u0131nda onlar\u0131n \u00e7ok \u00f6nemli bir pay\u0131 olacakt\u0131r&#8221; de\u011ferlendirmesinde bulundu.<\/p>\n<p>A\u00e7\u0131l\u0131\u015f\u0131n ard\u0131ndan Ok\u00e7ular Vakf\u0131 taraf\u0131ndan d\u00fczenlenen \u2019T\u00fcrk \u0130slam Medeniyetinde Ok\u00e7uluk Miras\u0131 Sergisi\u2019ni de gezen Emine Erdo\u011fan, Malezya\u2019da e\u011fitim g\u00f6ren T\u00fcrk \u00f6\u011frenciler ve T\u00fcrk\u00e7e \u00f6\u011frenen Malaylar ile de hat\u0131ra foto\u011fraf\u0131 \u00e7ektirdi.<\/p>\n<p>Programda Emine Erdo\u011fan\u2019a, Hazine ve Maliye Bakan\u0131 Berat Albayrak\u2019\u0131n e\u015fi Esra Albayrak, Milli Savunma Bakan\u0131 Hulusi Akar\u2019\u0131n e\u015fi \u015eule Akar ve \u0130\u00e7i\u015fleri Bakan\u0131 S\u00fcleyman Soylu\u2019nun e\u015fi Hamdiye Soylu ile AK Parti Genel Ba\u015fkanvekili Numan Kurtulmu\u015f\u2019un e\u015fi Sevgi Kurtulmu\u015f e\u015flik etti.<\/p>\n","protected":false},"excerpt":{"rendered":"<p>CUMHURBA\u015eKANI RECEP TAYY\u0130P ERDO\u011eAN&#8217;IN E\u015e\u0130 EM\u0130NE ERDO\u011eAN, MALEZYA\u2019DA YUNUS EMRE ENST\u0130T\u00dcS\u00dc T\u00dcRK K\u00dcLT\u00dcR MERKEZ\u0130\u2019N\u0130N A\u00c7ILI\u015e T\u00d6REN\u0130NE KATILDI.<\/p>\n","protected":false},"author":1,"featured_media":244288,"comment_status":"closed","ping_status":"open","sticky":false,"template":"","format":"standard","meta":{"jetpack_post_was_ever_published":false,"_jetpack_newsletter_access":"","_jetpack_dont_email_post_to_subs":false,"_jetpack_newsletter_tier_id":0,"_jetpack_memberships_contains_paywalled_content":false,"_jetpack_memberships_contains_paid_content":false,"footnotes":"","jetpack_publicize_message":"","jetpack_publicize_feature_enabled":true,"jetpack_social_post_already_shared":true,"jetpack_social_options":{"image_generator_settings":{"template":"highway","default_image_id":0,"font":"","enabled":false},"version":2}},"categories":[10],"tags":[1350,3444,6360,19146,649,1757,630,8472,6096,957,858],"class_list":["post-244287","post","type-post","status-publish","format-standard","has-post-thumbnail","hentry","category-dunya","tag-acilis","tag-emine","tag-emre","tag-enstitusu","tag-erdogan","tag-katildi","tag-kultur","tag-merkezinin","tag-torenine","tag-turk","tag-yunus"],"jetpack_publicize_connections":[],"jetpack_featured_media_url":"https:\/\/i0.wp.com\/www.tvturk.com\/wp-content\/uploads\/2019\/12\/emine-erdogan-yunus-emre-enstitusu-turk-kultur-merkezinin-acilis-torenine-katildi_4060cc5.jpg?fit=1000%2C660","jetpack_sharing_enabled":true,"jetpack_shortlink":"https:\/\/wp.me\/paKIfm-11y7","_links":{"self":[{"href":"http:\/\/www.tvturk.com\/index.php\/wp-json\/wp\/v2\/posts\/244287","targetHints":{"allow":["GET"]}}],"collection":[{"href":"http:\/\/www.tvturk.com\/index.php\/wp-json\/wp\/v2\/posts"}],"about":[{"href":"http:\/\/www.tvturk.com\/index.php\/wp-json\/wp\/v2\/types\/post"}],"author":[{"embeddable":true,"href":"http:\/\/www.tvturk.com\/index.php\/wp-json\/wp\/v2\/users\/1"}],"replies":[{"embeddable":true,"href":"http:\/\/www.tvturk.com\/index.php\/wp-json\/wp\/v2\/comments?post=244287"}],"version-history":[{"count":0,"href":"http:\/\/www.tvturk.com\/index.php\/wp-json\/wp\/v2\/posts\/244287\/revisions"}],"wp:featuredmedia":[{"embeddable":true,"href":"http:\/\/www.tvturk.com\/index.php\/wp-json\/wp\/v2\/media\/244288"}],"wp:attachment":[{"href":"http:\/\/www.tvturk.com\/index.php\/wp-json\/wp\/v2\/media?parent=244287"}],"wp:term":[{"taxonomy":"category","embeddable":true,"href":"http:\/\/www.tvturk.com\/index.php\/wp-json\/wp\/v2\/categories?post=244287"},{"taxonomy":"post_tag","embeddable":true,"href":"http:\/\/www.tvturk.com\/index.php\/wp-json\/wp\/v2\/tags?post=244287"}],"curies":[{"name":"wp","href":"https:\/\/api.w.org\/{rel}","templated":true}]}}