{"id":244319,"date":"2019-12-19T15:33:10","date_gmt":"2019-12-19T12:33:10","guid":{"rendered":"http:\/\/www.tvturk.com\/index.php\/coskun-demirbakan-takimin-sahada-durusundan-memnunum\/"},"modified":"2019-12-19T15:33:10","modified_gmt":"2019-12-19T12:33:10","slug":"coskun-demirbakan-takimin-sahada-durusundan-memnunum","status":"publish","type":"post","link":"http:\/\/www.tvturk.com\/index.php\/coskun-demirbakan-takimin-sahada-durusundan-memnunum\/","title":{"rendered":"Co\u015fkun Demirbakan: \u201cTak\u0131m\u0131n sahada duru\u015fundan memnunum\u201d"},"content":{"rendered":"<p>Eski\u015fehirspor Teknik Direkt\u00f6r\u00fc Co\u015fkun Demirbakan, ge\u00e7en hafta oynanan \u0130stanbulspor ma\u00e7\u0131 ile Bal\u0131kesirspor ma\u00e7\u0131 \u00f6ncesinde tak\u0131m\u0131n son durumunu de\u011ferlendirdi.<\/p>\n<p>Eski\u015fehirspor, ligin 16. haftas\u0131nda Ekol Hastanesi Bal\u0131kesirspor\u2019u konuk edecek. Devre aras\u0131 \u00f6ncesinde evinde oynayaca\u011f\u0131 son ma\u00e7a haz\u0131rlanan EsEs, g\u00f6z\u00fcn\u00fc 3 puana dikti. Eski\u015fehirspor Teknik Direkt\u00f6r\u00fc Co\u015fkun Demirbakan, Vali Hanefi Demirkol Tesislerinde ger\u00e7ekle\u015fen antrenman \u00f6ncesinde bas\u0131n mensuplar\u0131na a\u00e7\u0131klamalarda bulundu. Tak\u0131m\u0131n ruhsuz oldu\u011funu s\u00f6yleyenlere y\u00f6nelik sert ifadeler kullanan Demirbakan, \u201cBiz yava\u015f oynad\u0131\u011f\u0131m\u0131zda ruhsuz oynam\u0131yoruz. \u00c7ok ruhsuz bu tak\u0131m diyorlar ne yapaca\u011f\u0131z? Nereye ko\u015ftu\u011fumuz belli olmadan d\u0131g\u0131d\u0131k d\u0131g\u0131d\u0131k ko\u015facak m\u0131y\u0131z? \u015eu anda d\u00fcnyada b\u00fct\u00fcn kanallarda \u0130spanya ligi, Fransa, Amerika ligi g\u00f6steriliyor. B\u00f6yle bir \u015fey yok. Biz enerjimizi 90 dakikaya b\u00f6lece\u011fiz\u201d dedi.<\/p>\n<p>\u201cTak\u0131m\u0131n sahada duru\u015fundan memnunum\u201d<\/p>\n<p>Ge\u00e7en haftaki \u0130stanbulspor ma\u00e7\u0131n\u0131 de\u011ferlendiren tecr\u00fcbeli teknik adam, tak\u0131m\u0131n durumundan memnun oldu\u011funu s\u00f6yledi. Demirbakan, \u201c\u0130stanbulspor ma\u00e7\u0131nda tak\u0131m iyiydi. \u0130stanbulspor dedi\u011finiz tak\u0131m bir hafta \u00f6nce Akhisarspor\u2019a deplasmanda 3 gol atm\u0131\u015f. O tak\u0131ma fazla pozisyon vermedik. Ben tak\u0131m\u0131n sahada duru\u015fundan memnunum. Bizi ge\u00e7en hafta s\u0131k\u0131nt\u0131ya sokan \u015fey \u00f6ndeki adamlar\u0131n topu tutamamalar\u0131 oldu\u201d diye konu\u015ftu.<\/p>\n<p>\u201c12. adama g\u00fcveniyoruz\u201d<\/p>\n<p>Bal\u0131kesirspor ma\u00e7\u0131 \u00f6ncesi taraftara g\u00fcvendiklerini aktaran Co\u015fkun Demirbakan, \u201cBiz di\u011fer rakiplerimize nas\u0131l haz\u0131rland\u0131ysak Bal\u0131kesir ma\u00e7\u0131na da \u00f6yle haz\u0131rlan\u0131yoruz. Bu ma\u00e7 ilk devrenin son ma\u00e7\u0131 ve bu ma\u00e7ta 12. adama g\u00fcveniyoruz. Ma\u00e7 \u00f6ncesi eksik yok. 8 ki\u015fi de olmasa sahaya 11 ki\u015fi \u00e7\u0131kaca\u011f\u0131z\u201d \u015feklinde konu\u015ftu.<\/p>\n","protected":false},"excerpt":{"rendered":"<p>CO\u015eKUN DEM\u0130RBAKAN: \u201cTAKIMIN SAHADA DURU\u015eUNDAN MEMNUNUM\u201d<\/p>\n","protected":false},"author":1,"featured_media":244320,"comment_status":"closed","ping_status":"open","sticky":false,"template":"","format":"standard","meta":{"jetpack_post_was_ever_published":false,"_jetpack_newsletter_access":"","_jetpack_dont_email_post_to_subs":false,"_jetpack_newsletter_tier_id":0,"_jetpack_memberships_contains_paywalled_content":false,"_jetpack_memberships_contains_paid_content":false,"footnotes":"","jetpack_publicize_message":"","jetpack_publicize_feature_enabled":true,"jetpack_social_post_already_shared":true,"jetpack_social_options":{"image_generator_settings":{"template":"highway","default_image_id":0,"font":"","enabled":false},"version":2}},"categories":[657],"tags":[2514,8687,54213,36020,5938,16806],"class_list":["post-244319","post","type-post","status-publish","format-standard","has-post-thumbnail","hentry","category-spor","tag-coskun","tag-demirbakan","tag-durusundan","tag-memnunum","tag-sahada","tag-takimin"],"jetpack_publicize_connections":[],"jetpack_featured_media_url":"https:\/\/i0.wp.com\/www.tvturk.com\/wp-content\/uploads\/2019\/12\/coskun-demirbakan-takimin-sahada-durusundan-memnunum_760a89d.jpg?fit=1000%2C717","jetpack_sharing_enabled":true,"jetpack_shortlink":"https:\/\/wp.me\/paKIfm-11yD","_links":{"self":[{"href":"http:\/\/www.tvturk.com\/index.php\/wp-json\/wp\/v2\/posts\/244319","targetHints":{"allow":["GET"]}}],"collection":[{"href":"http:\/\/www.tvturk.com\/index.php\/wp-json\/wp\/v2\/posts"}],"about":[{"href":"http:\/\/www.tvturk.com\/index.php\/wp-json\/wp\/v2\/types\/post"}],"author":[{"embeddable":true,"href":"http:\/\/www.tvturk.com\/index.php\/wp-json\/wp\/v2\/users\/1"}],"replies":[{"embeddable":true,"href":"http:\/\/www.tvturk.com\/index.php\/wp-json\/wp\/v2\/comments?post=244319"}],"version-history":[{"count":0,"href":"http:\/\/www.tvturk.com\/index.php\/wp-json\/wp\/v2\/posts\/244319\/revisions"}],"wp:featuredmedia":[{"embeddable":true,"href":"http:\/\/www.tvturk.com\/index.php\/wp-json\/wp\/v2\/media\/244320"}],"wp:attachment":[{"href":"http:\/\/www.tvturk.com\/index.php\/wp-json\/wp\/v2\/media?parent=244319"}],"wp:term":[{"taxonomy":"category","embeddable":true,"href":"http:\/\/www.tvturk.com\/index.php\/wp-json\/wp\/v2\/categories?post=244319"},{"taxonomy":"post_tag","embeddable":true,"href":"http:\/\/www.tvturk.com\/index.php\/wp-json\/wp\/v2\/tags?post=244319"}],"curies":[{"name":"wp","href":"https:\/\/api.w.org\/{rel}","templated":true}]}}