{"id":244329,"date":"2019-12-19T16:01:19","date_gmt":"2019-12-19T13:01:19","guid":{"rendered":"http:\/\/www.tvturk.com\/index.php\/turkiye-ile-malezya-islamofobi-ile-mucadeleye-yonelik-iletisim-projesi-mutabakatini-imzaladi\/"},"modified":"2019-12-19T16:01:19","modified_gmt":"2019-12-19T13:01:19","slug":"turkiye-ile-malezya-islamofobi-ile-mucadeleye-yonelik-iletisim-projesi-mutabakatini-imzaladi","status":"publish","type":"post","link":"http:\/\/www.tvturk.com\/index.php\/turkiye-ile-malezya-islamofobi-ile-mucadeleye-yonelik-iletisim-projesi-mutabakatini-imzaladi\/","title":{"rendered":"T\u00fcrkiye ile Malezya, \u0130slamofobi ile M\u00fccadeleye Y\u00f6nelik \u0130leti\u015fim Projesi mutabakat\u0131n\u0131 imzalad\u0131"},"content":{"rendered":"<p>T\u00fcrkiye ile Malezya aras\u0131nda, \u0130slamofobi ile M\u00fccadeleye Y\u00f6nelik \u0130leti\u015fim Projesi i\u00e7in mutabakat zapt\u0131 imzaland\u0131. Cumhurba\u015fkan\u0131 Recep Tayyip Erdo\u011fan ve Malezya Ba\u015fbakan\u0131 Mahathir Muhammed nezaretindeki t\u00f6rende, mutabakat zapt\u0131na T\u00fcrkiye ad\u0131na \u0130leti\u015fim Ba\u015fkan\u0131 Fahrettin Altun imza att\u0131. \u0130stanbul\u2019da t\u00fcm projenin komuta merkezi g\u00f6revini g\u00f6recek bir \u0130leti\u015fim Merkezi kurulacak.<\/p>\n<p>T\u00fcrkiye ve Malezya aras\u0131nda imzalanan \u0130slamofobi ile M\u00fccadeleye Y\u00f6nelik \u0130leti\u015fim Projesi mutabakat zapt\u0131yla, \u0130slam kar\u015f\u0131t\u0131 tutumlarla m\u00fccadele etmek i\u00e7in bir yap\u0131 olu\u015fturulmas\u0131 ama\u00e7lan\u0131yor. Operasyonel merkezinin \u0130stanbul\u2019da olmas\u0131na karar verilen proje, \u0130slam ve M\u00fcsl\u00fcmanlara kar\u015f\u0131 kurumsal, yap\u0131sal ve s\u00f6ylemsel \u00f6nyarg\u0131 ve ba\u011fnazl\u0131k ile m\u00fccadeleyi hedefliyor. \u0130slam hakk\u0131ndaki olumsuz alg\u0131n\u0131n yok edilmesi, ger\u00e7ek \u0130slami de\u011ferler hakk\u0131nda k\u00fcresel \u00e7apta fark\u0131ndal\u0131\u011f\u0131n artt\u0131r\u0131lmas\u0131, M\u00fcsl\u00fcmanlar\u0131 \u0130slam kar\u015f\u0131t\u0131 tutumlara kar\u015f\u0131 destekleme amac\u0131na y\u00f6nelik bilgi al\u0131\u015fveri\u015fi i\u00e7in bir platform sa\u011flanmas\u0131, yanl\u0131\u015f kan\u0131lar ve basmakal\u0131p inan\u0131\u015flar\u0131 azaltmak amac\u0131yla \u0130slam d\u00fcnyas\u0131 ile Bat\u0131 aras\u0131ndaki ili\u015fkilerin geli\u015ftirilmesi, ho\u015fg\u00f6r\u00fc, birlikte ya\u015fama ve k\u00fclt\u00fcrler aras\u0131 ili\u015fkiler konular\u0131nda fark\u0131ndal\u0131k olu\u015fturulmas\u0131 ve \u0130slam kar\u015f\u0131t\u0131 tutumlar ile m\u00fccadelede a\u015famal\u0131 olarak d\u00fcnya \u00e7ap\u0131nda bir markaya d\u00f6n\u00fc\u015f\u00fclmesi de projenin ama\u00e7lar\u0131 aras\u0131nda yer al\u0131yor.<\/p>\n<p>\u0130stanbul\u2019da projenin komuta merkezi olacak \u0130leti\u015fim Merkezi\u2019nin idaresinde, daha sonra \u0130slam kar\u015f\u0131t\u0131 tutumlar ile m\u00fccadele oda\u011f\u0131nda \u0130ngilizce yay\u0131n yapacak bir kanal kurulmas\u0131 da hedefleniyor. Merkez, oda\u011f\u0131nda haberler, belgeseller, bilgilendirici videolar ile benzer di\u011fer i\u00e7eri\u011fin payla\u015f\u0131laca\u011f\u0131 dijital bir platformu i\u015fletecek. K\u00fcresel \u00e7apta i\u00e7eriklerin geli\u015ftirilece\u011fi \u0130leti\u015fim Merkezi\u2019nde, d\u00fcnya \u00e7ap\u0131nda \u0130slam kar\u015f\u0131t\u0131 tutumlar ile ba\u011flant\u0131l\u0131 olaylar hakk\u0131nda veri toplanmas\u0131 ve toplanan verilerin k\u00fcresel fark\u0131ndal\u0131k olu\u015fturmak i\u00e7in kullan\u0131lmas\u0131 amac\u0131yla bir \u00e7a\u011fr\u0131 merkezi de kurulacak. Proje kapsam\u0131nda ara\u015ft\u0131rma \u00e7al\u0131\u015fmalar\u0131 ve periyodik yay\u0131nlar yap\u0131lacak ve proje hedeflerine ula\u015f\u0131lmas\u0131na y\u00f6nelik olarak konferanslar ve di\u011fer etkinlikler d\u00fczenlenecek. \u0130stanbul\u2019daki \u0130leti\u015fim Merkezi\u2019nin kurulmas\u0131n\u0131n ard\u0131ndan, i\u015ftirak\u00e7i \u00fclkelerde bu merkezin \u015fubeleri a\u00e7\u0131labilecek.<\/p>\n<p>\u0130leti\u015fim Ba\u015fkan\u0131 Fahrettin Altun projeye ili\u015fkin yapt\u0131\u011f\u0131 a\u00e7\u0131klamada, \u0130slamofobi ile m\u00fccadele \u00e7at\u0131s\u0131 alt\u0131nda g\u00fc\u00e7l\u00fc bir ileti\u015fim merkezi kuracaklar\u0131n\u0131 belirterek, buradan uluslararas\u0131 bir marka ortaya \u00e7\u0131kaca\u011f\u0131na inand\u0131klar\u0131n\u0131 ifade etmi\u015fti. Altun, T\u00fcrkiye\u2019deki mevcut birikim ve kapasitenin bu proje i\u00e7in \u00f6nemli bir imkan sunaca\u011f\u0131n\u0131 kaydetmi\u015fti. \u0130slamofobi ve \u0130slam kar\u015f\u0131tl\u0131\u011f\u0131na kar\u015f\u0131 uluslararas\u0131 ve \u00e7ok boyutlu bir m\u00fccadele gerekti\u011fine i\u015faret eden Altun, konunun hassasiyeti ve \u00f6nemi dolay\u0131s\u0131yla m\u00fcstakil olarak bu m\u00fccadeleye odaklanm\u0131\u015f bir giri\u015fimin ihtiya\u00e7 oldu\u011funu dile getirmi\u015fti.<\/p>\n","protected":false},"excerpt":{"rendered":"<p>T\u00dcRK\u0130YE \u0130LE MALEZYA ARASINDA, \u0130SLAMOFOB\u0130 \u0130LE M\u00dcCADELEYE Y\u00d6NEL\u0130K \u0130LET\u0130\u015e\u0130M PROJES\u0130 \u0130\u00c7\u0130N MUTABAKAT ZAPTI \u0130MZALANDI. CUMHURBA\u015eKANI RECEP TAYY\u0130P ERDO\u011eAN VE MALEZYA BA\u015eBAKANI MAHATH\u0130R MUHAMMED NEZARET\u0130NDEK\u0130 T\u00d6RENDE, MUTABAKAT ZAPTINA T\u00dcRK\u0130YE ADINA \u0130LET\u0130\u015e\u0130M BA\u015eKANI FAHRETT\u0130N ALTUN \u0130MZA ATTI. \u0130STANBUL\u2019DA T\u00dcM PROJEN\u0130N KOMUTA MERKEZ\u0130 G\u00d6REV\u0130N\u0130 G\u00d6RECEK B\u0130R \u0130LET\u0130\u015e\u0130M MERKEZ\u0130 KURULACAK.<\/p>\n","protected":false},"author":1,"featured_media":244330,"comment_status":"closed","ping_status":"open","sticky":false,"template":"","format":"standard","meta":{"jetpack_post_was_ever_published":false,"_jetpack_newsletter_access":"","_jetpack_dont_email_post_to_subs":false,"_jetpack_newsletter_tier_id":0,"_jetpack_memberships_contains_paywalled_content":false,"_jetpack_memberships_contains_paid_content":false,"footnotes":"","jetpack_publicize_message":"","jetpack_publicize_feature_enabled":true,"jetpack_social_post_already_shared":true,"jetpack_social_options":{"image_generator_settings":{"template":"highway","default_image_id":0,"font":"","enabled":false},"version":2}},"categories":[10],"tags":[24952,192,3671,2317,27665,5830,60894,1324,453,1843],"class_list":["post-244329","post","type-post","status-publish","format-standard","has-post-thumbnail","hentry","category-dunya","tag-islamofobi","tag-ile","tag-iletisim","tag-imzaladi","tag-malezya","tag-mucadeleye","tag-mutabakatini","tag-projesi","tag-turkiye","tag-yonelik"],"jetpack_publicize_connections":[],"jetpack_featured_media_url":"https:\/\/i0.wp.com\/www.tvturk.com\/wp-content\/uploads\/2019\/12\/turkiye-ile-malezya-islamofobi-ile-mucadeleye-yonelik-iletisim-projesi-mutabakatini-imzaladi_472a848.jpg?fit=1000%2C704","jetpack_sharing_enabled":true,"jetpack_shortlink":"https:\/\/wp.me\/paKIfm-11yN","_links":{"self":[{"href":"http:\/\/www.tvturk.com\/index.php\/wp-json\/wp\/v2\/posts\/244329","targetHints":{"allow":["GET"]}}],"collection":[{"href":"http:\/\/www.tvturk.com\/index.php\/wp-json\/wp\/v2\/posts"}],"about":[{"href":"http:\/\/www.tvturk.com\/index.php\/wp-json\/wp\/v2\/types\/post"}],"author":[{"embeddable":true,"href":"http:\/\/www.tvturk.com\/index.php\/wp-json\/wp\/v2\/users\/1"}],"replies":[{"embeddable":true,"href":"http:\/\/www.tvturk.com\/index.php\/wp-json\/wp\/v2\/comments?post=244329"}],"version-history":[{"count":0,"href":"http:\/\/www.tvturk.com\/index.php\/wp-json\/wp\/v2\/posts\/244329\/revisions"}],"wp:featuredmedia":[{"embeddable":true,"href":"http:\/\/www.tvturk.com\/index.php\/wp-json\/wp\/v2\/media\/244330"}],"wp:attachment":[{"href":"http:\/\/www.tvturk.com\/index.php\/wp-json\/wp\/v2\/media?parent=244329"}],"wp:term":[{"taxonomy":"category","embeddable":true,"href":"http:\/\/www.tvturk.com\/index.php\/wp-json\/wp\/v2\/categories?post=244329"},{"taxonomy":"post_tag","embeddable":true,"href":"http:\/\/www.tvturk.com\/index.php\/wp-json\/wp\/v2\/tags?post=244329"}],"curies":[{"name":"wp","href":"https:\/\/api.w.org\/{rel}","templated":true}]}}