{"id":244335,"date":"2019-12-19T16:16:02","date_gmt":"2019-12-19T13:16:02","guid":{"rendered":"http:\/\/www.tvturk.com\/index.php\/putin-libya-konusu-moskovaya-gelecek-olan-turk-heyetiyle-ele-alinacak\/"},"modified":"2019-12-19T16:16:02","modified_gmt":"2019-12-19T13:16:02","slug":"putin-libya-konusu-moskovaya-gelecek-olan-turk-heyetiyle-ele-alinacak","status":"publish","type":"post","link":"http:\/\/www.tvturk.com\/index.php\/putin-libya-konusu-moskovaya-gelecek-olan-turk-heyetiyle-ele-alinacak\/","title":{"rendered":"Putin: &#8220;Libya konusu Moskova\u2019ya gelecek olan T\u00fcrk heyetiyle ele al\u0131nacak&#8221;"},"content":{"rendered":"<p>Rusya Devlet Ba\u015fkan\u0131 Vladimir Putin 2019 y\u0131l\u0131 de\u011ferlendirme toplant\u0131s\u0131nda, &#8220;Libya konusu Moskova\u2019ya gelecek olan T\u00fcrk heyetiyle ele al\u0131nacak&#8221; a\u00e7\u0131klamas\u0131nda bulundu.<\/p>\n<p>Rusya Devlet Ba\u015fkan\u0131 Vladimir Putin\u2019in bu y\u0131l 15.sini ger\u00e7ekle\u015ftirdi\u011fi y\u0131l sonu de\u011ferlendirme toplant\u0131s\u0131na Rusya, ABD ve T\u00fcrkiye\u2019nin de aralar\u0131nda bulundu\u011fu \u00e7ok say\u0131da \u00fclkeden toplam bin 895 gazeteci kat\u0131ld\u0131. \u00d6zellikle Rusya-ABD ili\u015fkilerine dair soru alan Putin, rakibi olarak g\u00f6r\u00fclen \u00fclkenin kendilerine kar\u015f\u0131 politikalar\u0131n\u0131 ele\u015ftirdi. ABD ile Rusya aras\u0131nda s\u00fcren ve \u00f6n\u00fcm\u00fczdeki \u015eubat ay\u0131nda sona erecek olan Stratejik Silahlar\u0131n Azalt\u0131lmas\u0131 Anla\u015fmas\u0131 (START) \u00fczerine a\u00e7\u0131klamalarda bulunan Putin, Rusya olarak bu anla\u015fmay\u0131 uzatma konusunda istekli olduklar\u0131n\u0131 belirterek ABD taraf\u0131ndan hen\u00fcz bir cevap alamad\u0131klar\u0131n\u0131 ifade etti.<\/p>\n<p>Trump\u2019\u0131n azil s\u00fcreci<\/p>\n<p>ABD Ba\u015fkan\u0131 Donald Trump\u2019\u0131n i\u00e7 politikada s\u00fcren azil s\u00fcreciyle ilgili g\u00f6r\u00fc\u015flerini dile getiren Putin, &#8220;Trump\u2019\u0131n azil s\u00fcreci tamamen yapay gerek\u00e7elere dayan\u0131yor. T\u00fcm bu s\u00fcre\u00e7, se\u00e7imi kaybeden Demokratlar\u0131n giri\u015fti\u011fi i\u00e7 kavgan\u0131n neticesi. Trump\u2019\u0131 ilk ba\u015fta Rusya\u2019yla i\u015f birli\u011fi yapmakla su\u00e7lam\u0131\u015flard\u0131. \u015eimdi de Ukrayna\u2019ya bask\u0131 yapmakla itham ediyorlar. ABD Temsilciler Meclisi\u2019nin g\u00f6revden azlini onaylam\u0131\u015f olmas\u0131n\u0131n, Trump\u2019\u0131n ba\u015fkanl\u0131\u011f\u0131n\u0131n sonu oldu\u011fundan emin de\u011filim. Senato\u2019nun Trump\u2019\u0131 g\u00f6revden alaca\u011f\u0131n\u0131 sanm\u0131yorum&#8221; ifadelerini kulland\u0131.<\/p>\n<p>&#8220;Libya konusu T\u00fcrk heyetiyle ele al\u0131nacak&#8221;<\/p>\n<p>Libya\u2019da ya\u015fanan i\u00e7 sava\u015fla ilgili de\u011ferlendirmelerde bulunan Putin, konu ile ilgili Moskova\u2019da T\u00fcrk heyetiyle g\u00f6r\u00fc\u015fme ger\u00e7ekle\u015ftirilece\u011fini belirterek, &#8220;Libya\u2019dakinin hassas bir sorun oldu\u011funu biliyoruz. Libya\u2019da kar\u015f\u0131 kar\u015f\u0131ya olan taraflarla \u00e7e\u015fitli \u00fclkelerin ili\u015fki i\u00e7inde oldu\u011funu, s\u00f6z konusu ili\u015fkilerin seviyesinin de \u00e7e\u015fitlilik g\u00f6sterdi\u011finin bilincindeyiz. Libya konusu Moskova\u2019ya gelecek olan T\u00fcrk heyetiyle ele al\u0131nacak&#8221; dedi.<\/p>\n<p>Rus gaz\u0131n\u0131n Avrupa\u2019ya aktar\u0131m\u0131 konusunda T\u00fcrk Ak\u0131m\u0131 ve Kuzey Ak\u0131m 2 gibi yeni projeler i\u00e7in \u00e7al\u0131\u015fmalara devam edildi\u011fini hat\u0131rlatan Putin, gaz ak\u0131\u015f\u0131 i\u00e7in Ukrayna hatt\u0131ndan vazge\u00e7meyeceklerini ifade ederek, &#8220;T\u00fcrk Ak\u0131m ya da Kuzey Ak\u0131m 2 gibi yeni do\u011fal gaz boru hatt\u0131 projelerine ra\u011fmen \u00fclkemizde \u00e7\u0131kar\u0131lan do\u011fal gaz\u0131n Ukrayna \u00fcst\u00fcnden transit yoluyla ba\u015fkalar\u0131na ula\u015ft\u0131r\u0131lmas\u0131na devam edece\u011fiz. Do\u011fal gaz\u0131n Ukrayna \u00fcst\u00fcnden transit yolla Avrupa\u2019ya iletilmesi, bizim i\u00e7in daha maliyetli. Ancak Rusya bu transit yolunu korumaya haz\u0131r&#8221; dedi. Ukrayna ile Rusya aras\u0131nda s\u00fcren do\u011fal gaz sevk\u0131yat\u0131 anla\u015fmas\u0131na dair g\u00f6r\u00fc\u015fmelerin s\u00fcrd\u00fc\u011f\u00fcn\u00fc kaydeden Putin, bu konuda Ukrayna\u2019ya ucuz do\u011fal gaz sa\u011flayabileceklerini de s\u00f6zlerine ekledi.<\/p>\n","protected":false},"excerpt":{"rendered":"<p>RUSYA DEVLET BA\u015eKANI VLAD\u0130M\u0130R PUT\u0130N 2019 YILI DE\u011eERLEND\u0130RME TOPLANTISINDA, &#8220;L\u0130BYA KONUSU MOSKOVA&#8217;YA GELECEK OLAN T\u00dcRK HEYET\u0130YLE ELE ALINACAK&#8221; A\u00c7IKLAMASINDA BULUNDU.<\/p>\n","protected":false},"author":1,"featured_media":244336,"comment_status":"closed","ping_status":"open","sticky":false,"template":"","format":"standard","meta":{"jetpack_post_was_ever_published":false,"_jetpack_newsletter_access":"","_jetpack_dont_email_post_to_subs":false,"_jetpack_newsletter_tier_id":0,"_jetpack_memberships_contains_paywalled_content":false,"_jetpack_memberships_contains_paid_content":false,"footnotes":"","jetpack_publicize_message":"","jetpack_publicize_feature_enabled":true,"jetpack_social_post_already_shared":true,"jetpack_social_options":{"image_generator_settings":{"template":"highway","default_image_id":0,"font":"","enabled":false},"version":2}},"categories":[10],"tags":[496,385,81,18602,4660,8757,26388,572,11790,957],"class_list":["post-244335","post","type-post","status-publish","format-standard","has-post-thumbnail","hentry","category-dunya","tag-alinacak","tag-ele","tag-gelecek","tag-heyetiyle","tag-konusu","tag-libya","tag-moskovaya","tag-olan","tag-putin","tag-turk"],"jetpack_publicize_connections":[],"jetpack_featured_media_url":"https:\/\/i0.wp.com\/www.tvturk.com\/wp-content\/uploads\/2019\/12\/putin-libya-konusu-moskovaya-gelecek-olan-turk-heyetiyle-ele-alinacak_72443a0.jpg?fit=1000%2C694","jetpack_sharing_enabled":true,"jetpack_shortlink":"https:\/\/wp.me\/paKIfm-11yT","_links":{"self":[{"href":"http:\/\/www.tvturk.com\/index.php\/wp-json\/wp\/v2\/posts\/244335","targetHints":{"allow":["GET"]}}],"collection":[{"href":"http:\/\/www.tvturk.com\/index.php\/wp-json\/wp\/v2\/posts"}],"about":[{"href":"http:\/\/www.tvturk.com\/index.php\/wp-json\/wp\/v2\/types\/post"}],"author":[{"embeddable":true,"href":"http:\/\/www.tvturk.com\/index.php\/wp-json\/wp\/v2\/users\/1"}],"replies":[{"embeddable":true,"href":"http:\/\/www.tvturk.com\/index.php\/wp-json\/wp\/v2\/comments?post=244335"}],"version-history":[{"count":0,"href":"http:\/\/www.tvturk.com\/index.php\/wp-json\/wp\/v2\/posts\/244335\/revisions"}],"wp:featuredmedia":[{"embeddable":true,"href":"http:\/\/www.tvturk.com\/index.php\/wp-json\/wp\/v2\/media\/244336"}],"wp:attachment":[{"href":"http:\/\/www.tvturk.com\/index.php\/wp-json\/wp\/v2\/media?parent=244335"}],"wp:term":[{"taxonomy":"category","embeddable":true,"href":"http:\/\/www.tvturk.com\/index.php\/wp-json\/wp\/v2\/categories?post=244335"},{"taxonomy":"post_tag","embeddable":true,"href":"http:\/\/www.tvturk.com\/index.php\/wp-json\/wp\/v2\/tags?post=244335"}],"curies":[{"name":"wp","href":"https:\/\/api.w.org\/{rel}","templated":true}]}}