{"id":24434,"date":"2019-02-12T11:56:14","date_gmt":"2019-02-12T08:56:14","guid":{"rendered":"http:\/\/www.tvturk.com\/index.php\/okul-koridorunda-sanat-atolyesi\/"},"modified":"2019-02-12T11:56:17","modified_gmt":"2019-02-12T08:56:17","slug":"okul-koridorunda-sanat-atolyesi","status":"publish","type":"post","link":"http:\/\/www.tvturk.com\/index.php\/okul-koridorunda-sanat-atolyesi\/","title":{"rendered":"Okul koridorunda sanat at\u00f6lyesi"},"content":{"rendered":"<p>Ordu\u2019nun Fatsa il\u00e7esinde Eczac\u0131 \u0130lhan Hazinedar Ortaokulu \u00f6\u011frencileri 2023 Vizyonu \u00e7er\u00e7evesinde okulun koridorunda olu\u015fturulan sanat at\u00f6lyesinde \u00e7e\u015fit \u00e7e\u015fit enstr\u00fcmanlar sayesinde yetenekli \u00f6\u011frenciler yeti\u015fiyor.<\/p>\n<p>Bu sayede tablet, televizyon, telefon gibi ara\u00e7lar ba\u015f\u0131nda uzun zaman ge\u00e7irme al\u0131\u015fkanl\u0131\u011f\u0131ndan kurtulan \u00f6\u011frenciler yorucu ders programlar\u0131 ve s\u0131nav stresinden de kendilerini rahatlat\u0131yorlar. Okulun koridorunda olu\u015fturulan sanat at\u00f6lyesinde hem ho\u015f\u00e7a vakit ge\u00e7iren hem yeteneklerini sergileyen \u00f6\u011frenciler hem de el becerilerini geli\u015ftiriyorlar.<\/p>\n<p>Eczac\u0131 \u0130lhan Hazinedar Ortaokulu M\u00fcd\u00fcr\u00fc Kadir Ba\u015fda\u011f, g\u00fcn\u00fcm\u00fczde \u00f6\u011frencileri olumsuz etkileyen ve hayatla ba\u011flant\u0131lar\u0131n\u0131 koparan tablet, televizyon, telefon y\u00fcz\u00fcnden akranlar\u0131yla ileti\u015fimlerinin zay\u0131flad\u0131\u011f\u0131n\u0131 g\u00f6zlemlediklerini, bu nedenle \u00f6\u011frencileri sanata, spora,k\u00fclt\u00fcrel faaliyetlere y\u00f6nlendirerek bo\u015f vakitlerini dolu dolu ge\u00e7irmelerini sa\u011flad\u0131klar\u0131n\u0131 s\u00f6yledi. \u00d6\u011frencilerin sanat soka\u011f\u0131 koridorunda bir yanda resim, bir yanda ba\u011flama, gitar, fl\u00fct, keman, piyano ve melodikay\u0131 ustal\u0131kla \u00e7alarak becerileriyle \u00f6rnek olu\u015fturduklar\u0131n\u0131 belirten Ba\u015fda\u011f, \u201cSanat at\u00f6lyemizde \u00c7ar\u015famba g\u00fcnleri yap\u0131lan etkinliklerde \u00f6\u011frencilerimiz yeteneklerini sergilerlerken \u00f6zg\u00fcvenlerini de kazanm\u0131\u015f oluyorlar. Aralar\u0131ndaki olumlu etkile\u015fim de geli\u015fiyor. Di\u011fer \u00f6\u011frencilerin de sanata ilgi duymas\u0131n\u0131 sa\u011flayan bu projede \u015fu ana kadar bir\u00e7ok program yap\u0131ld\u0131. Okulumuzda sanat\u0131n en g\u00fczel soka\u011f\u0131nda yeni yetenekler boy g\u00f6stermeye ba\u015flad\u0131\u201d dedi.<\/p>\n<p>Her hafta \u00c7ar\u015famba g\u00fcn\u00fc sanat at\u00f6lyesine giderek \u00e7e\u015fitli enstr\u00fcmanlar \u00e7alan \u00f6\u011frenciler ise memnuniyetlerini dile getirerek hem stres att\u0131klar\u0131n\u0131 hem de el becerilerini geli\u015ftirdiklerini ifade ettiler.<div class=\"tiled-gallery type-rectangular tiled-gallery-unresized\" data-original-width=\"500\" data-carousel-extra='null' itemscope itemtype=\"http:\/\/schema.org\/ImageGallery\" > <div class=\"gallery-row\" style=\"width: 500px; height: 251px;\" data-original-width=\"500\" data-original-height=\"251\" > <div class=\"gallery-group images-1\" style=\"width: 334px; height: 251px;\" data-original-width=\"334\" data-original-height=\"251\" > <div class=\"tiled-gallery-item tiled-gallery-item-large\" itemprop=\"associatedMedia\" itemscope itemtype=\"http:\/\/schema.org\/ImageObject\"> <a href=\"http:\/\/www.tvturk.com\/index.php\/okul-koridorunda-sanat-atolyesi\/okul-koridorunda-sanat-atolyesi-3\/\" border=\"0\" itemprop=\"url\"> <meta itemprop=\"width\" content=\"330\"> <meta itemprop=\"height\" content=\"247\"> <img decoding=\"async\" class=\"\" data-attachment-id=\"24436\" data-orig-file=\"http:\/\/www.tvturk.com\/wp-content\/uploads\/2019\/02\/okul-koridorunda-sanat-atolyesi_74998f5.jpg\" data-orig-size=\"1000,750\" data-comments-opened=\"\" data-image-meta=\"{&quot;aperture&quot;:&quot;0&quot;,&quot;credit&quot;:&quot;IHA&quot;,&quot;camera&quot;:&quot;&quot;,&quot;caption&quot;:&quot;ORDU\\u2019NUN FATSA \\u0130L\\u00c7ES\\u0130NDE ECZACI \\u0130LHAN HAZ\\u0130NEDAR ORTAOKULU \\u00d6\\u011eRENC\\u0130LER\\u0130 2023 V\\u0130ZYONU \\u00c7ER\\u00c7EVES\\u0130NDE OKULUN KOR\\u0130DORUNDA OLU\\u015eTURULAN SANAT AT\\u00d6LYES\\u0130NDE \\u00c7E\\u015e\\u0130T \\u00c7E\\u015e\\u0130T ENSTR\\u00dcMANLAR SAYES\\u0130NDE YETENEKL\\u0130 \\u00d6\\u011eRENC\\u0130LER YET\\u0130\\u015e\\u0130YOR. (AHMET ALTAY\\\/ORDU-\\u0130HA)&quot;,&quot;created_timestamp&quot;:&quot;0&quot;,&quot;copyright&quot;:&quot;\\u0130HLAS HABER AJANSI, www.iha.com.tr&quot;,&quot;focal_length&quot;:&quot;0&quot;,&quot;iso&quot;:&quot;0&quot;,&quot;shutter_speed&quot;:&quot;0&quot;,&quot;title&quot;:&quot;OKUL KOR\\u0130DORUNDA SANAT AT\\u00d6LYES\\u0130&quot;,&quot;orientation&quot;:&quot;0&quot;}\" data-image-title=\"Okul koridorunda sanat at\u00f6lyesi\" data-image-description=\"&lt;p&gt;Okul koridorunda sanat at\u00f6lyesi&lt;\/p&gt; \" data-medium-file=\"https:\/\/i0.wp.com\/www.tvturk.com\/wp-content\/uploads\/2019\/02\/okul-koridorunda-sanat-atolyesi_74998f5.jpg?fit=300%2C225\" data-large-file=\"https:\/\/i0.wp.com\/www.tvturk.com\/wp-content\/uploads\/2019\/02\/okul-koridorunda-sanat-atolyesi_74998f5.jpg?fit=1000%2C750\" src=\"https:\/\/i0.wp.com\/www.tvturk.com\/wp-content\/uploads\/2019\/02\/okul-koridorunda-sanat-atolyesi_74998f5.jpg?w=330&#038;h=247\" srcset=\"https:\/\/i0.wp.com\/www.tvturk.com\/wp-content\/uploads\/2019\/02\/okul-koridorunda-sanat-atolyesi_74998f5.jpg?w=1000 1000w, https:\/\/i0.wp.com\/www.tvturk.com\/wp-content\/uploads\/2019\/02\/okul-koridorunda-sanat-atolyesi_74998f5.jpg?resize=150%2C113 150w, https:\/\/i0.wp.com\/www.tvturk.com\/wp-content\/uploads\/2019\/02\/okul-koridorunda-sanat-atolyesi_74998f5.jpg?resize=300%2C225 300w, https:\/\/i0.wp.com\/www.tvturk.com\/wp-content\/uploads\/2019\/02\/okul-koridorunda-sanat-atolyesi_74998f5.jpg?resize=768%2C576 768w\" width=\"330\" height=\"247\" loading=\"lazy\" data-original-width=\"330\" data-original-height=\"247\" itemprop=\"http:\/\/schema.org\/image\" title=\"Okul koridorunda sanat at\u00f6lyesi\" alt=\"Okul koridorunda sanat at\u00f6lyesi\" style=\"width: 330px; height: 247px;\" \/> <\/a> <\/div> <\/div> <!-- close group --> <div class=\"gallery-group images-2\" style=\"width: 166px; height: 251px;\" data-original-width=\"166\" data-original-height=\"251\" > <div class=\"tiled-gallery-item tiled-gallery-item-small\" itemprop=\"associatedMedia\" itemscope itemtype=\"http:\/\/schema.org\/ImageObject\"> <a href=\"http:\/\/www.tvturk.com\/index.php\/okul-koridorunda-sanat-atolyesi\/okul-koridorunda-sanat-atolyesi-4\/\" border=\"0\" itemprop=\"url\"> <meta itemprop=\"width\" content=\"162\"> <meta itemprop=\"height\" content=\"122\"> <img decoding=\"async\" class=\"\" data-attachment-id=\"24437\" data-orig-file=\"http:\/\/www.tvturk.com\/wp-content\/uploads\/2019\/02\/okul-koridorunda-sanat-atolyesi_b220302.jpg\" data-orig-size=\"1000,750\" data-comments-opened=\"\" data-image-meta=\"{&quot;aperture&quot;:&quot;0&quot;,&quot;credit&quot;:&quot;IHA&quot;,&quot;camera&quot;:&quot;&quot;,&quot;caption&quot;:&quot;ORDU\\u2019NUN FATSA \\u0130L\\u00c7ES\\u0130NDE ECZACI \\u0130LHAN HAZ\\u0130NEDAR ORTAOKULU \\u00d6\\u011eRENC\\u0130LER\\u0130 2023 V\\u0130ZYONU \\u00c7ER\\u00c7EVES\\u0130NDE OKULUN KOR\\u0130DORUNDA OLU\\u015eTURULAN SANAT AT\\u00d6LYES\\u0130NDE \\u00c7E\\u015e\\u0130T \\u00c7E\\u015e\\u0130T ENSTR\\u00dcMANLAR SAYES\\u0130NDE YETENEKL\\u0130 \\u00d6\\u011eRENC\\u0130LER YET\\u0130\\u015e\\u0130YOR. (AHMET ALTAY\\\/ORDU-\\u0130HA)&quot;,&quot;created_timestamp&quot;:&quot;0&quot;,&quot;copyright&quot;:&quot;\\u0130HLAS HABER AJANSI, www.iha.com.tr&quot;,&quot;focal_length&quot;:&quot;0&quot;,&quot;iso&quot;:&quot;0&quot;,&quot;shutter_speed&quot;:&quot;0&quot;,&quot;title&quot;:&quot;OKUL KOR\\u0130DORUNDA SANAT AT\\u00d6LYES\\u0130&quot;,&quot;orientation&quot;:&quot;0&quot;}\" data-image-title=\"Okul koridorunda sanat at\u00f6lyesi\" data-image-description=\"&lt;p&gt;Okul koridorunda sanat at\u00f6lyesi&lt;\/p&gt; \" data-medium-file=\"https:\/\/i0.wp.com\/www.tvturk.com\/wp-content\/uploads\/2019\/02\/okul-koridorunda-sanat-atolyesi_b220302.jpg?fit=300%2C225\" data-large-file=\"https:\/\/i0.wp.com\/www.tvturk.com\/wp-content\/uploads\/2019\/02\/okul-koridorunda-sanat-atolyesi_b220302.jpg?fit=1000%2C750\" src=\"https:\/\/i0.wp.com\/www.tvturk.com\/wp-content\/uploads\/2019\/02\/okul-koridorunda-sanat-atolyesi_b220302.jpg?w=162&#038;h=122\" srcset=\"https:\/\/i0.wp.com\/www.tvturk.com\/wp-content\/uploads\/2019\/02\/okul-koridorunda-sanat-atolyesi_b220302.jpg?w=1000 1000w, https:\/\/i0.wp.com\/www.tvturk.com\/wp-content\/uploads\/2019\/02\/okul-koridorunda-sanat-atolyesi_b220302.jpg?resize=150%2C113 150w, https:\/\/i0.wp.com\/www.tvturk.com\/wp-content\/uploads\/2019\/02\/okul-koridorunda-sanat-atolyesi_b220302.jpg?resize=300%2C225 300w, https:\/\/i0.wp.com\/www.tvturk.com\/wp-content\/uploads\/2019\/02\/okul-koridorunda-sanat-atolyesi_b220302.jpg?resize=768%2C576 768w\" width=\"162\" height=\"122\" loading=\"lazy\" data-original-width=\"162\" data-original-height=\"122\" itemprop=\"http:\/\/schema.org\/image\" title=\"Okul koridorunda sanat at\u00f6lyesi\" alt=\"Okul koridorunda sanat at\u00f6lyesi\" style=\"width: 162px; height: 122px;\" \/> <\/a> <\/div> <div class=\"tiled-gallery-item tiled-gallery-item-small\" itemprop=\"associatedMedia\" itemscope itemtype=\"http:\/\/schema.org\/ImageObject\"> <a href=\"http:\/\/www.tvturk.com\/index.php\/okul-koridorunda-sanat-atolyesi\/okul-koridorunda-sanat-atolyesi-5\/\" border=\"0\" itemprop=\"url\"> <meta itemprop=\"width\" content=\"162\"> <meta itemprop=\"height\" content=\"121\"> <img decoding=\"async\" class=\"\" data-attachment-id=\"24438\" data-orig-file=\"http:\/\/www.tvturk.com\/wp-content\/uploads\/2019\/02\/okul-koridorunda-sanat-atolyesi_112c610.jpg\" data-orig-size=\"1000,750\" data-comments-opened=\"\" data-image-meta=\"{&quot;aperture&quot;:&quot;0&quot;,&quot;credit&quot;:&quot;IHA&quot;,&quot;camera&quot;:&quot;&quot;,&quot;caption&quot;:&quot;ORDU\\u2019NUN FATSA \\u0130L\\u00c7ES\\u0130NDE ECZACI \\u0130LHAN HAZ\\u0130NEDAR ORTAOKULU \\u00d6\\u011eRENC\\u0130LER\\u0130 2023 V\\u0130ZYONU \\u00c7ER\\u00c7EVES\\u0130NDE OKULUN KOR\\u0130DORUNDA OLU\\u015eTURULAN SANAT AT\\u00d6LYES\\u0130NDE \\u00c7E\\u015e\\u0130T \\u00c7E\\u015e\\u0130T ENSTR\\u00dcMANLAR SAYES\\u0130NDE YETENEKL\\u0130 \\u00d6\\u011eRENC\\u0130LER YET\\u0130\\u015e\\u0130YOR. (AHMET ALTAY\\\/ORDU-\\u0130HA)&quot;,&quot;created_timestamp&quot;:&quot;0&quot;,&quot;copyright&quot;:&quot;\\u0130HLAS HABER AJANSI, www.iha.com.tr&quot;,&quot;focal_length&quot;:&quot;0&quot;,&quot;iso&quot;:&quot;0&quot;,&quot;shutter_speed&quot;:&quot;0&quot;,&quot;title&quot;:&quot;OKUL KOR\\u0130DORUNDA SANAT AT\\u00d6LYES\\u0130&quot;,&quot;orientation&quot;:&quot;0&quot;}\" data-image-title=\"Okul koridorunda sanat at\u00f6lyesi\" data-image-description=\"&lt;p&gt;Okul koridorunda sanat at\u00f6lyesi&lt;\/p&gt; \" data-medium-file=\"https:\/\/i0.wp.com\/www.tvturk.com\/wp-content\/uploads\/2019\/02\/okul-koridorunda-sanat-atolyesi_112c610.jpg?fit=300%2C225\" data-large-file=\"https:\/\/i0.wp.com\/www.tvturk.com\/wp-content\/uploads\/2019\/02\/okul-koridorunda-sanat-atolyesi_112c610.jpg?fit=1000%2C750\" src=\"https:\/\/i0.wp.com\/www.tvturk.com\/wp-content\/uploads\/2019\/02\/okul-koridorunda-sanat-atolyesi_112c610.jpg?w=162&#038;h=121\" srcset=\"https:\/\/i0.wp.com\/www.tvturk.com\/wp-content\/uploads\/2019\/02\/okul-koridorunda-sanat-atolyesi_112c610.jpg?w=1000 1000w, https:\/\/i0.wp.com\/www.tvturk.com\/wp-content\/uploads\/2019\/02\/okul-koridorunda-sanat-atolyesi_112c610.jpg?resize=150%2C113 150w, https:\/\/i0.wp.com\/www.tvturk.com\/wp-content\/uploads\/2019\/02\/okul-koridorunda-sanat-atolyesi_112c610.jpg?resize=300%2C225 300w, https:\/\/i0.wp.com\/www.tvturk.com\/wp-content\/uploads\/2019\/02\/okul-koridorunda-sanat-atolyesi_112c610.jpg?resize=768%2C576 768w\" width=\"162\" height=\"121\" loading=\"lazy\" data-original-width=\"162\" data-original-height=\"121\" itemprop=\"http:\/\/schema.org\/image\" title=\"Okul koridorunda sanat at\u00f6lyesi\" alt=\"Okul koridorunda sanat at\u00f6lyesi\" style=\"width: 162px; height: 121px;\" \/> <\/a> <\/div> <\/div> <!-- close group --> <\/div> <!-- close row --> <\/div><\/p>\n","protected":false},"excerpt":{"rendered":"<p>ORDU\u2019NUN FATSA \u0130L\u00c7ES\u0130NDE ECZACI \u0130LHAN HAZ\u0130NEDAR ORTAOKULU \u00d6\u011eRENC\u0130LER\u0130 2023 V\u0130ZYONU \u00c7ER\u00c7EVES\u0130NDE OKULUN KOR\u0130DORUNDA OLU\u015eTURULAN SANAT AT\u00d6LYES\u0130NDE \u00c7E\u015e\u0130T \u00c7E\u015e\u0130T ENSTR\u00dcMANLAR SAYES\u0130NDE YETENEKL\u0130 \u00d6\u011eRENC\u0130LER YET\u0130\u015e\u0130YOR.<\/p>\n","protected":false},"author":1,"featured_media":24435,"comment_status":"closed","ping_status":"open","sticky":false,"template":"","format":"standard","meta":{"jetpack_post_was_ever_published":false,"_jetpack_newsletter_access":"","_jetpack_dont_email_post_to_subs":false,"_jetpack_newsletter_tier_id":0,"_jetpack_memberships_contains_paywalled_content":false,"_jetpack_memberships_contains_paid_content":false,"footnotes":"","jetpack_publicize_message":"","jetpack_publicize_feature_enabled":true,"jetpack_social_post_already_shared":false,"jetpack_social_options":{"image_generator_settings":{"template":"highway","default_image_id":0,"font":"","enabled":false},"version":2}},"categories":[659],"tags":[7783,10246,120,4854],"class_list":["post-24434","post","type-post","status-publish","format-standard","has-post-thumbnail","hentry","category-egitim","tag-atolyesi","tag-koridorunda","tag-okul","tag-sanat"],"jetpack_publicize_connections":[],"jetpack_featured_media_url":"https:\/\/i0.wp.com\/www.tvturk.com\/wp-content\/uploads\/2019\/02\/okul-koridorunda-sanat-atolyesi_dd2a5d9.jpg?fit=1000%2C750","jetpack_sharing_enabled":true,"jetpack_shortlink":"https:\/\/wp.me\/paKIfm-6m6","_links":{"self":[{"href":"http:\/\/www.tvturk.com\/index.php\/wp-json\/wp\/v2\/posts\/24434","targetHints":{"allow":["GET"]}}],"collection":[{"href":"http:\/\/www.tvturk.com\/index.php\/wp-json\/wp\/v2\/posts"}],"about":[{"href":"http:\/\/www.tvturk.com\/index.php\/wp-json\/wp\/v2\/types\/post"}],"author":[{"embeddable":true,"href":"http:\/\/www.tvturk.com\/index.php\/wp-json\/wp\/v2\/users\/1"}],"replies":[{"embeddable":true,"href":"http:\/\/www.tvturk.com\/index.php\/wp-json\/wp\/v2\/comments?post=24434"}],"version-history":[{"count":1,"href":"http:\/\/www.tvturk.com\/index.php\/wp-json\/wp\/v2\/posts\/24434\/revisions"}],"predecessor-version":[{"id":24439,"href":"http:\/\/www.tvturk.com\/index.php\/wp-json\/wp\/v2\/posts\/24434\/revisions\/24439"}],"wp:featuredmedia":[{"embeddable":true,"href":"http:\/\/www.tvturk.com\/index.php\/wp-json\/wp\/v2\/media\/24435"}],"wp:attachment":[{"href":"http:\/\/www.tvturk.com\/index.php\/wp-json\/wp\/v2\/media?parent=24434"}],"wp:term":[{"taxonomy":"category","embeddable":true,"href":"http:\/\/www.tvturk.com\/index.php\/wp-json\/wp\/v2\/categories?post=24434"},{"taxonomy":"post_tag","embeddable":true,"href":"http:\/\/www.tvturk.com\/index.php\/wp-json\/wp\/v2\/tags?post=24434"}],"curies":[{"name":"wp","href":"https:\/\/api.w.org\/{rel}","templated":true}]}}