{"id":24445,"date":"2019-02-12T12:01:10","date_gmt":"2019-02-12T09:01:10","guid":{"rendered":"http:\/\/www.tvturk.com\/index.php\/balikesirde-teror-operasyonu-7-gozalti\/"},"modified":"2019-02-12T12:01:10","modified_gmt":"2019-02-12T09:01:10","slug":"balikesirde-teror-operasyonu-7-gozalti","status":"publish","type":"post","link":"http:\/\/www.tvturk.com\/index.php\/balikesirde-teror-operasyonu-7-gozalti\/","title":{"rendered":"Bal\u0131kesir\u2019de ter\u00f6r operasyonu: 7 g\u00f6zalt\u0131"},"content":{"rendered":"<p>Bal\u0131kesir\u2019in Band\u0131rma, G\u00f6nen ve Burhaniye il\u00e7elerinde PKK\/KCK Silahl\u0131 Ter\u00f6r \u00d6rg\u00fct\u00fc\u2019n\u00fcn faaliyetlerinin de\u015fifre edilmesine y\u00f6nelik d\u00fczenlenen operasyonlarda 7 ki\u015fi g\u00f6zalt\u0131na al\u0131nd\u0131.<\/p>\n<p>Bal\u0131kesir \u0130l Jandarma Komutanl\u0131\u011f\u0131 ekiplerince Band\u0131rma ve G\u00f6nen\u2019de yap\u0131lan operasyonlarda PKK\/KCK Ter\u00f6r \u00d6rg\u00fct\u00fc\u2019n\u00fcn sosyal medya \u00fczerinden propagandas\u0131n\u0131 yapt\u0131\u011f\u0131 iddia edilen Band\u0131rma Ayy\u0131ld\u0131z mahallesinde K.K. ve M.G., Pa\u015fakent mahallesinde L.\u0130. ile Pa\u015fakonak mahallesinde Y.D. isimli 4 \u015f\u00fcpheli ile G\u00f6nen il\u00e7esinde S.K. isimli bir \u015f\u00fcpheli ve Burhaniye Cumhuriyet mahallesinde A.F. ve N.\u00c7. ile Kocacami mahallesinde M.R.K. isimli \u015f\u00fcpheliler yakaland\u0131.<\/p>\n<p>\u015e\u00fcphelilerin ev ve eklentilerinde yap\u0131lan aramalarda, adl\u00ee makamlarca bas\u0131m, da\u011f\u0131t\u0131m ve sat\u0131\u015f\u0131n\u0131n yasaklanmas\u0131na, toplat\u0131lmas\u0131na ve el konulmas\u0131na karar verilen 2 adet dergi ve 2 adet kitap ile bir adet dijital materyal ele ge\u00e7irildi. Ayr\u0131ca \u015f\u00fcphelilerin evlerinde yap\u0131lan arama s\u0131ras\u0131nda ele ge\u00e7irilen 9 adet cep telefonu, 8 adet sim kart, 6 adet Hard disk, 5 adet haf\u0131za kart\u0131, 4 adet diz\u00fcst\u00fc bilgisayar, bir adet tablet bilgisayar ve 4 adet CD\u2019ye incelenmek \u00fczere el konuldu\u011fu \u00f6\u011frenildi. Bu olaylarla ilgili K.K., M.G., L.\u0130., Y.D., A.F., N.\u00c7. ve S.K. isimli \u015f\u00fcphelilerin g\u00f6zalt\u0131na al\u0131nd\u0131klar\u0131 \u00f6\u011frenildi.<\/p>\n","protected":false},"excerpt":{"rendered":"<p>BALIKES\u0130R&#8217;\u0130N BANDIRMA, G\u00d6NEN VE BURHAN\u0130YE \u0130L\u00c7ELER\u0130NDE PKK\/KCK S\u0130LAHLI TER\u00d6R \u00d6RG\u00dcT\u00dc&#8217;N\u00dcN FAAL\u0130YETLER\u0130N\u0130N DE\u015e\u0130FRE ED\u0130LMES\u0130NE Y\u00d6NEL\u0130K D\u00dcZENLENEN OPERASYONLARDA 7 K\u0130\u015e\u0130 G\u00d6ZALTINA ALINDI.<\/p>\n","protected":false},"author":1,"featured_media":24446,"comment_status":"closed","ping_status":"open","sticky":false,"template":"","format":"standard","meta":{"jetpack_post_was_ever_published":false,"_jetpack_newsletter_access":"","_jetpack_dont_email_post_to_subs":false,"_jetpack_newsletter_tier_id":0,"_jetpack_memberships_contains_paywalled_content":false,"_jetpack_memberships_contains_paid_content":false,"footnotes":"","jetpack_publicize_message":"","jetpack_publicize_feature_enabled":true,"jetpack_social_post_already_shared":false,"jetpack_social_options":{"image_generator_settings":{"template":"highway","default_image_id":0,"font":"","enabled":false},"version":2}},"categories":[655],"tags":[1113,3447,1157,3990],"class_list":["post-24445","post","type-post","status-publish","format-standard","has-post-thumbnail","hentry","category-son-dakika","tag-balikesirde","tag-gozalti","tag-operasyonu","tag-teror"],"jetpack_publicize_connections":[],"jetpack_featured_media_url":"https:\/\/i0.wp.com\/www.tvturk.com\/wp-content\/uploads\/2019\/02\/balikesirde-teror-operasyonu-7-gozalti_7f38657.jpg?fit=1000%2C485","jetpack_sharing_enabled":true,"jetpack_shortlink":"https:\/\/wp.me\/paKIfm-6mh","_links":{"self":[{"href":"http:\/\/www.tvturk.com\/index.php\/wp-json\/wp\/v2\/posts\/24445","targetHints":{"allow":["GET"]}}],"collection":[{"href":"http:\/\/www.tvturk.com\/index.php\/wp-json\/wp\/v2\/posts"}],"about":[{"href":"http:\/\/www.tvturk.com\/index.php\/wp-json\/wp\/v2\/types\/post"}],"author":[{"embeddable":true,"href":"http:\/\/www.tvturk.com\/index.php\/wp-json\/wp\/v2\/users\/1"}],"replies":[{"embeddable":true,"href":"http:\/\/www.tvturk.com\/index.php\/wp-json\/wp\/v2\/comments?post=24445"}],"version-history":[{"count":0,"href":"http:\/\/www.tvturk.com\/index.php\/wp-json\/wp\/v2\/posts\/24445\/revisions"}],"wp:featuredmedia":[{"embeddable":true,"href":"http:\/\/www.tvturk.com\/index.php\/wp-json\/wp\/v2\/media\/24446"}],"wp:attachment":[{"href":"http:\/\/www.tvturk.com\/index.php\/wp-json\/wp\/v2\/media?parent=24445"}],"wp:term":[{"taxonomy":"category","embeddable":true,"href":"http:\/\/www.tvturk.com\/index.php\/wp-json\/wp\/v2\/categories?post=24445"},{"taxonomy":"post_tag","embeddable":true,"href":"http:\/\/www.tvturk.com\/index.php\/wp-json\/wp\/v2\/tags?post=24445"}],"curies":[{"name":"wp","href":"https:\/\/api.w.org\/{rel}","templated":true}]}}