{"id":244566,"date":"2019-12-20T09:46:04","date_gmt":"2019-12-20T06:46:04","guid":{"rendered":"http:\/\/www.tvturk.com\/index.php\/avrupa-parlamentosundan-cine-kamplari-kapat-cagrisi\/"},"modified":"2019-12-20T09:46:04","modified_gmt":"2019-12-20T06:46:04","slug":"avrupa-parlamentosundan-cine-kamplari-kapat-cagrisi","status":"publish","type":"post","link":"http:\/\/www.tvturk.com\/index.php\/avrupa-parlamentosundan-cine-kamplari-kapat-cagrisi\/","title":{"rendered":"Avrupa Parlamentosundan \u00c7in\u2019e \u2019kamplar\u0131 kapat\u2019 \u00e7a\u011fr\u0131s\u0131"},"content":{"rendered":"<p>Avrupa Parlamentosu (AP) Genel Kurul toplant\u0131lar\u0131nda Uygur T\u00fcrklerinin \u00c7in taraf\u0131ndan maruz b\u0131rak\u0131ld\u0131klar\u0131 insan haklar\u0131 ihlalleri hakk\u0131nda resmi  karar belgesi kabul edilirken, \u00c7in\u2019e de &#8220;kamplar derhal kapat\u0131ls\u0131n&#8221; \u00e7a\u011fr\u0131s\u0131 yap\u0131ld\u0131.<\/p>\n<p>Fransa\u2019n\u0131n Strazburg kentinde Avrupa Parlamentosunun (AP) 2019 y\u0131l\u0131 son genel kurul oturumlar\u0131 ger\u00e7ekle\u015ftirildi. Yap\u0131lan oylamalarda, \u00c7in\u2019in Uygur T\u00fcrkleri ba\u015fta olmak \u00fczere \u00fclkedeki M\u00fcsl\u00fcmanlara y\u00f6nelik insan haklar\u0131 ihlalleri, kan\u0131t sunmadan mahkum etme ve i\u015fkence uyguland\u0131\u011f\u0131n\u0131 kay\u0131t alt\u0131na alan resmi bir karar belgesi oylanarak kabul edildi.<\/p>\n<p>AP\u2019den \u2019\u00c7in ile ili\u015fkiler g\u00f6zden ge\u00e7irilsin\u2019 a\u00e7\u0131klamas\u0131<\/p>\n<p>Sert bir dille kaleme al\u0131nan ve politik gruplarca desteklenen karar belgesinde, AB Konseyine \u00c7in ile ili\u015fkilerin insan haklar\u0131 ekseninde yeniden ele al\u0131nmas\u0131 talebi yap\u0131l\u0131rken, gerekli oldu\u011fu taktirde ili\u015fkilerin dondurulmas\u0131 talebinde bulunuldu. \u0130nsan haklar\u0131 ihlallerinin neden oldu\u011fu kamplar\u0131n derhal kapat\u0131lmas\u0131n\u0131n istendi\u011fi kararda, ba\u015fta hapisteki \u00f6d\u00fcll\u00fc akademisyen \u0130lham Tohti olmak \u00fczere t\u00fcm Uygur T\u00fcrkleri ve di\u011fer mahkum M\u00fcsl\u00fcmanlar\u0131n serbest b\u0131rak\u0131lmas\u0131 istendi.<\/p>\n<p>AP liberal grup \u00fcyesi ve Bulgaristan milletvekili \u0130lhan K\u00fc\u00e7\u00fck\u2019\u00fcn yo\u011fun \u00e7abalar\u0131 sonucu AP taraf\u0131ndan kabul edilen karar belgesinde, \u00c7in\u2019in Uygur T\u00fcrkleri ve  M\u00fcsl\u00fcmanlara y\u00f6nelik di\u011fer ihlal ve su\u00e7lara da derhal son vermesinin garanti alt\u0131na al\u0131nabilmesi i\u00e7in uluslararas\u0131 gazetecilerin ve ba\u011f\u0131ms\u0131z g\u00f6zlemcilerin, kamplar\u0131n oldu\u011fu b\u00f6lgelere girmelerine derhal izin verilmesi istendi.<\/p>\n<p>\u00d6te yandan \u00c7ar\u015famba g\u00fcn\u00fc \u00c7in y\u00f6netimi taraf\u0131ndan hapse at\u0131lm\u0131\u015f olan Uygur T\u00fcrk\u00fc Akademisyen \u0130lham Tohti\u2019ye 2019 Sakharov \u00f6d\u00fcl\u00fc verilmi\u015fti. Hapiste olan Tohti\u2019nin \u00f6d\u00fcl\u00fcn\u00fc k\u0131z\u0131 Gevher Tohti alm\u0131\u015ft\u0131.<\/p>\n","protected":false},"excerpt":{"rendered":"<p>AVRUPA PARLAMENTOSU (AP) GENEL KURUL TOPLANTILARINDA UYGUR T\u00dcRKLER\u0130N\u0130N \u00c7\u0130N TARAFINDAN MARUZ BIRAKILDIKLARI \u0130NSAN HAKLARI \u0130HLALLER\u0130 HAKKINDA RESM\u0130  KARAR BELGES\u0130 KABUL ED\u0130L\u0130RKEN, \u00c7\u0130N\u2019E DE &#8220;KAMPLAR DERHAL KAPATILSIN&#8221; \u00c7A\u011eRISI YAPILDI.<\/p>\n","protected":false},"author":1,"featured_media":244567,"comment_status":"closed","ping_status":"open","sticky":false,"template":"","format":"standard","meta":{"jetpack_post_was_ever_published":false,"_jetpack_newsletter_access":"","_jetpack_dont_email_post_to_subs":false,"_jetpack_newsletter_tier_id":0,"_jetpack_memberships_contains_paywalled_content":false,"_jetpack_memberships_contains_paid_content":false,"footnotes":"","jetpack_publicize_message":"","jetpack_publicize_feature_enabled":true,"jetpack_social_post_already_shared":true,"jetpack_social_options":{"image_generator_settings":{"template":"highway","default_image_id":0,"font":"","enabled":false},"version":2}},"categories":[10],"tags":[8831,392,5140,47098,60930,60929],"class_list":["post-244566","post","type-post","status-publish","format-standard","has-post-thumbnail","hentry","category-dunya","tag-cine","tag-avrupa","tag-cagrisi","tag-kamplari","tag-kapat","tag-parlamentosundan"],"jetpack_publicize_connections":[],"jetpack_featured_media_url":"https:\/\/i0.wp.com\/www.tvturk.com\/wp-content\/uploads\/2019\/12\/avrupa-parlamentosundan-cine-kamplari-kapat-cagrisi_d83ec06.jpg?fit=1000%2C487","jetpack_sharing_enabled":true,"jetpack_shortlink":"https:\/\/wp.me\/paKIfm-11CC","_links":{"self":[{"href":"http:\/\/www.tvturk.com\/index.php\/wp-json\/wp\/v2\/posts\/244566","targetHints":{"allow":["GET"]}}],"collection":[{"href":"http:\/\/www.tvturk.com\/index.php\/wp-json\/wp\/v2\/posts"}],"about":[{"href":"http:\/\/www.tvturk.com\/index.php\/wp-json\/wp\/v2\/types\/post"}],"author":[{"embeddable":true,"href":"http:\/\/www.tvturk.com\/index.php\/wp-json\/wp\/v2\/users\/1"}],"replies":[{"embeddable":true,"href":"http:\/\/www.tvturk.com\/index.php\/wp-json\/wp\/v2\/comments?post=244566"}],"version-history":[{"count":0,"href":"http:\/\/www.tvturk.com\/index.php\/wp-json\/wp\/v2\/posts\/244566\/revisions"}],"wp:featuredmedia":[{"embeddable":true,"href":"http:\/\/www.tvturk.com\/index.php\/wp-json\/wp\/v2\/media\/244567"}],"wp:attachment":[{"href":"http:\/\/www.tvturk.com\/index.php\/wp-json\/wp\/v2\/media?parent=244566"}],"wp:term":[{"taxonomy":"category","embeddable":true,"href":"http:\/\/www.tvturk.com\/index.php\/wp-json\/wp\/v2\/categories?post=244566"},{"taxonomy":"post_tag","embeddable":true,"href":"http:\/\/www.tvturk.com\/index.php\/wp-json\/wp\/v2\/tags?post=244566"}],"curies":[{"name":"wp","href":"https:\/\/api.w.org\/{rel}","templated":true}]}}