{"id":244580,"date":"2019-12-20T10:01:42","date_gmt":"2019-12-20T07:01:42","guid":{"rendered":"http:\/\/www.tvturk.com\/index.php\/trabzonlu-gencin-girisimcilik-paylasimi-100-binlere-ulasti\/"},"modified":"2019-12-20T10:01:42","modified_gmt":"2019-12-20T07:01:42","slug":"trabzonlu-gencin-girisimcilik-paylasimi-100-binlere-ulasti","status":"publish","type":"post","link":"http:\/\/www.tvturk.com\/index.php\/trabzonlu-gencin-girisimcilik-paylasimi-100-binlere-ulasti\/","title":{"rendered":"Trabzonlu gencin giri\u015fimcilik payla\u015f\u0131m\u0131 100 binlere ula\u015ft\u0131"},"content":{"rendered":"<p>Elektrik-elektronik m\u00fchendisi Trabzonlu gen\u00e7 giri\u015fimci Emre Y\u0131lmaz\u2019\u0131n sosyal medya hesab\u0131ndan yapt\u0131\u011f\u0131 giri\u015fimcilik konulu payla\u015f\u0131m\u0131 100 binlere ula\u015farak gen\u00e7lere umut \u0131\u015f\u0131\u011f\u0131 oldu.<\/p>\n<p>Y\u0131lmaz, 4 y\u0131l \u00f6nce kurdu\u011fu Ayd\u0131nlatma Portal\u0131 ile bir d\u00fcnya markas\u0131 haline geldi. T\u00fcrkiye\u2019nin en b\u00fcy\u00fck ayd\u0131nlatma firmalar\u0131 ve d\u00fcnyan\u0131n en b\u00fcy\u00fck LED \u00fcreticilerinin sponsor olarak destek verdi\u011fi giri\u015fim ABD, \u0130ngiltere ve Tayvan merkezli dijital yay\u0131nlar\u0131 geride b\u0131rakt\u0131.<\/p>\n<p>Y\u0131lmaz, her ay 90 binden fazla ki\u015finin ziyaret etti\u011fi Ayd\u0131nlatma Portal\u0131\u2019n\u0131n, ayd\u0131nlatma sekt\u00f6r\u00fcnde T\u00fcrkiye\u2019nin ve d\u00fcnyan\u0131n en b\u00fcy\u00fck medya organizasyonu haline geldi\u011fini ve bu dev organizasyonun her y\u0131l iki kattan fazla b\u00fcy\u00fcme g\u00f6sterdi\u011fini ifade etti.<\/p>\n<p>Giri\u015fimci Y\u0131lmaz, giri\u015fimcili\u011fe te\u015fvik eden ba\u015far\u0131 hik\u00e2yesini sosyal medyada bir payla\u015f\u0131mla yay\u0131nlad\u0131. Giri\u015fimciyi kimsenin ke\u015ffetmeyece\u011fini, ke\u015ffedilmeyi beklememesi gerekti\u011fini belirtti\u011fi bu payla\u015f\u0131m 24 saatte 200 binden fazla ki\u015fi taraf\u0131ndan g\u00f6r\u00fcnt\u00fclendi. Binlerce ki\u015fi be\u011fenerek, payla\u015farak ve yorum yaparak destek verdi.<\/p>\n<p>Y\u0131lmaz\u2019\u0131n sosyal medyada hesab\u0131ndan yay\u0131mlanan ve b\u00fcy\u00fck bir kitleye ula\u015fan payla\u015f\u0131m\u0131nda &#8220;Giri\u015fimcilik h\u0131z\u0131 sever. Ertelemeyin. Teredd\u00fct etmeyin. \u015e\u00fcpheye d\u00fc\u015fmeyin. F\u0131rsat varsa, istek varsa, i\u00e7ten gelen sezgisel bir d\u00fcrt\u00fc varsa harekete ge\u00e7in&#8221; ifadelerini kullan\u0131ld\u0131 ve bu mesaj gen\u00e7ler i\u00e7in adeta bir umut \u0131\u015f\u0131\u011f\u0131 oldu.<\/p>\n<p>Y\u0131lmaz konu ile ilgili yapt\u0131\u011f\u0131 a\u00e7\u0131klamada &#8220;A\u00e7\u0131k\u00e7as\u0131 mesaj\u0131ma bu kadar ki\u015finin ilgi g\u00f6stermesini beklemiyordum. Bu ilgi beni \u015fa\u015f\u0131rtt\u0131 ama \u00e7ok sevindim. Yurt d\u0131\u015f\u0131 organizasyonumuzu b\u00fcy\u00fctmek, markam\u0131z\u0131 t\u00fcm d\u00fcnyaya tan\u0131tmak i\u00e7in bir yurt d\u0131\u015f\u0131 ofisi a\u00e7maya haz\u0131rlan\u0131yorum. \u00dclkemize kar\u015f\u0131 sorumluluklar\u0131m\u0131z var bunun fark\u0131nday\u0131m. Sanayi ve Ticaret Bakan\u0131m\u0131z Mustafa Varank\u2019\u0131n \u00f6nderli\u011finde y\u00fcr\u00fct\u00fclen Milli Teknoloji Hamlesi \u00e7er\u00e7evesinde milli ve yerli \u00fcretim i\u00e7erisinde olan firmalar\u0131m\u0131za giri\u015fimcilik ve tan\u0131t\u0131m deste\u011fi vermeye haz\u0131r\u0131m. S\u00f6z veriyorum bu organizasyonda gen\u00e7 arkada\u015flar\u0131m\u0131za da f\u0131rsatlar sunaca\u011f\u0131m&#8221; dedi.<\/p>\n","protected":false},"excerpt":{"rendered":"<p>ELEKTR\u0130K-ELEKTRON\u0130K M\u00dcHEND\u0130S\u0130 TRABZONLU GEN\u00c7 G\u0130R\u0130\u015e\u0130MC\u0130 EMRE YILMAZ\u2019IN SOSYAL MEDYA HESABINDAN YAPTI\u011eI G\u0130R\u0130\u015e\u0130MC\u0130L\u0130K KONULU PAYLA\u015eIMI 100 B\u0130NLERE ULA\u015eARAK GEN\u00c7LERE UMUT I\u015eI\u011eI OLDU.<\/p>\n","protected":false},"author":1,"featured_media":244581,"comment_status":"closed","ping_status":"open","sticky":false,"template":"","format":"standard","meta":{"jetpack_post_was_ever_published":false,"_jetpack_newsletter_access":"","_jetpack_dont_email_post_to_subs":false,"_jetpack_newsletter_tier_id":0,"_jetpack_memberships_contains_paywalled_content":false,"_jetpack_memberships_contains_paid_content":false,"footnotes":"","jetpack_publicize_message":"","jetpack_publicize_feature_enabled":true,"jetpack_social_post_already_shared":true,"jetpack_social_options":{"image_generator_settings":{"template":"highway","default_image_id":0,"font":"","enabled":false},"version":2}},"categories":[19],"tags":[4179,2127,60934,3087,17014,9138,2574],"class_list":["post-244580","post","type-post","status-publish","format-standard","has-post-thumbnail","hentry","category-ekonomi","tag-girisimcilik","tag-2127","tag-binlere","tag-gencin","tag-paylasimi","tag-trabzonlu","tag-ulasti"],"jetpack_publicize_connections":[],"jetpack_featured_media_url":"https:\/\/i0.wp.com\/www.tvturk.com\/wp-content\/uploads\/2019\/12\/trabzonlu-gencin-girisimcilik-paylasimi-100-binlere-ulasti_c35e506.jpg?fit=1000%2C666","jetpack_sharing_enabled":true,"jetpack_shortlink":"https:\/\/wp.me\/paKIfm-11CQ","_links":{"self":[{"href":"http:\/\/www.tvturk.com\/index.php\/wp-json\/wp\/v2\/posts\/244580","targetHints":{"allow":["GET"]}}],"collection":[{"href":"http:\/\/www.tvturk.com\/index.php\/wp-json\/wp\/v2\/posts"}],"about":[{"href":"http:\/\/www.tvturk.com\/index.php\/wp-json\/wp\/v2\/types\/post"}],"author":[{"embeddable":true,"href":"http:\/\/www.tvturk.com\/index.php\/wp-json\/wp\/v2\/users\/1"}],"replies":[{"embeddable":true,"href":"http:\/\/www.tvturk.com\/index.php\/wp-json\/wp\/v2\/comments?post=244580"}],"version-history":[{"count":0,"href":"http:\/\/www.tvturk.com\/index.php\/wp-json\/wp\/v2\/posts\/244580\/revisions"}],"wp:featuredmedia":[{"embeddable":true,"href":"http:\/\/www.tvturk.com\/index.php\/wp-json\/wp\/v2\/media\/244581"}],"wp:attachment":[{"href":"http:\/\/www.tvturk.com\/index.php\/wp-json\/wp\/v2\/media?parent=244580"}],"wp:term":[{"taxonomy":"category","embeddable":true,"href":"http:\/\/www.tvturk.com\/index.php\/wp-json\/wp\/v2\/categories?post=244580"},{"taxonomy":"post_tag","embeddable":true,"href":"http:\/\/www.tvturk.com\/index.php\/wp-json\/wp\/v2\/tags?post=244580"}],"curies":[{"name":"wp","href":"https:\/\/api.w.org\/{rel}","templated":true}]}}