{"id":244586,"date":"2019-12-20T10:02:11","date_gmt":"2019-12-20T07:02:11","guid":{"rendered":"http:\/\/www.tvturk.com\/index.php\/15-temmuz-sehidi-erol-olcokun-kardesi-cevat-olcok-her-zaman-cumhurbaskanimizin-yanindayiz\/"},"modified":"2019-12-20T10:02:11","modified_gmt":"2019-12-20T07:02:11","slug":"15-temmuz-sehidi-erol-olcokun-kardesi-cevat-olcok-her-zaman-cumhurbaskanimizin-yanindayiz","status":"publish","type":"post","link":"http:\/\/www.tvturk.com\/index.php\/15-temmuz-sehidi-erol-olcokun-kardesi-cevat-olcok-her-zaman-cumhurbaskanimizin-yanindayiz\/","title":{"rendered":"15 Temmuz \u015eehidi Erol Ol\u00e7ok\u2019un karde\u015fi Cevat Ol\u00e7ok: \u201cHer zaman Cumhurba\u015fkan\u0131m\u0131z\u0131n yan\u0131nday\u0131z\u201d"},"content":{"rendered":"<p>15 Temmuz \u015eehidi Erol Ol\u00e7ok\u2019un karde\u015fi Cevat Ol\u00e7ok \u00dcmraniye Kitap Fuar\u0131nda konu\u015ftu. \u201cHer zaman Cumhurba\u015fkan\u0131m\u0131z\u0131n yan\u0131nday\u0131z\u201d diyen Ol\u00e7ok, yeni kurulan Gelecek Partisi ile ilgili esprili bir yakla\u015f\u0131mda bulunarak, \u201cLogosu incir yapra\u011f\u0131 olsa daha iyi olurdu, gelecek diye parti ismi olmaz\u201d dedi.<\/p>\n<p>\u00dcmraniye Kitap Fuar\u0131 s\u00f6yle\u015fisinde ger\u00e7ekle\u015ftirilen \u2018Siyasal \u0130leti\u015fim ve Erol Ol\u00e7ok\u2019 s\u00f6yle\u015fisinde konu\u015fan Cevat Ol\u00e7ok yeni kurulan Gelecek Partisi ile ilgili \u00f6nemli konulara de\u011findi. Moderat\u00f6r\u00fcn yeni kurulan Gelecek Partisi ile ilgili sordu\u011fu soruya cevap veren Ol\u00e7ok partinin logosu hakk\u0131nda konu\u015farak,\u201cBence incir yapra\u011f\u0131 olsa daha iyi olurdu. Espriyle s\u00f6yl\u00fcyorum. Bence isim olarak ciddi bir problem var. AK Parti\u2019nin siyasete \u00e7ok b\u00fcy\u00fck katk\u0131lar\u0131 oldu \u00e7ok b\u00fcy\u00fck yol belirledi. Mesela dikkat edin AK Parti kurulduktan sonra kurulan partileri s\u00f6yl\u00fcyorum, Gen\u00e7 Parti, mesela k\u0131sa bir isim, Has Parti a\u00e7\u0131l\u0131m var halk\u0131n sesi, \u0130Y\u0130 parti, Gelecek partisi hep bir kelimeye ve kavrama dayal\u0131. \u0130simler \u00e7ok \u00f6nemli bence, partiler hakk\u0131nda fikir veriyor. Gelecek diye bir isim olmaz, bir parti ismi olmaz. Sembol\u00fc hakk\u0131nda da dedi\u011fim gibi yani, yaprak\u201d dedi.<\/p>\n<p>S\u00f6yle\u015fi sonras\u0131 a\u00e7\u0131klamalarda bulunan Ol\u00e7ok, \u201cGelecek Partisi\u201d ile ilgili tan\u0131t\u0131m \u00e7al\u0131\u015fmalar\u0131n\u0131 nas\u0131l buluyorsunuz sorusuna cevap vererek, \u201cTakip ediyoruz yani yeni g\u00f6rd\u00fc\u011f\u00fcm\u00fcz logosu ve ismi ba\u015fka da bir \u015fey g\u00f6rmedik. Ama benim g\u00f6rd\u00fc\u011f\u00fcm bir siyasi partinin pek tercih edece\u011fi bir isim de\u011fil gelecek ismi ve kavram\u0131. Logosu olarak da bilmiyorum \u00e7ok fazla bir \u015fey s\u00f6ylemeyelim, izleyelim. Ama bir siyasi partinin logosu olur mu bana g\u00f6re olmaz. Eski bir yakla\u015f\u0131m. Bakaca\u011f\u0131z ama izliyoruz. Yaprak yani kopan bir yaprak, o da enteresan\u201d diye konu\u015ftu.<\/p>\n<p>AK Parti ile \u00e7al\u0131\u015fmalar\u0131 hakk\u0131nda konu\u015fan Ol\u00e7ok, \u201cAK Partiden bahsetmeden olmaz \u00e7\u00fcnk\u00fc belirli bir ya\u015ftan sonra AK Partiyle bizim hayat\u0131m\u0131z \u00f6rt\u00fc\u015f\u00fcyor ve devam ediyor. Bu kadar iktidarda kalan bir parti ile \u00e7al\u0131\u015fmak zor ve ayn\u0131 zamanda da kolay. Ayn\u0131 anda hem zorlu\u011fu ve kolayl\u0131\u011f\u0131 var. Severseniz kolayl\u0131\u011f\u0131 oluyor\u201d diye konu\u015ftu.<\/p>\n<p>Ol\u00e7ok ayr\u0131ca, \u201cEn son 16 Nisan 2017 tarihinde Cumhurba\u015fkanl\u0131\u011f\u0131 h\u00fck\u00fcmet sisteminin kampanyas\u0131n\u0131 yapt\u0131k. \u015eu ada belli bir ara vermi\u015ftik, yeniden ba\u015flad\u0131k AK Parti ile \u00e7al\u0131\u015fmaya. Cumhurba\u015fkan\u0131m\u0131z siyaset yapt\u0131\u011f\u0131 s\u00fcrece, AK Parti oldu\u011fu s\u00fcrece her zaman Cumhurba\u015fkan\u0131m\u0131z\u0131n yan\u0131nday\u0131z. Ba\u015fka bir partiyle \u00e7al\u0131\u015fmam\u0131z s\u00f6z konusu olamaz. \u00c7\u00fcnk\u00fc bizim hayat\u0131m\u0131z AK Parti\u2019nin hayat\u0131, AK Parti\u2019nin hayat\u0131 bizim hayat\u0131m\u0131z. Kader birli\u011fimiz var\u201d dedi.<\/p>\n<p>S\u00f6yle\u015fi sonras\u0131 Cevat Ol\u00e7ok, abisi Erol Ol\u00e7ok i\u00e7in yaz\u0131lan kitab\u0131 sevenleri i\u00e7in imzalad\u0131.<\/p>\n","protected":false},"excerpt":{"rendered":"<p>\u00dcMRAN\u0130YE K\u0130TAP FUARI S\u00d6YLE\u015e\u0130S\u0130NDE GER\u00c7EKLE\u015eT\u0130R\u0130LEN \u2018S\u0130YASAL \u0130LET\u0130\u015e\u0130M VE EROL OL\u00c7OK\u2019 S\u00d6YLE\u015e\u0130S\u0130NDE KONU\u015eAN CEVAT OL\u00c7OK YEN\u0130 KURULAN GELECEK PART\u0130S\u0130 \u0130LE \u0130LG\u0130L\u0130 \u00d6NEML\u0130 KONULARA DE\u011e\u0130ND\u0130.<\/p>\n","protected":false},"author":1,"featured_media":244587,"comment_status":"closed","ping_status":"open","sticky":false,"template":"","format":"standard","meta":{"jetpack_post_was_ever_published":false,"_jetpack_newsletter_access":"","_jetpack_dont_email_post_to_subs":false,"_jetpack_newsletter_tier_id":0,"_jetpack_memberships_contains_paywalled_content":false,"_jetpack_memberships_contains_paid_content":false,"footnotes":"","jetpack_publicize_message":"","jetpack_publicize_feature_enabled":true,"jetpack_social_post_already_shared":true,"jetpack_social_options":{"image_generator_settings":{"template":"highway","default_image_id":0,"font":"","enabled":false},"version":2}},"categories":[1],"tags":[21678,18076,8518,73,13614,60936,39613,5327,1148,28566,74],"class_list":["post-244586","post","type-post","status-publish","format-standard","has-post-thumbnail","hentry","category-genel","tag-cumhurbaskanimizin","tag-cevat","tag-erol","tag-her","tag-kardesi","tag-olcok","tag-olcokun","tag-sehidi","tag-temmuz","tag-yanindayiz","tag-zaman"],"jetpack_publicize_connections":[],"jetpack_featured_media_url":"https:\/\/i0.wp.com\/www.tvturk.com\/wp-content\/uploads\/2019\/12\/15-temmuz-sehidi-erol-olcokun-kardesi-cevat-olcok-her-zaman-cumhurbaskanimizin-yanindayiz_ee946db.jpg?fit=1000%2C750","jetpack_sharing_enabled":true,"jetpack_shortlink":"https:\/\/wp.me\/paKIfm-11CW","_links":{"self":[{"href":"http:\/\/www.tvturk.com\/index.php\/wp-json\/wp\/v2\/posts\/244586","targetHints":{"allow":["GET"]}}],"collection":[{"href":"http:\/\/www.tvturk.com\/index.php\/wp-json\/wp\/v2\/posts"}],"about":[{"href":"http:\/\/www.tvturk.com\/index.php\/wp-json\/wp\/v2\/types\/post"}],"author":[{"embeddable":true,"href":"http:\/\/www.tvturk.com\/index.php\/wp-json\/wp\/v2\/users\/1"}],"replies":[{"embeddable":true,"href":"http:\/\/www.tvturk.com\/index.php\/wp-json\/wp\/v2\/comments?post=244586"}],"version-history":[{"count":0,"href":"http:\/\/www.tvturk.com\/index.php\/wp-json\/wp\/v2\/posts\/244586\/revisions"}],"wp:featuredmedia":[{"embeddable":true,"href":"http:\/\/www.tvturk.com\/index.php\/wp-json\/wp\/v2\/media\/244587"}],"wp:attachment":[{"href":"http:\/\/www.tvturk.com\/index.php\/wp-json\/wp\/v2\/media?parent=244586"}],"wp:term":[{"taxonomy":"category","embeddable":true,"href":"http:\/\/www.tvturk.com\/index.php\/wp-json\/wp\/v2\/categories?post=244586"},{"taxonomy":"post_tag","embeddable":true,"href":"http:\/\/www.tvturk.com\/index.php\/wp-json\/wp\/v2\/tags?post=244586"}],"curies":[{"name":"wp","href":"https:\/\/api.w.org\/{rel}","templated":true}]}}