{"id":244600,"date":"2019-12-20T10:19:31","date_gmt":"2019-12-20T07:19:31","guid":{"rendered":"http:\/\/www.tvturk.com\/index.php\/ozel-haber-ahmet-ozdogan-kayyum-atanmasi-icin-dava-actigim-haberleri-kulliyen-yalan\/"},"modified":"2019-12-20T10:19:31","modified_gmt":"2019-12-20T07:19:31","slug":"ozel-haber-ahmet-ozdogan-kayyum-atanmasi-icin-dava-actigim-haberleri-kulliyen-yalan","status":"publish","type":"post","link":"http:\/\/www.tvturk.com\/index.php\/ozel-haber-ahmet-ozdogan-kayyum-atanmasi-icin-dava-actigim-haberleri-kulliyen-yalan\/","title":{"rendered":"(\u00d6zel haber) Ahmet \u00d6zdo\u011fan: &#8220;Kayyum atanmas\u0131 i\u00e7in dava a\u00e7t\u0131\u011f\u0131m haberleri k\u00fclliyen yalan&#8221;"},"content":{"rendered":"<p>Galatasaray Genel Kurul \u00dcyesi Ahmet \u00d6zdo\u011fan, kul\u00fcbe kayyum atanmas\u0131 i\u00e7in mahkemeye ba\u015fvurduklar\u0131 iddialar\u0131 hakk\u0131nda yapt\u0131\u011f\u0131 a\u00e7\u0131klamada, &#8220;K\u00fclliyen yalan. Galatasaray\u2019da kayyum gelsin niye isteyelim? Biz sadece bug\u00fcnk\u00fc y\u00f6netimin de se\u00e7ime girmek kayd\u0131 ile se\u00e7ime gitmesini istiyoruz. Bunun d\u0131\u015f\u0131ndaki her \u015fey yanl\u0131\u015ft\u0131r&#8221; dedi.<\/p>\n<p>Galatasaray Genel Kurul \u00dcyesi Ahmet \u00d6zdo\u011fan, kul\u00fcb\u00fcn kayyuma devredilmesi i\u00e7in dava a\u00e7t\u0131\u011f\u0131 y\u00f6n\u00fcnde \u00e7\u0131kan haberler hakk\u0131nda \u0130HA\u2019ya a\u00e7\u0131klamalarda bulundu. Kul\u00fcbe kayyum atanmas\u0131yla ilgili haberlerin yalan oldu\u011funu belirten \u00d6zdo\u011fan, &#8220;K\u00fclliyen yalan. D\u00fcnyada hi\u00e7 kimsenin b\u00f6yle bir hakk\u0131 yok. Hukuki hakk\u0131 da yok. Mart ay\u0131ndaki genel kurul sonras\u0131 Mustafa Cengiz ve arkada\u015flar\u0131na idari ibras\u0131zl\u0131k \u00e7\u0131kt\u0131. Oylamadan sonra Yusuf G\u00fcnay bey ile Abdurrahim Albayrak bey, genel kurulu mahkemeye verdiler. Biz genel kurul ad\u0131na feri m\u00fcdahil hakk\u0131m\u0131z\u0131 kulland\u0131k. Bu genel kurul ad\u0131na davaya dahil olan demek. Mahkemeden daha \u00f6nce tedbir karar\u0131 ald\u0131. Tedbir karar\u0131na kar\u015f\u0131 istinaf mahkemesine gittik. \u2018Tedbir karar\u0131 yanl\u0131\u015f, genel kurul karar\u0131 var\u2019 dedik. 11 Temmuz\u2019da mahkeme tedbir karar\u0131n\u0131 devam ettirdi. \u0130stinaf mahkemesi denetim ile ilgili tedbir karar\u0131n\u0131 reddetti. 17 A\u011fustos\u2019ta ba\u015fka mahkeme denetimle ilgili tekrar tedbir karar\u0131 koydu. O da istinaf mahkemesine gittik. Yak\u0131nda onun da sonucu \u00e7\u0131kar. \u0130stinaf mahkemesi daha \u00f6nce tedbir karar\u0131na kar\u015f\u0131 14 Kas\u0131m\u2019da bir karar verdi, \u2018K\u0131sman kald\u0131r\u0131yorum, k\u0131smen devam ettiriyorum\u2019 dedi. Yusuf G\u00fcnay ve Abdurrahim Albayrak\u2019\u0131n se\u00e7ime gitme hakk\u0131n\u0131 devam ettiriyor. \u0130stinaf mahkemesi buna; \u2019devam ettiriyorum ama Galatasaray mutlaka se\u00e7im a\u00e7\u0131klamak zorunda\u2019 dedi. Mustafa Cengiz, Abdurrahim Albayrak ve Yusuf G\u00fcnay se\u00e7ime girmesin diye dilek\u00e7e vermedik. Biz Mustafa Cengiz ve b\u00fct\u00fcn y\u00f6netim kurulundaki arkada\u015flar\u0131n\u0131n se\u00e7ime girmesi taraftar\u0131y\u0131z. Demokratik \u00fclkelerde herkes se\u00e7ime girsin, kim kazan\u0131rsa o devam etsin istiyoruz. Galatasaray\u2019\u0131n mart ay\u0131ndaki genel kurulunu yok sayamazs\u0131n\u0131z&#8221; diye konu\u015ftu.<\/p>\n<p>&#8220;Galatasaray\u2019da kayyum gelsin niye isteyelim?&#8221;<\/p>\n<p>Davalar\u0131n kayyum ile ilgili olmad\u0131\u011f\u0131n\u0131 vurgulayan Ahmet \u00d6zdo\u011fan, &#8220;B\u00f6yle bir \u015fey d\u00fc\u015f\u00fcn\u00fclmez bile. Biz zaten d\u00fc\u015f\u00fcnmeyiz. Ayr\u0131ca mahkemeye de b\u00f6yle m\u00fcracaat edemeyiz. Galatasaray\u2019da kayyum gelsin niye isteyelim? Biz sadece bug\u00fcnk\u00fc y\u00f6netimin kendilerinin de se\u00e7ime girmek kayd\u0131 ile se\u00e7ime gitmesini istiyoruz. Nedeni de marttaki genel kurul. Bunun d\u0131\u015f\u0131ndaki her \u015fey yanl\u0131\u015ft\u0131r. Bu haberi yapanlar ve kullananlar hakk\u0131nda T\u00fcrkiye Cumhuriyeti Savc\u0131l\u0131\u011f\u0131\u2019na su\u00e7 duyurusunda bulunulmu\u015ftur. Ba\u015fka t\u00fcrl\u00fc kar\u0131\u015ft\u0131rmaya \u00e7al\u0131\u015fan mihraklar var. Bizim \u00fczerimizden Galatasaray\u2019\u0131n kar\u0131\u015ft\u0131r\u0131lmas\u0131na m\u00fcsaade etmem. Genel kurulun bir karar\u0131 vard\u0131r. Mustafa Cengiz de bu genel kurul ile ba\u015fkan se\u00e7ilmi\u015ftir. O nedenden dolay\u0131 hi\u00e7 kimse genel kurulun \u00fczerinde olamaz&#8221; \u015feklinde konu\u015ftu.<\/p>\n<p>\u00d6zdo\u011fan, Galatasaray\u2019\u0131n 9 ayl\u0131k bilan\u00e7olarda Sportif A.\u015e\u2019sinin kara ge\u00e7ti\u011fini, derne\u011fin ise 148 milyon TL zarar etti\u011fini ifade etti.<\/p>\n<p>&#8220;Galatasaray her zaman \u015fampiyonlu\u011fun en b\u00fcy\u00fck aday\u0131&#8221;<\/p>\n<p>Galatasaray\u2019\u0131n haklar\u0131n\u0131n yeteri kadar korunmad\u0131\u011f\u0131n\u0131 s\u00f6yleyen Ahmet \u00d6zdo\u011fan, &#8220;Fatih Terim hoca yaln\u0131z b\u0131rak\u0131lm\u0131\u015f durumda. B\u00f6yle bir \u015feyi kabul etmek m\u00fcmk\u00fcn de\u011fil. Galatasaray deplasmana gidiyor,  bas\u0131nla ilgilenen arkada\u015f\u0131m\u0131z problem \u00e7\u0131k\u0131yor. Tuzla ma\u00e7\u0131na yine deplasmana gidiyor bu sefer bir han\u0131mefendiye sald\u0131r\u0131 oluyor. Bunlar\u0131n hi\u00e7biri kabul edilebilir \u015feyler de\u011fil. TFF hala o 2.5 saatlik toplant\u0131y\u0131 a\u00e7\u0131klam\u0131\u015f de\u011fil. Toplant\u0131da Nihat \u00d6zdemir ile Ali Ko\u00e7 konu\u015fabilir, burada problem yok. MHK ba\u015fkan\u0131n o toplant\u0131da ne i\u015fi var. Ne kadar \u00f6zel olursa olsun kul\u00fcplerle ilgili toplant\u0131lar kul\u00fcplerle ilgili yerlerde yap\u0131l\u0131r, \u00f6zel yerlerde yap\u0131lmaz. Hala Kul\u00fcpler Birli\u011fi Vakf\u0131\u2019nda bana kar\u015f\u0131 olan yaz\u0131 duruyor. B\u00f6yle bir yaz\u0131n\u0131n oldu\u011fu yerde Galatasaray\u2019\u0131n i\u015fi ne merak ediyorum. Galatasaray\u2019\u0131n d\u0131\u015far\u0131da yeteri kadar savunulmad\u0131\u011f\u0131 i\u00e7in Fatih Terim, saha i\u00e7i ve saha d\u0131\u015f\u0131 olaylar\u0131 tek ba\u015f\u0131na kar\u015f\u0131lamaya \u00e7al\u0131\u015f\u0131yor. Galatasaray her zaman \u015fampiyonlu\u011fun en b\u00fcy\u00fck aday\u0131. \u015eampiyon olmak Galatasaray i\u00e7in hi\u00e7 \u00f6nemli bir \u015fey de\u011fildir. Galatasaray i\u00e7in \u00f6nemli olan Avrupa\u2019d\u0131r. 2 puan alm\u0131\u015f, 1 gol atm\u0131\u015f. Galatasaray tarihinin en k\u00f6t\u00fc Avrupa maceralar\u0131ndan birini ya\u015fad\u0131. Ekonomik nedenlerden dolay\u0131 diyorlarsa verilen maa\u015flara bakal\u0131m. D\u00fcnyada paralara bakt\u0131\u011f\u0131m\u0131z zaman \u00e7ok iyi paralar verildi\u011fini g\u00f6r\u00fcyorum. Schalke\u2019nin verdi\u011fi rakam maa\u015f b\u00fct\u00e7esi 32 milyon Euro\u2019yu ge\u00e7miyor, Dortmund\u2019da 48 milyon Euro\u2019yu ge\u00e7miyor. T\u00fcrkiye\u2019de \u015fampiyonlu\u011fun aday\u0131 her zaman bizizdir. Avrupa konusunda bak\u0131\u015f a\u00e7\u0131m\u0131z\u0131 ve vizyonumuzu de\u011fi\u015ftirmemiz laz\u0131m. Ba\u015fka t\u00fcrl\u00fc i\u015fin i\u00e7inden \u00e7\u0131kamay\u0131z. \u00c7ok ciddi tedbirler almam\u0131z gerekiyor&#8221; ifadelerini kulland\u0131.<\/p>\n","protected":false},"excerpt":{"rendered":"<p>GALATASARAY GENEL KURUL \u00dcYES\u0130 AHMET \u00d6ZDO\u011eAN, KUL\u00dcBE KAYYUM ATANMASI \u0130\u00c7\u0130N MAHKEMEYE BA\u015eVURDUKLARI \u0130DD\u0130ALARI HAKKINDA YAPTI\u011eI A\u00c7IKLAMADA, &#8220;K\u00dcLL\u0130YEN YALAN. GALATASARAY\u2019DA KAYYUM GELS\u0130N N\u0130YE \u0130STEYEL\u0130M? B\u0130Z SADECE BUG\u00dcNK\u00dc Y\u00d6NET\u0130M\u0130N DE SE\u00c7\u0130ME G\u0130RMEK KAYDI \u0130LE SE\u00c7\u0130ME G\u0130TMES\u0130N\u0130 \u0130ST\u0130YORUZ. BUNUN DI\u015eINDAK\u0130 HER \u015eEY YANLI\u015eTIR&#8221; DED\u0130.<\/p>\n","protected":false},"author":1,"featured_media":244601,"comment_status":"closed","ping_status":"open","sticky":false,"template":"","format":"standard","meta":{"jetpack_post_was_ever_published":false,"_jetpack_newsletter_access":"","_jetpack_dont_email_post_to_subs":false,"_jetpack_newsletter_tier_id":0,"_jetpack_memberships_contains_paywalled_content":false,"_jetpack_memberships_contains_paid_content":false,"footnotes":"","jetpack_publicize_message":"","jetpack_publicize_feature_enabled":true,"jetpack_social_post_already_shared":true,"jetpack_social_options":{"image_generator_settings":{"template":"highway","default_image_id":0,"font":"","enabled":false},"version":2}},"categories":[657],"tags":[37307,1073,3634,48533,14678,1545,31388,44,6045,60941,3884,13315],"class_list":["post-244600","post","type-post","status-publish","format-standard","has-post-thumbnail","hentry","category-spor","tag-actigim","tag-ozel","tag-ahmet","tag-atanmasi","tag-dava","tag-haber","tag-haberleri","tag-icin","tag-kayyum","tag-kulliyen","tag-ozdogan","tag-yalan"],"jetpack_publicize_connections":[],"jetpack_featured_media_url":"https:\/\/i0.wp.com\/www.tvturk.com\/wp-content\/uploads\/2019\/12\/ozel-haber-ahmet-ozdogan-kayyum-atanmasi-icin-dava-actigim-haberleri-kulliyen-yalan_f38ef75.jpg?fit=1000%2C857","jetpack_sharing_enabled":true,"jetpack_shortlink":"https:\/\/wp.me\/paKIfm-11Da","_links":{"self":[{"href":"http:\/\/www.tvturk.com\/index.php\/wp-json\/wp\/v2\/posts\/244600","targetHints":{"allow":["GET"]}}],"collection":[{"href":"http:\/\/www.tvturk.com\/index.php\/wp-json\/wp\/v2\/posts"}],"about":[{"href":"http:\/\/www.tvturk.com\/index.php\/wp-json\/wp\/v2\/types\/post"}],"author":[{"embeddable":true,"href":"http:\/\/www.tvturk.com\/index.php\/wp-json\/wp\/v2\/users\/1"}],"replies":[{"embeddable":true,"href":"http:\/\/www.tvturk.com\/index.php\/wp-json\/wp\/v2\/comments?post=244600"}],"version-history":[{"count":0,"href":"http:\/\/www.tvturk.com\/index.php\/wp-json\/wp\/v2\/posts\/244600\/revisions"}],"wp:featuredmedia":[{"embeddable":true,"href":"http:\/\/www.tvturk.com\/index.php\/wp-json\/wp\/v2\/media\/244601"}],"wp:attachment":[{"href":"http:\/\/www.tvturk.com\/index.php\/wp-json\/wp\/v2\/media?parent=244600"}],"wp:term":[{"taxonomy":"category","embeddable":true,"href":"http:\/\/www.tvturk.com\/index.php\/wp-json\/wp\/v2\/categories?post=244600"},{"taxonomy":"post_tag","embeddable":true,"href":"http:\/\/www.tvturk.com\/index.php\/wp-json\/wp\/v2\/tags?post=244600"}],"curies":[{"name":"wp","href":"https:\/\/api.w.org\/{rel}","templated":true}]}}