{"id":244616,"date":"2019-12-20T10:46:46","date_gmt":"2019-12-20T07:46:46","guid":{"rendered":"http:\/\/www.tvturk.com\/index.php\/kpdk-artik-gundem-belirleyecek\/"},"modified":"2019-12-20T10:46:46","modified_gmt":"2019-12-20T07:46:46","slug":"kpdk-artik-gundem-belirleyecek","status":"publish","type":"post","link":"http:\/\/www.tvturk.com\/index.php\/kpdk-artik-gundem-belirleyecek\/","title":{"rendered":"KPDK art\u0131k g\u00fcndem belirleyecek"},"content":{"rendered":"<p>Memur-Sen\u2019in \u00f6nerisiyle art\u0131k Kamu Personeli Dan\u0131\u015fma Kurulu (KPDK) toplant\u0131lar\u0131 \u00f6ncesinde Memur-Sen Konfederasyonu ile Aile, \u00c7al\u0131\u015fma ve Sosyal Hizmetler Bakanl\u0131\u011f\u0131 taraf\u0131ndan olu\u015fturulacak komisyon taraf\u0131ndan KPDK\u2019n\u0131n g\u00fcndemi belirlenecek.<\/p>\n<p>Memur-Sen\u2019in ge\u00e7mi\u015fte ger\u00e7ekle\u015ftirilen Kamu Personeli Dan\u0131\u015fma Kurulu toplant\u0131lar\u0131 ve toplu s\u00f6zle\u015fme g\u00f6r\u00fc\u015fmelerinde sundu\u011fu \u201cKPDK g\u00fcndemli olarak icra edilsin\u201d \u00f6nerisi, Aile, \u00c7al\u0131\u015fma ve Sosyal Hizmetler Bakan\u0131 Zehra Z\u00fcmr\u00fct Sel\u00e7uk taraf\u0131ndan kabul edildi. Memur-Sen Genel Ba\u015fkan\u0131 Ali Yal\u00e7\u0131n\u2019\u0131n masaya ta\u015f\u0131nan taleplere ra\u011fmen sonu\u00e7 \u00fcretmeyen KPDK\u2019n\u0131n i\u015flevinin art\u0131r\u0131lmas\u0131na, taleplerinin hayata ge\u00e7irilmesine y\u00f6nelik olarak dile getirdi\u011fi KPDK toplant\u0131s\u0131n\u0131n g\u00fcndemli olarak icra edilmesi 2020\u2019de hayata ge\u00e7ecek. Memur-Sen Konfederasyonu, Memur-Sen\u2019e ba\u011fl\u0131 sendikalar ile Aile, \u00c7al\u0131\u015fma ve Sosyal Hizmetler Bakanl\u0131\u011f\u0131 taraf\u0131ndan olu\u015fturulacak komisyonla 2020 Mart ay\u0131nda toplanacak olan KPDK\u2019n\u0131n g\u00fcndemi. \u015eubat ay\u0131nda yap\u0131lacak teknik \u00e7al\u0131\u015fmayla belirlenecek ve kamu g\u00f6revlilerinin ivedi \u00e7\u00f6z\u00fcm bekledi\u011fi sorunlar \u00f6ncelik s\u0131ras\u0131na g\u00f6re g\u00fcndeme al\u0131nacak. Bununla birlikte komisyon, ihtiyaca binaen s\u00fcrekli toplanabilecek, toplu s\u00f6zle\u015fmeye dair haz\u0131rl\u0131k yapabilecek ve di\u011fer kamu kurulu\u015flar\u0131yla da irtibatl\u0131 olacak.<\/p>\n<p>Memur-Sen Genel Ba\u015fkan\u0131 Yal\u00e7\u0131n, 2018\u2019in Aral\u0131k ay\u0131nda ger\u00e7ekle\u015ftirilen KPDK toplant\u0131s\u0131nda, \u201cKurul toplant\u0131s\u0131n\u0131n tarihinin ve g\u00fcndeminin taraflar\u0131n ortak \u00e7al\u0131\u015fmas\u0131yla belirlenmesi ve KPDK g\u00fcndeminin davet yaz\u0131s\u0131yla birlikte hem taraflarla hem de kamuoyuyla payla\u015f\u0131lmas\u0131 gerekir. B\u00f6ylesi bir s\u00fcreci i\u015fletmek ve sonucu \u00fcretmek varl\u0131\u011f\u0131yla \u00f6nemli olan KPDK\u2019n\u0131n yapt\u0131klar\u0131yla, kararlar\u0131yla, kazan\u0131m \u00fcretme heyecan\u0131yla de\u011ferli olmas\u0131na da hizmet eder. Bu nitelikleri haiz KPDK, kamu y\u00f6netimi, kamu personel sistemi, kamu g\u00f6revlileri ve kamu g\u00f6revlileri sendikac\u0131l\u0131\u011f\u0131 zemini a\u00e7\u0131s\u0131ndan kat\u0131l\u0131mc\u0131 kurguyla, etkili sosyal diyalogla sorunu g\u00f6ren, \u00e7\u00f6z\u00fcm \u00fcreten, vizyon geli\u015ftiren bir \u00e7al\u0131\u015fma hayat\u0131 platformu olarak konumland\u0131r\u0131lm\u0131\u015f olur\u201d demi\u015fti.<\/p>\n","protected":false},"excerpt":{"rendered":"<p>MEMUR-SEN\u2019\u0130N \u00d6NER\u0130S\u0130YLE BUNDAN SONRA GER\u00c7EKLE\u015eT\u0130R\u0130LECEK OLAN KPDK TOPLANTILARI \u00d6NCES\u0130NDE KPDK\u2019NIN G\u00dcNDEM\u0130, MEMUR-SEN KONFEDERASYONU VE BAKANLIK TARAFINDAN OLU\u015eTURULACAK OLAN KOM\u0130SYONUN YAPACA\u011eI TEKN\u0130K \u00c7ALI\u015eMAYLA BEL\u0130RLENECEK.<\/p>\n","protected":false},"author":1,"featured_media":244617,"comment_status":"closed","ping_status":"open","sticky":false,"template":"","format":"standard","meta":{"jetpack_post_was_ever_published":false,"_jetpack_newsletter_access":"","_jetpack_dont_email_post_to_subs":false,"_jetpack_newsletter_tier_id":0,"_jetpack_memberships_contains_paywalled_content":false,"_jetpack_memberships_contains_paid_content":false,"footnotes":"","jetpack_publicize_message":"","jetpack_publicize_feature_enabled":true,"jetpack_social_post_already_shared":true,"jetpack_social_options":{"image_generator_settings":{"template":"highway","default_image_id":0,"font":"","enabled":false},"version":2}},"categories":[1],"tags":[27920,2058,12306,11],"class_list":["post-244616","post","type-post","status-publish","format-standard","has-post-thumbnail","hentry","category-genel","tag-kpdk","tag-artik","tag-belirleyecek","tag-gundem"],"jetpack_publicize_connections":[],"jetpack_featured_media_url":"https:\/\/i0.wp.com\/www.tvturk.com\/wp-content\/uploads\/2019\/12\/kpdk-artik-gundem-belirleyecek_aeeae15.jpg?fit=1000%2C527","jetpack_sharing_enabled":true,"jetpack_shortlink":"https:\/\/wp.me\/paKIfm-11Dq","_links":{"self":[{"href":"http:\/\/www.tvturk.com\/index.php\/wp-json\/wp\/v2\/posts\/244616","targetHints":{"allow":["GET"]}}],"collection":[{"href":"http:\/\/www.tvturk.com\/index.php\/wp-json\/wp\/v2\/posts"}],"about":[{"href":"http:\/\/www.tvturk.com\/index.php\/wp-json\/wp\/v2\/types\/post"}],"author":[{"embeddable":true,"href":"http:\/\/www.tvturk.com\/index.php\/wp-json\/wp\/v2\/users\/1"}],"replies":[{"embeddable":true,"href":"http:\/\/www.tvturk.com\/index.php\/wp-json\/wp\/v2\/comments?post=244616"}],"version-history":[{"count":0,"href":"http:\/\/www.tvturk.com\/index.php\/wp-json\/wp\/v2\/posts\/244616\/revisions"}],"wp:featuredmedia":[{"embeddable":true,"href":"http:\/\/www.tvturk.com\/index.php\/wp-json\/wp\/v2\/media\/244617"}],"wp:attachment":[{"href":"http:\/\/www.tvturk.com\/index.php\/wp-json\/wp\/v2\/media?parent=244616"}],"wp:term":[{"taxonomy":"category","embeddable":true,"href":"http:\/\/www.tvturk.com\/index.php\/wp-json\/wp\/v2\/categories?post=244616"},{"taxonomy":"post_tag","embeddable":true,"href":"http:\/\/www.tvturk.com\/index.php\/wp-json\/wp\/v2\/tags?post=244616"}],"curies":[{"name":"wp","href":"https:\/\/api.w.org\/{rel}","templated":true}]}}