{"id":24462,"date":"2019-02-12T12:01:17","date_gmt":"2019-02-12T09:01:17","guid":{"rendered":"http:\/\/www.tvturk.com\/index.php\/evi-yanan-aileye-esya-destegi\/"},"modified":"2019-02-12T12:01:20","modified_gmt":"2019-02-12T09:01:20","slug":"evi-yanan-aileye-esya-destegi","status":"publish","type":"post","link":"http:\/\/www.tvturk.com\/index.php\/evi-yanan-aileye-esya-destegi\/","title":{"rendered":"Evi yanan aileye e\u015fya deste\u011fi"},"content":{"rendered":"<p>Manisa B\u00fcy\u00fck\u015fehir Belediyesi, Kula il\u00e7esinde evleri yanan bir aileye e\u015fya yard\u0131m\u0131nda bulundu. Manisa B\u00fcy\u00fck\u015fehir Belediyesinin kendilerini unutmad\u0131klar\u0131n\u0131 belirten aile, Ba\u015fkan Cengiz Erg\u00fcn\u2019e te\u015fekk\u00fcr ederek, hay\u0131r dualar\u0131nda bulundu.<\/p>\n<p>Sosyal projeleri ile vatanda\u015fa destek \u00e7al\u0131\u015fmalar\u0131n\u0131 s\u00fcrd\u00fcren Manisa B\u00fcy\u00fck\u015fehir Belediyesi, Kula il\u00e7esinde evi yanan bir aileye e\u015fya yard\u0131m\u0131nda bulundu. Kula il\u00e7esi Bey Mahallesi\u2019nde ya\u015fayan Bedez ailesine e\u015fyalar\u0131n\u0131 B\u00fcy\u00fck\u015fehir Belediyesi Sosyal Hizmetler Daire Ba\u015fkan\u0131 Nursel Ustamehmeto\u011flu, Halkla \u0130li\u015fkiler \u015eube M\u00fcd\u00fcr\u00fc G\u00fcl\u015fen \u00c7al\u0131\u015fkan ve B\u00fcy\u00fck\u015fehir Belediyesi Meclis \u00dcyesi Faik \u015eent\u00fcrk teslim etti. Manisa B\u00fcy\u00fck\u015fehir Belediyesi\u2019nin k\u00f6t\u00fc g\u00fcnlerinde de yanlar\u0131nda oldu\u011funu belirten Bedez ailesi B\u00fcy\u00fck\u015fehir Belediye Ba\u015fkan\u0131 Cengiz Erg\u00fcn\u2019e te\u015fekk\u00fcr etti, hay\u0131r dualar\u0131nda bulundu. B\u00fcy\u00fck\u015fehir Belediyesi Sosyal Hizmetler Dairesi Ba\u015fkan\u0131 Nursel Ustamehmeto\u011flu, Bedez ailesine Ba\u015fkan Cengiz Erg\u00fcn\u2019\u00fcn selamlar\u0131n\u0131 da iletti.<div class=\"tiled-gallery type-rectangular tiled-gallery-unresized\" data-original-width=\"500\" data-carousel-extra='null' itemscope itemtype=\"http:\/\/schema.org\/ImageGallery\" > <div class=\"gallery-row\" style=\"width: 500px; height: 334px;\" data-original-width=\"500\" data-original-height=\"334\" > <div class=\"gallery-group images-1\" style=\"width: 500px; height: 334px;\" data-original-width=\"500\" data-original-height=\"334\" > <div class=\"tiled-gallery-item tiled-gallery-item-large\" itemprop=\"associatedMedia\" itemscope itemtype=\"http:\/\/schema.org\/ImageObject\"> <a href=\"http:\/\/www.tvturk.com\/index.php\/evi-yanan-aileye-esya-destegi\/evi-yanan-aileye-esya-destegi-3\/\" border=\"0\" itemprop=\"url\"> <meta itemprop=\"width\" content=\"496\"> <meta itemprop=\"height\" content=\"330\"> <img decoding=\"async\" class=\"\" data-attachment-id=\"24464\" data-orig-file=\"http:\/\/www.tvturk.com\/wp-content\/uploads\/2019\/02\/evi-yanan-aileye-esya-destegi_29696f7.jpg\" data-orig-size=\"1000,666\" data-comments-opened=\"\" data-image-meta=\"{&quot;aperture&quot;:&quot;0&quot;,&quot;credit&quot;:&quot;IHA&quot;,&quot;camera&quot;:&quot;&quot;,&quot;caption&quot;:&quot;MAN\\u0130SA B\\u00dcY\\u00dcK\\u015eEH\\u0130R BELED\\u0130YES\\u0130, KULA \\u0130L\\u00c7ES\\u0130NDE EVLER\\u0130 YANAN B\\u0130R A\\u0130LEYE E\\u015eYA YARDIMINDA BULUNDU. MAN\\u0130SA B\\u00dcY\\u00dcK\\u015eEH\\u0130R BELED\\u0130YES\\u0130N\\u0130N KEND\\u0130LER\\u0130N\\u0130 UNUTMADIKLARINI BEL\\u0130RTEN A\\u0130LE, BA\\u015eKAN CENG\\u0130Z ERG\\u00dcN\\u2019E TE\\u015eEKK\\u00dcR EDEREK, HAYIR DUALARINDA BULUNDU. (\\u0130HA\\\/MAN\\u0130SA-\\u0130HA)&quot;,&quot;created_timestamp&quot;:&quot;0&quot;,&quot;copyright&quot;:&quot;\\u0130HLAS HABER AJANSI, www.iha.com.tr&quot;,&quot;focal_length&quot;:&quot;0&quot;,&quot;iso&quot;:&quot;0&quot;,&quot;shutter_speed&quot;:&quot;0&quot;,&quot;title&quot;:&quot;EV\\u0130 YANAN A\\u0130LEYE E\\u015eYA DESTE\\u011e\\u0130&quot;,&quot;orientation&quot;:&quot;0&quot;}\" data-image-title=\"Evi yanan aileye e\u015fya deste\u011fi\" data-image-description=\"&lt;p&gt;Evi yanan aileye e\u015fya deste\u011fi&lt;\/p&gt; \" data-medium-file=\"https:\/\/i0.wp.com\/www.tvturk.com\/wp-content\/uploads\/2019\/02\/evi-yanan-aileye-esya-destegi_29696f7.jpg?fit=300%2C200\" data-large-file=\"https:\/\/i0.wp.com\/www.tvturk.com\/wp-content\/uploads\/2019\/02\/evi-yanan-aileye-esya-destegi_29696f7.jpg?fit=1000%2C666\" src=\"https:\/\/i0.wp.com\/www.tvturk.com\/wp-content\/uploads\/2019\/02\/evi-yanan-aileye-esya-destegi_29696f7.jpg?w=496&#038;h=330\" srcset=\"https:\/\/i0.wp.com\/www.tvturk.com\/wp-content\/uploads\/2019\/02\/evi-yanan-aileye-esya-destegi_29696f7.jpg?w=1000 1000w, https:\/\/i0.wp.com\/www.tvturk.com\/wp-content\/uploads\/2019\/02\/evi-yanan-aileye-esya-destegi_29696f7.jpg?resize=150%2C100 150w, https:\/\/i0.wp.com\/www.tvturk.com\/wp-content\/uploads\/2019\/02\/evi-yanan-aileye-esya-destegi_29696f7.jpg?resize=300%2C200 300w, https:\/\/i0.wp.com\/www.tvturk.com\/wp-content\/uploads\/2019\/02\/evi-yanan-aileye-esya-destegi_29696f7.jpg?resize=768%2C511 768w, https:\/\/i0.wp.com\/www.tvturk.com\/wp-content\/uploads\/2019\/02\/evi-yanan-aileye-esya-destegi_29696f7.jpg?resize=170%2C113 170w, https:\/\/i0.wp.com\/www.tvturk.com\/wp-content\/uploads\/2019\/02\/evi-yanan-aileye-esya-destegi_29696f7.jpg?resize=120%2C80 120w\" width=\"496\" height=\"330\" loading=\"lazy\" data-original-width=\"496\" data-original-height=\"330\" itemprop=\"http:\/\/schema.org\/image\" title=\"Evi yanan aileye e\u015fya deste\u011fi\" alt=\"Evi yanan aileye e\u015fya deste\u011fi\" style=\"width: 496px; height: 330px;\" \/> <\/a> <\/div> <\/div> <!-- close group --> <\/div> <!-- close row --> <\/div><\/p>\n","protected":false},"excerpt":{"rendered":"<p>MAN\u0130SA B\u00dcY\u00dcK\u015eEH\u0130R BELED\u0130YES\u0130, KULA \u0130L\u00c7ES\u0130NDE EVLER\u0130 YANAN B\u0130R A\u0130LEYE E\u015eYA YARDIMINDA BULUNDU. MAN\u0130SA B\u00dcY\u00dcK\u015eEH\u0130R BELED\u0130YES\u0130N\u0130N KEND\u0130LER\u0130N\u0130 UNUTMADIKLARINI BEL\u0130RTEN A\u0130LE, BA\u015eKAN CENG\u0130Z ERG\u00dcN\u2019E TE\u015eEKK\u00dcR EDEREK, HAYIR DUALARINDA BULUNDU.<\/p>\n","protected":false},"author":1,"featured_media":24463,"comment_status":"closed","ping_status":"open","sticky":false,"template":"","format":"standard","meta":{"jetpack_post_was_ever_published":false,"_jetpack_newsletter_access":"","_jetpack_dont_email_post_to_subs":false,"_jetpack_newsletter_tier_id":0,"_jetpack_memberships_contains_paywalled_content":false,"_jetpack_memberships_contains_paid_content":false,"footnotes":"","jetpack_publicize_message":"","jetpack_publicize_feature_enabled":true,"jetpack_social_post_already_shared":false,"jetpack_social_options":{"image_generator_settings":{"template":"highway","default_image_id":0,"font":"","enabled":false},"version":2}},"categories":[655],"tags":[10251,53,8733,2019,5266],"class_list":["post-24462","post","type-post","status-publish","format-standard","has-post-thumbnail","hentry","category-son-dakika","tag-aileye","tag-destegi","tag-esya","tag-evi","tag-yanan"],"jetpack_publicize_connections":[],"jetpack_featured_media_url":"https:\/\/i0.wp.com\/www.tvturk.com\/wp-content\/uploads\/2019\/02\/evi-yanan-aileye-esya-destegi_e03ca11.jpg?fit=1000%2C666","jetpack_sharing_enabled":true,"jetpack_shortlink":"https:\/\/wp.me\/paKIfm-6my","_links":{"self":[{"href":"http:\/\/www.tvturk.com\/index.php\/wp-json\/wp\/v2\/posts\/24462","targetHints":{"allow":["GET"]}}],"collection":[{"href":"http:\/\/www.tvturk.com\/index.php\/wp-json\/wp\/v2\/posts"}],"about":[{"href":"http:\/\/www.tvturk.com\/index.php\/wp-json\/wp\/v2\/types\/post"}],"author":[{"embeddable":true,"href":"http:\/\/www.tvturk.com\/index.php\/wp-json\/wp\/v2\/users\/1"}],"replies":[{"embeddable":true,"href":"http:\/\/www.tvturk.com\/index.php\/wp-json\/wp\/v2\/comments?post=24462"}],"version-history":[{"count":1,"href":"http:\/\/www.tvturk.com\/index.php\/wp-json\/wp\/v2\/posts\/24462\/revisions"}],"predecessor-version":[{"id":24465,"href":"http:\/\/www.tvturk.com\/index.php\/wp-json\/wp\/v2\/posts\/24462\/revisions\/24465"}],"wp:featuredmedia":[{"embeddable":true,"href":"http:\/\/www.tvturk.com\/index.php\/wp-json\/wp\/v2\/media\/24463"}],"wp:attachment":[{"href":"http:\/\/www.tvturk.com\/index.php\/wp-json\/wp\/v2\/media?parent=24462"}],"wp:term":[{"taxonomy":"category","embeddable":true,"href":"http:\/\/www.tvturk.com\/index.php\/wp-json\/wp\/v2\/categories?post=24462"},{"taxonomy":"post_tag","embeddable":true,"href":"http:\/\/www.tvturk.com\/index.php\/wp-json\/wp\/v2\/tags?post=24462"}],"curies":[{"name":"wp","href":"https:\/\/api.w.org\/{rel}","templated":true}]}}