{"id":245436,"date":"2019-12-21T13:01:31","date_gmt":"2019-12-21T10:01:31","guid":{"rendered":"http:\/\/www.tvturk.com\/index.php\/hint-okyanusundaki-turk-gemisinde-dehset\/"},"modified":"2019-12-21T13:01:31","modified_gmt":"2019-12-21T10:01:31","slug":"hint-okyanusundaki-turk-gemisinde-dehset","status":"publish","type":"post","link":"http:\/\/www.tvturk.com\/index.php\/hint-okyanusundaki-turk-gemisinde-dehset\/","title":{"rendered":"Hint Okyanusu\u2019ndaki T\u00fcrk gemisinde deh\u015fet"},"content":{"rendered":"<p>Endonezya\u2019n\u0131n Semerang Liman\u0131\u2019ndan yola \u00e7\u0131kan \u0130nce Karadeniz adl\u0131 y\u00fck gemisinde, geminin makine ya\u011fc\u0131s\u0131n\u0131n b\u0131\u00e7akl\u0131 sald\u0131r\u0131s\u0131na u\u011frayan kaptan hayat\u0131n\u0131 kaybetti, 2 m\u00fcrettebat da yaraland\u0131.<\/p>\n<p>\u0130nce Karadeniz adl\u0131 y\u00fck gemisi, Endonezya\u2019n\u0131n Semerang Liman\u0131\u2019ndan y\u00fck alarak Hint Okyanusuna a\u00e7\u0131ld\u0131. Seyir halinde bulunan gemide, makine ya\u011fc\u0131s\u0131 Ergin A. daha \u00f6nce tart\u0131\u015ft\u0131\u011f\u0131 \u00f6ne s\u00fcr\u00fclen kaptan Bora Ek\u015fi\u2019yi bo\u011faz\u0131ndan b\u0131\u00e7aklad\u0131. Olay esnas\u0131nda sald\u0131r\u0131y\u0131 \u00f6nlemek isteyen 2 m\u00fcrettebat\u0131 da yaralayan Ergin A., m\u00fcrettebat taraf\u0131ndan ba\u011flanarak etkisiz hale getirildi. Kaptan Bora Ek\u015fi gemide hayat\u0131n\u0131 kaybederken, geminin rotas\u0131 adli i\u015flemler nedeni ile Sri Lanka\u2019ya \u00e7evrildi.<\/p>\n<p>\u015eirketten a\u00e7\u0131klama<\/p>\n<p>Konuyla ilgili \u0130nce Denizcilik \u015eirketi taraf\u0131ndan a\u00e7\u0131klamada, \u201c20.12.2019 tarihi sabah saatlerinde Hint Okyanusu\u2019nda seyir halinde bulunan \u015firketimize ait M\/V \u0130nce Karadeniz adl\u0131 gemimizde vuku bulan elim hadise sonucu gemi kaptan\u0131m\u0131z vefat etmi\u015f ve iki personelimiz yaralanm\u0131\u015ft\u0131r. T\u00fcrk Konsoloslu\u011funa ve yasal mercilere gerekli bildirimlerin tamam\u0131 yap\u0131lm\u0131\u015ft\u0131r. \u015eu an itibariyle Hint Sahil G\u00fcvenlik duruma m\u00fcdahale etmi\u015f, yaral\u0131lara ilk m\u00fcdahale yap\u0131lm\u0131\u015ft\u0131r. Yaral\u0131lar\u0131n hayati tehlikesi yoktur\u201d ifadeleri kullan\u0131ld\u0131.<\/p>\n","protected":false},"excerpt":{"rendered":"<p>ENDONEZYA\u2019NIN SEMERANG L\u0130MANI&#8217;NDAN YOLA \u00c7IKAN \u0130NCE KARADEN\u0130Z ADLI Y\u00dcK GEM\u0130S\u0130NDE, GEM\u0130N\u0130N MAK\u0130NE YA\u011eCISININ BI\u00c7AKLI SALDIRISINA U\u011eRAYAN KAPTAN HAYATINI KAYBETT\u0130, 2 M\u00dcRETTEBAT DA YARALANDI.<\/p>\n","protected":false},"author":1,"featured_media":245437,"comment_status":"closed","ping_status":"open","sticky":false,"template":"","format":"standard","meta":{"jetpack_post_was_ever_published":false,"_jetpack_newsletter_access":"","_jetpack_dont_email_post_to_subs":false,"_jetpack_newsletter_tier_id":0,"_jetpack_memberships_contains_paywalled_content":false,"_jetpack_memberships_contains_paid_content":false,"footnotes":"","jetpack_publicize_message":"","jetpack_publicize_feature_enabled":true,"jetpack_social_post_already_shared":true,"jetpack_social_options":{"image_generator_settings":{"template":"highway","default_image_id":0,"font":"","enabled":false},"version":2}},"categories":[10],"tags":[4744,25796,7937,61079,957],"class_list":["post-245436","post","type-post","status-publish","format-standard","has-post-thumbnail","hentry","category-dunya","tag-dehset","tag-gemisinde","tag-hint","tag-okyanusundaki","tag-turk"],"jetpack_publicize_connections":[],"jetpack_featured_media_url":"https:\/\/i0.wp.com\/www.tvturk.com\/wp-content\/uploads\/2019\/12\/hint-okyanusundaki-turk-gemisinde-dehset_29b11be.jpg?fit=800%2C536","jetpack_sharing_enabled":true,"jetpack_shortlink":"https:\/\/wp.me\/paKIfm-11QE","_links":{"self":[{"href":"http:\/\/www.tvturk.com\/index.php\/wp-json\/wp\/v2\/posts\/245436","targetHints":{"allow":["GET"]}}],"collection":[{"href":"http:\/\/www.tvturk.com\/index.php\/wp-json\/wp\/v2\/posts"}],"about":[{"href":"http:\/\/www.tvturk.com\/index.php\/wp-json\/wp\/v2\/types\/post"}],"author":[{"embeddable":true,"href":"http:\/\/www.tvturk.com\/index.php\/wp-json\/wp\/v2\/users\/1"}],"replies":[{"embeddable":true,"href":"http:\/\/www.tvturk.com\/index.php\/wp-json\/wp\/v2\/comments?post=245436"}],"version-history":[{"count":0,"href":"http:\/\/www.tvturk.com\/index.php\/wp-json\/wp\/v2\/posts\/245436\/revisions"}],"wp:featuredmedia":[{"embeddable":true,"href":"http:\/\/www.tvturk.com\/index.php\/wp-json\/wp\/v2\/media\/245437"}],"wp:attachment":[{"href":"http:\/\/www.tvturk.com\/index.php\/wp-json\/wp\/v2\/media?parent=245436"}],"wp:term":[{"taxonomy":"category","embeddable":true,"href":"http:\/\/www.tvturk.com\/index.php\/wp-json\/wp\/v2\/categories?post=245436"},{"taxonomy":"post_tag","embeddable":true,"href":"http:\/\/www.tvturk.com\/index.php\/wp-json\/wp\/v2\/tags?post=245436"}],"curies":[{"name":"wp","href":"https:\/\/api.w.org\/{rel}","templated":true}]}}