{"id":245446,"date":"2019-12-21T13:03:13","date_gmt":"2019-12-21T10:03:13","guid":{"rendered":"http:\/\/www.tvturk.com\/index.php\/beyoglunun-tarihe-taniklik-eden-plakcisi-kapaniyor\/"},"modified":"2019-12-21T13:03:13","modified_gmt":"2019-12-21T10:03:13","slug":"beyoglunun-tarihe-taniklik-eden-plakcisi-kapaniyor","status":"publish","type":"post","link":"http:\/\/www.tvturk.com\/index.php\/beyoglunun-tarihe-taniklik-eden-plakcisi-kapaniyor\/","title":{"rendered":"Beyo\u011flu\u2019nun tarihe tan\u0131kl\u0131k eden plak\u00e7\u0131s\u0131 kapan\u0131yor"},"content":{"rendered":"<p>Beyo\u011flu\u2019nda 65 y\u0131ld\u0131r a\u00e7\u0131k olan \u2018Lale Plak\u2019 y\u0131lsonunda kapanaca\u011f\u0131n\u0131 duyurdu.<\/p>\n<p>\u0130brahim ve Yusuf Atala karde\u015fler taraf\u0131ndan 1954 y\u0131l\u0131nda a\u00e7\u0131lan \u2018Lale Plak\u2019\u0131n \u00f6zel sebeplerden dolay\u0131 kapat\u0131laca\u011f\u0131 duyuruldu. D\u00fckkan yetkilileri sosyal medya hesaplar\u0131ndan, \u201c13 May\u0131s 1954 g\u00fcn\u00fc ba\u015flayan ser\u00fcvenimiz, 31 Aral\u0131k 2019 g\u00fcn\u00fc sona eriyor. Lale Plak ile 65 y\u0131l, iyi ve kaliteli m\u00fczik ile binlerce dostumuzun ruhuna dokunduk. Elimizde olmayan nedenlerle ma\u011fazam\u0131z\u0131 kapat\u0131yoruz. Bug\u00fcne kadar yan\u0131m\u0131zda olan t\u00fcm dostlar\u0131m\u0131za te\u015fekk\u00fcr ederiz\u201d a\u00e7\u0131klamas\u0131n\u0131 payla\u015ft\u0131.<\/p>\n<p>Y\u0131llarca m\u00fczisyenlerin ve sanatseverlerin u\u011frak noktas\u0131 olan Lale Plak\u2019\u0131n Beyo\u011flu\u2019nda bulunan butik tarz\u0131 d\u00fckkan\u0131 kapan\u0131yor. Konu ile ilgili a\u00e7\u0131klama yapan Lale Plak\u2019\u0131n son d\u00f6nem i\u015fletmecisi Hakan Atala, Beyo\u011flu\u2019nun eski tarihi dokusunun kalmad\u0131\u011f\u0131ndan yak\u0131nd\u0131.<\/p>\n<p>31 Aral\u0131k 2019 itibariyle Beyo\u011flu\u2019nun tarihine tan\u0131kl\u0131k eden d\u00fckkan\u0131 kapatacaklar\u0131n\u0131 belirten Atala, \u201cMa\u011fazan\u0131n butik bir yer olmas\u0131n\u0131 isterdim, ma\u011fazay\u0131 bu konsepte getirdim. E\u015f, dost herkes buraya gelirdi, \u00e7ay kahve i\u00e7erdik, m\u00fczik bahaneydi asl\u0131nda. Buras\u0131 m\u00fczisyenlerin bulu\u015fma yeriydi. Ma\u011fazay\u0131 \u00f6zel sebeplerden dolay\u0131 kapat\u0131yoruz fakat son y\u0131llardaki Beyo\u011flu\u2019nun de\u011fi\u015fimi, ekonomik \u015fartlar, sekt\u00f6r\u00fcn dijitalle\u015fmesi ek unsurlar oldu. Buran\u0131n tarihi bir dokusu vard\u0131, plaklar\u0131 \u00e7\u0131kacak \u00fcnl\u00fc isimler gelirdi, bana eserlerini dinletirlerdi. Sanat\u00e7\u0131lar plaklar\u0131n\u0131 burada imzalarlard\u0131, bizde burada bu imzal\u0131 plaklar\u0131 m\u00fc\u015fterilerimize ula\u015ft\u0131r\u0131rd\u0131k. Kapanacak olmas\u0131ndan dolay\u0131 i\u00e7imde bir burukluk var.&#8221; s\u00f6zlerini ifade etti.<\/p>\n","protected":false},"excerpt":{"rendered":"<p>BEYO\u011eLU\u2019NDA 65 YILDIR A\u00c7IK OLAN \u2018LALE PLAK\u2019 YILSONUNDA KAPANACA\u011eINI DUYURDU.<\/p>\n","protected":false},"author":1,"featured_media":245447,"comment_status":"closed","ping_status":"open","sticky":false,"template":"","format":"standard","meta":{"jetpack_post_was_ever_published":false,"_jetpack_newsletter_access":"","_jetpack_dont_email_post_to_subs":false,"_jetpack_newsletter_tier_id":0,"_jetpack_memberships_contains_paywalled_content":false,"_jetpack_memberships_contains_paid_content":false,"footnotes":"","jetpack_publicize_message":"","jetpack_publicize_feature_enabled":true,"jetpack_social_post_already_shared":true,"jetpack_social_options":{"image_generator_settings":{"template":"highway","default_image_id":0,"font":"","enabled":false},"version":2}},"categories":[656],"tags":[38436,2393,36502,61084,61083,15659],"class_list":["post-245446","post","type-post","status-publish","format-standard","has-post-thumbnail","hentry","category-kultur-sanat","tag-beyoglunun","tag-eden","tag-kapaniyor","tag-plakcisi","tag-taniklik","tag-tarihe"],"jetpack_publicize_connections":[],"jetpack_featured_media_url":"https:\/\/i0.wp.com\/www.tvturk.com\/wp-content\/uploads\/2019\/12\/beyoglunun-tarihe-taniklik-eden-plakcisi-kapaniyor_f687e5b.jpg?fit=1000%2C664","jetpack_sharing_enabled":true,"jetpack_shortlink":"https:\/\/wp.me\/paKIfm-11QO","_links":{"self":[{"href":"http:\/\/www.tvturk.com\/index.php\/wp-json\/wp\/v2\/posts\/245446","targetHints":{"allow":["GET"]}}],"collection":[{"href":"http:\/\/www.tvturk.com\/index.php\/wp-json\/wp\/v2\/posts"}],"about":[{"href":"http:\/\/www.tvturk.com\/index.php\/wp-json\/wp\/v2\/types\/post"}],"author":[{"embeddable":true,"href":"http:\/\/www.tvturk.com\/index.php\/wp-json\/wp\/v2\/users\/1"}],"replies":[{"embeddable":true,"href":"http:\/\/www.tvturk.com\/index.php\/wp-json\/wp\/v2\/comments?post=245446"}],"version-history":[{"count":0,"href":"http:\/\/www.tvturk.com\/index.php\/wp-json\/wp\/v2\/posts\/245446\/revisions"}],"wp:featuredmedia":[{"embeddable":true,"href":"http:\/\/www.tvturk.com\/index.php\/wp-json\/wp\/v2\/media\/245447"}],"wp:attachment":[{"href":"http:\/\/www.tvturk.com\/index.php\/wp-json\/wp\/v2\/media?parent=245446"}],"wp:term":[{"taxonomy":"category","embeddable":true,"href":"http:\/\/www.tvturk.com\/index.php\/wp-json\/wp\/v2\/categories?post=245446"},{"taxonomy":"post_tag","embeddable":true,"href":"http:\/\/www.tvturk.com\/index.php\/wp-json\/wp\/v2\/tags?post=245446"}],"curies":[{"name":"wp","href":"https:\/\/api.w.org\/{rel}","templated":true}]}}