{"id":245474,"date":"2019-12-21T13:47:45","date_gmt":"2019-12-21T10:47:45","guid":{"rendered":"http:\/\/www.tvturk.com\/index.php\/trabzonspor-konyada-9-yillik-hasreti-bitirmek-istiyor\/"},"modified":"2019-12-21T13:47:45","modified_gmt":"2019-12-21T10:47:45","slug":"trabzonspor-konyada-9-yillik-hasreti-bitirmek-istiyor","status":"publish","type":"post","link":"http:\/\/www.tvturk.com\/index.php\/trabzonspor-konyada-9-yillik-hasreti-bitirmek-istiyor\/","title":{"rendered":"Trabzonspor, Konya\u2019da 9 y\u0131ll\u0131k hasreti bitirmek istiyor"},"content":{"rendered":"<p>S\u00fcper Lig\u2019de Denizlispor ma\u011flubiyeti sonras\u0131 moral bulmak isteyen Trabzonspor, Konyaspor kar\u015f\u0131s\u0131nda deplasmanda s\u00fcre gelen 9 y\u0131ll\u0131k galibiyet hasretini sona erdirmek istiyor.<\/p>\n<p>S\u00fcper Lig\u2019in 15. haftas\u0131nda Denizlispor\u2019a sahas\u0131nda 2-1 ma\u011flup olan bordo-mavililer zirve yar\u0131\u015f\u0131nda yara alm\u0131\u015ft\u0131. F\u0131rsat haftas\u0131n\u0131 de\u011ferlendiremeyen bordo-mavililer 23 Aral\u0131k Pazartesi g\u00fcn\u00fc deplasmanda oynayaca\u011f\u0131 Konyaspor ma\u00e7\u0131n\u0131 kazanarak rakibi kar\u015f\u0131s\u0131nda 9 y\u0131ll\u0131k galibiyet \u00f6zlemini sonland\u0131rmay\u0131 hedefliyor.<\/p>\n<p>En son galibiyet 2010\u2019da<\/p>\n<p>Trabzonspor Konya\u2019da rakibi kar\u015f\u0131s\u0131nda en son galibiyeti Konyaspor\u2019un ligden d\u00fc\u015ft\u00fc\u011f\u00fc  2010-2011 sezonunda elde etti. Bordo-mavililer s\u00f6z konusu d\u00f6nemin ard\u0131ndan rakibi ile deplasmanda oynad\u0131\u011f\u0131 son 6 S\u00fcper Lig ma\u00e7\u0131nda 2 ma\u011flubiyet ve 4 beraberlik elde etti. Karadeniz ekibi son galibiyetini ise 1 Kas\u0131m 2010\u2019da 2-1\u2019lik sokar ile elde etmi\u015fti. Bordo-mavililer Konya deplasman\u0131ndan galibiyetle ayr\u0131lmas\u0131 durumunda ise Nisan 2017\u2019den bu yana ilk kez deplasmanda \u00fcst \u00fcste 3 ma\u00e7\u0131n\u0131 kazanm\u0131\u015f olacak.<\/p>\n<p>\u00dcnal Karaman ve Aykut Kocaman 6 kez kar\u015f\u0131la\u015facak<\/p>\n<p>Trabzonspor Teknik Direkt\u00f6r\u00fc \u00dcnal Karaman ile Konyaspor Teknik Direkt\u00f6r\u00fc Aykut Kocaman, teknik adaml\u0131k d\u00f6nemlerinden 6 kez kar\u015f\u0131 kar\u015f\u0131ya gelecek. \u0130ki teknik adam\u0131n bundan \u00f6nce g\u00f6rev ald\u0131klar\u0131 tak\u0131mlarda yapt\u0131klar\u0131 5 ma\u00e7ta bordo-mavililerin teknik patronu \u00dcnal Karaman 3 galibiyet al\u0131rken, Aykut Kocaman ise 1 galibiyet elde etti. 1 ma\u00e7ta ise iki teknik adam birbirine \u00fcst\u00fcnl\u00fck kuramad\u0131.<\/p>\n","protected":false},"excerpt":{"rendered":"<p>S\u00dcPER L\u0130G&#8217;DE,  DEN\u0130ZL\u0130SPOR MA\u011eLUB\u0130YET\u0130 SONRASI MORAL BULMAK \u0130STEYEN TRABZONSPOR, KONYASPOR KAR\u015eISINDA DEPLASMANDA S\u00dcRE GELEN 9 YILLIK GAL\u0130B\u0130YET HASRET\u0130 B\u0130T\u0130REREK Z\u0130RVE YARI\u015eINDA MORAL BULMAK \u0130ST\u0130YOR.<\/p>\n","protected":false},"author":1,"featured_media":245475,"comment_status":"closed","ping_status":"open","sticky":false,"template":"","format":"standard","meta":{"jetpack_post_was_ever_published":false,"_jetpack_newsletter_access":"","_jetpack_dont_email_post_to_subs":false,"_jetpack_newsletter_tier_id":0,"_jetpack_memberships_contains_paywalled_content":false,"_jetpack_memberships_contains_paid_content":false,"footnotes":"","jetpack_publicize_message":"","jetpack_publicize_feature_enabled":true,"jetpack_social_post_already_shared":true,"jetpack_social_options":{"image_generator_settings":{"template":"highway","default_image_id":0,"font":"","enabled":false},"version":2}},"categories":[657],"tags":[30155,16652,99,2980,916,710],"class_list":["post-245474","post","type-post","status-publish","format-standard","has-post-thumbnail","hentry","category-spor","tag-bitirmek","tag-hasreti","tag-istiyor","tag-konyada","tag-trabzonspor","tag-yillik"],"jetpack_publicize_connections":[],"jetpack_featured_media_url":"https:\/\/i0.wp.com\/www.tvturk.com\/wp-content\/uploads\/2019\/12\/trabzonspor-konyada-9-yillik-hasreti-bitirmek-istiyor_32b517c.jpg?fit=1000%2C666","jetpack_sharing_enabled":true,"jetpack_shortlink":"https:\/\/wp.me\/paKIfm-11Rg","_links":{"self":[{"href":"http:\/\/www.tvturk.com\/index.php\/wp-json\/wp\/v2\/posts\/245474","targetHints":{"allow":["GET"]}}],"collection":[{"href":"http:\/\/www.tvturk.com\/index.php\/wp-json\/wp\/v2\/posts"}],"about":[{"href":"http:\/\/www.tvturk.com\/index.php\/wp-json\/wp\/v2\/types\/post"}],"author":[{"embeddable":true,"href":"http:\/\/www.tvturk.com\/index.php\/wp-json\/wp\/v2\/users\/1"}],"replies":[{"embeddable":true,"href":"http:\/\/www.tvturk.com\/index.php\/wp-json\/wp\/v2\/comments?post=245474"}],"version-history":[{"count":0,"href":"http:\/\/www.tvturk.com\/index.php\/wp-json\/wp\/v2\/posts\/245474\/revisions"}],"wp:featuredmedia":[{"embeddable":true,"href":"http:\/\/www.tvturk.com\/index.php\/wp-json\/wp\/v2\/media\/245475"}],"wp:attachment":[{"href":"http:\/\/www.tvturk.com\/index.php\/wp-json\/wp\/v2\/media?parent=245474"}],"wp:term":[{"taxonomy":"category","embeddable":true,"href":"http:\/\/www.tvturk.com\/index.php\/wp-json\/wp\/v2\/categories?post=245474"},{"taxonomy":"post_tag","embeddable":true,"href":"http:\/\/www.tvturk.com\/index.php\/wp-json\/wp\/v2\/tags?post=245474"}],"curies":[{"name":"wp","href":"https:\/\/api.w.org\/{rel}","templated":true}]}}