{"id":245476,"date":"2019-12-21T13:47:51","date_gmt":"2019-12-21T10:47:51","guid":{"rendered":"http:\/\/www.tvturk.com\/index.php\/denizlispor-alanyaspor-maci-hazirliklarini-surduruyor\/"},"modified":"2019-12-21T13:47:51","modified_gmt":"2019-12-21T10:47:51","slug":"denizlispor-alanyaspor-maci-hazirliklarini-surduruyor","status":"publish","type":"post","link":"http:\/\/www.tvturk.com\/index.php\/denizlispor-alanyaspor-maci-hazirliklarini-surduruyor\/","title":{"rendered":"Denizlispor, Alanyaspor ma\u00e7\u0131 haz\u0131rl\u0131klar\u0131n\u0131 s\u00fcrd\u00fcr\u00fcyor"},"content":{"rendered":"<p>Denizlispor S\u00fcper Lig\u2019in 16. haftas\u0131nda oynayaca\u011f\u0131 Aytemiz Alanyaspor ma\u00e7\u0131 haz\u0131rl\u0131klar\u0131n\u0131 yapt\u0131\u011f\u0131 antrenmanla s\u00fcrd\u00fcrd\u00fc.<\/p>\n<p>Teknik Direkt\u00f6r Mehmet \u00d6zdilek y\u00f6netiminde Haluk Ulusoy Tesisleri\u2019nde ger\u00e7ekle\u015ftirilen idmanda \u0131s\u0131nman\u0131n ard\u0131ndan \u015fut ve pas \u00e7al\u0131\u015fmas\u0131 yap\u0131l\u0131rken antrenman taktiksel \u00e7al\u0131\u015fma ile sona erdi.<\/p>\n<p>Tedavisine Fransa\u2019da devam edilecek olan Zakarya Bergdich tak\u0131mla \u00e7al\u0131\u015fmalara kat\u0131lmad\u0131.<\/p>\n<p>Ye\u015fil-siyahl\u0131 ekip haz\u0131rl\u0131klar\u0131n\u0131 yar\u0131n yapaca\u011f\u0131 antrenman ile tamamlayacak.<\/p>\n","protected":false},"excerpt":{"rendered":"<p>DEN\u0130ZL\u0130SPOR S\u00dcPER L\u0130G\u2019\u0130N 16. HAFTASINDA OYNAYACA\u011eI AYTEM\u0130Z ALANYASPOR MA\u00c7I HAZIRLIKLARINI YAPTI\u011eI ANTRENMANLA S\u00dcRD\u00dcRD\u00dc.<\/p>\n","protected":false},"author":1,"featured_media":245477,"comment_status":"closed","ping_status":"open","sticky":false,"template":"","format":"standard","meta":{"jetpack_post_was_ever_published":false,"_jetpack_newsletter_access":"","_jetpack_dont_email_post_to_subs":false,"_jetpack_newsletter_tier_id":0,"_jetpack_memberships_contains_paywalled_content":false,"_jetpack_memberships_contains_paid_content":false,"footnotes":"","jetpack_publicize_message":"","jetpack_publicize_feature_enabled":true,"jetpack_social_post_already_shared":true,"jetpack_social_options":{"image_generator_settings":{"template":"highway","default_image_id":0,"font":"","enabled":false},"version":2}},"categories":[657],"tags":[6138,6694,2628,777,1772],"class_list":["post-245476","post","type-post","status-publish","format-standard","has-post-thumbnail","hentry","category-spor","tag-alanyaspor","tag-denizlispor","tag-hazirliklarini","tag-maci","tag-surduruyor"],"jetpack_publicize_connections":[],"jetpack_featured_media_url":"https:\/\/i0.wp.com\/www.tvturk.com\/wp-content\/uploads\/2019\/12\/denizlispor-alanyaspor-maci-hazirliklarini-surduruyor_c76acbf.jpg?fit=1000%2C667","jetpack_sharing_enabled":true,"jetpack_shortlink":"https:\/\/wp.me\/paKIfm-11Ri","_links":{"self":[{"href":"http:\/\/www.tvturk.com\/index.php\/wp-json\/wp\/v2\/posts\/245476","targetHints":{"allow":["GET"]}}],"collection":[{"href":"http:\/\/www.tvturk.com\/index.php\/wp-json\/wp\/v2\/posts"}],"about":[{"href":"http:\/\/www.tvturk.com\/index.php\/wp-json\/wp\/v2\/types\/post"}],"author":[{"embeddable":true,"href":"http:\/\/www.tvturk.com\/index.php\/wp-json\/wp\/v2\/users\/1"}],"replies":[{"embeddable":true,"href":"http:\/\/www.tvturk.com\/index.php\/wp-json\/wp\/v2\/comments?post=245476"}],"version-history":[{"count":0,"href":"http:\/\/www.tvturk.com\/index.php\/wp-json\/wp\/v2\/posts\/245476\/revisions"}],"wp:featuredmedia":[{"embeddable":true,"href":"http:\/\/www.tvturk.com\/index.php\/wp-json\/wp\/v2\/media\/245477"}],"wp:attachment":[{"href":"http:\/\/www.tvturk.com\/index.php\/wp-json\/wp\/v2\/media?parent=245476"}],"wp:term":[{"taxonomy":"category","embeddable":true,"href":"http:\/\/www.tvturk.com\/index.php\/wp-json\/wp\/v2\/categories?post=245476"},{"taxonomy":"post_tag","embeddable":true,"href":"http:\/\/www.tvturk.com\/index.php\/wp-json\/wp\/v2\/tags?post=245476"}],"curies":[{"name":"wp","href":"https:\/\/api.w.org\/{rel}","templated":true}]}}