{"id":245488,"date":"2019-12-21T14:32:50","date_gmt":"2019-12-21T11:32:50","guid":{"rendered":"http:\/\/www.tvturk.com\/index.php\/aydindan-kuruyan-golbasinin-kurtarilmasi-icin-onerge\/"},"modified":"2019-12-21T14:32:50","modified_gmt":"2019-12-21T11:32:50","slug":"aydindan-kuruyan-golbasinin-kurtarilmasi-icin-onerge","status":"publish","type":"post","link":"http:\/\/www.tvturk.com\/index.php\/aydindan-kuruyan-golbasinin-kurtarilmasi-icin-onerge\/","title":{"rendered":"Ayd\u0131n\u2019dan kuruyan G\u00f6lba\u015f\u0131\u2019n\u0131n kurtar\u0131lmas\u0131 i\u00e7in \u00f6nerge"},"content":{"rendered":"<p>CHP Bursa Milletvekili Erkan Ayd\u0131n, Bursa\u2019n\u0131n Kestel il\u00e7esinde bulunan ve kurumakta olan G\u00f6lba\u015f\u0131 g\u00f6letiyle al\u00e2kal\u0131 meclis ara\u015ft\u0131rmas\u0131 a\u00e7\u0131lmas\u0131 i\u00e7in \u00f6nerge verdi.<\/p>\n<p>Verdi\u011fi \u00f6nergede Bursa ovas\u0131n\u0131n y\u00fczde seksenini sulayan Kestel il\u00e7esindeki G\u00f6lba\u015f\u0131\u2019n\u0131n y\u00fczde 90\u2019\u0131n\u0131n kurudu\u011funa dikkat \u00e7eken Erkan Ayd\u0131n, 3 bin d\u00f6n\u00fcm \u00fczerine kurulu g\u00f6lde olu\u015fan kuruman\u0131n Bursa ovas\u0131nda d\u00fcnyan\u0131n en kaliteli meyve ve sebzesini yeti\u015ftiren \u00e7ift\u00e7iyi kara kara d\u00fc\u015f\u00fcnd\u00fcrd\u00fc\u011f\u00fcn\u00fc belirtti. Susuz arazinin havadan g\u00f6r\u00fcnt\u00fcs\u00fcn\u00fcn kurakl\u0131\u011f\u0131n boyutunu g\u00f6zler \u00f6n\u00fcne serdi\u011fini s\u00f6yleyen Erkan Ayd\u0131n \u015f\u00f6yle devam etti:<\/p>\n<p>\u201cUluda\u011f\u2019dan gelen dere ve civar da\u011flardan akan sularla beslenen ve ovan\u0131n y\u00fczde seksenini sulayan g\u00f6l kurudu.Ovaya kurulan fabrikalar\u0131n yer alt\u0131 sular\u0131n\u0131 b\u00fcy\u00fck oranda \u00e7ekmesiyle birlikte sondajlarla da su ihtiyac\u0131n\u0131 kar\u015f\u0131layamayan \u00e7ift\u00e7iler yetkililerden yard\u0131m bekliyor. \u00d6nceki y\u0131llarda 5 metreden su \u00e7\u0131kan ovada art\u0131k 250 metreden su \u00e7\u0131k\u0131yor. S\u00f6z konusu g\u00f6l Bursa ovas\u0131n\u0131n da can damar\u0131. E\u011fer g\u00f6l\u00fcn kurumas\u0131 halinde b\u00f6lgedeki tar\u0131m alanlar\u0131 b\u00fcy\u00fck zarar g\u00f6recek ve \u00e7ift\u00e7i \u00e7aresiz kalacak.Bursa ovas\u0131na hayat verin g\u00f6l\u00fcn bir \u00e2n \u00f6nce al\u0131nacak tedbirlerle yeniden tar\u0131ma ve do\u011faya kazand\u0131r\u0131lmas\u0131 gerekiyor.Kestel il\u00e7esinde bulunan G\u00f6lba\u015f\u0131\u2019n\u0131n acil tedbirlerle kurtar\u0131lmas\u0131 ve yeniden do\u011faya kazand\u0131r\u0131lmas\u0131 maksad\u0131yla anayasan\u0131n 98\u2019inci, i\u00e7t\u00fcz\u00fc\u011f\u00fcn 104 ve 105\u2019inci maddeleri gere\u011fince meclis ara\u015ft\u0131rmas\u0131 a\u00e7\u0131lmas\u0131 i\u00e7in gere\u011fini sayg\u0131lar\u0131mla arz ederim.\u201d<\/p>\n","protected":false},"excerpt":{"rendered":"<p>CHP BURSA M\u0130LLETVEK\u0130L\u0130 ERKAN AYDIN, BURSA\u2019NIN KESTEL \u0130L\u00c7ES\u0130NDE BULUNAN VE KURUMAKTA OLAN G\u00d6LBA\u015eI G\u00d6LET\u0130YLE AL\u00c2KALI MECL\u0130S ARA\u015eTIRMASI A\u00c7ILMASI \u0130\u00c7\u0130N \u00d6NERGE VERD\u0130.<\/p>\n","protected":false},"author":1,"featured_media":245489,"comment_status":"closed","ping_status":"open","sticky":false,"template":"","format":"standard","meta":{"jetpack_post_was_ever_published":false,"_jetpack_newsletter_access":"","_jetpack_dont_email_post_to_subs":false,"_jetpack_newsletter_tier_id":0,"_jetpack_memberships_contains_paywalled_content":false,"_jetpack_memberships_contains_paid_content":false,"footnotes":"","jetpack_publicize_message":"","jetpack_publicize_feature_enabled":true,"jetpack_social_post_already_shared":true,"jetpack_social_options":{"image_generator_settings":{"template":"highway","default_image_id":0,"font":"","enabled":false},"version":2}},"categories":[1],"tags":[7743,24509,44,32184,32410,36190],"class_list":["post-245488","post","type-post","status-publish","format-standard","has-post-thumbnail","hentry","category-genel","tag-aydindan","tag-golbasinin","tag-icin","tag-kurtarilmasi","tag-kuruyan","tag-onerge"],"jetpack_publicize_connections":[],"jetpack_featured_media_url":"https:\/\/i0.wp.com\/www.tvturk.com\/wp-content\/uploads\/2019\/12\/aydindan-kuruyan-golbasinin-kurtarilmasi-icin-onerge_b5c6e93.jpg?fit=1000%2C562","jetpack_sharing_enabled":true,"jetpack_shortlink":"https:\/\/wp.me\/paKIfm-11Ru","_links":{"self":[{"href":"http:\/\/www.tvturk.com\/index.php\/wp-json\/wp\/v2\/posts\/245488","targetHints":{"allow":["GET"]}}],"collection":[{"href":"http:\/\/www.tvturk.com\/index.php\/wp-json\/wp\/v2\/posts"}],"about":[{"href":"http:\/\/www.tvturk.com\/index.php\/wp-json\/wp\/v2\/types\/post"}],"author":[{"embeddable":true,"href":"http:\/\/www.tvturk.com\/index.php\/wp-json\/wp\/v2\/users\/1"}],"replies":[{"embeddable":true,"href":"http:\/\/www.tvturk.com\/index.php\/wp-json\/wp\/v2\/comments?post=245488"}],"version-history":[{"count":0,"href":"http:\/\/www.tvturk.com\/index.php\/wp-json\/wp\/v2\/posts\/245488\/revisions"}],"wp:featuredmedia":[{"embeddable":true,"href":"http:\/\/www.tvturk.com\/index.php\/wp-json\/wp\/v2\/media\/245489"}],"wp:attachment":[{"href":"http:\/\/www.tvturk.com\/index.php\/wp-json\/wp\/v2\/media?parent=245488"}],"wp:term":[{"taxonomy":"category","embeddable":true,"href":"http:\/\/www.tvturk.com\/index.php\/wp-json\/wp\/v2\/categories?post=245488"},{"taxonomy":"post_tag","embeddable":true,"href":"http:\/\/www.tvturk.com\/index.php\/wp-json\/wp\/v2\/tags?post=245488"}],"curies":[{"name":"wp","href":"https:\/\/api.w.org\/{rel}","templated":true}]}}