{"id":245532,"date":"2019-12-21T15:46:49","date_gmt":"2019-12-21T12:46:49","guid":{"rendered":"http:\/\/www.tvturk.com\/index.php\/gonul-soylesisi-programinin-konugu-yavuz-bulent-bakiler-oldu\/"},"modified":"2019-12-21T15:46:49","modified_gmt":"2019-12-21T12:46:49","slug":"gonul-soylesisi-programinin-konugu-yavuz-bulent-bakiler-oldu","status":"publish","type":"post","link":"http:\/\/www.tvturk.com\/index.php\/gonul-soylesisi-programinin-konugu-yavuz-bulent-bakiler-oldu\/","title":{"rendered":"G\u00f6n\u00fcl S\u00f6yle\u015fisi program\u0131n\u0131n konu\u011fu, Yavuz B\u00fclent Bakiler oldu"},"content":{"rendered":"<p>Sivas Belediyesi taraf\u0131ndan d\u00fczenlenen G\u00f6n\u00fcl S\u00f6yle\u015fisi program\u0131n\u0131n konu\u011fu olan \u015fair ve yazar Yavuz B\u00fclent Bakiler,  yo\u011fun ilgi g\u00f6rd\u00fc.<\/p>\n<p>Fidan Yaz\u0131c\u0131o\u011flu K\u00fclt\u00fcr Merkezi\u2019nde d\u00fczenlenen s\u00f6yle\u015fiye Sivas Belediye Ba\u015fkan\u0131 Hilmi Bilgin, Belediye Ba\u015fkan Yard\u0131mc\u0131lar\u0131; Ahmet Duman, Bekir S\u0131tk\u0131 Emino\u011flu, Necmettin Y\u0131lmaz, kurum m\u00fcd\u00fcrleri, sivil toplum kurulu\u015fu temsilcileri ve \u00e7ok say\u0131da vatanda\u015f kat\u0131ld\u0131. G\u00f6n\u00fcl S\u00f6yle\u015fisi program\u0131n\u0131n konu\u011fu olan \u015fair ve yazar Yavuz B\u00fclent Bakiler, vatanda\u015flar taraf\u0131ndan yo\u011fun ilgi g\u00f6rd\u00fc.<\/p>\n<p>Salonu h\u0131nca h\u0131n\u00e7 dolduran kat\u0131l\u0131mc\u0131lara hitap eden Bakiler, \u201cKe\u015fke ailem de burada olsayd\u0131 da bu muhte\u015fem toplulu\u011fu onlar da g\u00f6rseydi. Beni Sivas yeti\u015ftirdi, her \u015feyimi Sivas\u2019a bor\u00e7luyum. Ancak ben de Sivas\u2019a bir isim buldum ve Sultan\u015fehir dedim \u201d ifadelerini kullanarak programa yo\u011fun ilgi g\u00f6steren vatanda\u015flara te\u015fekk\u00fcr etti.<\/p>\n<p>Kur\u2019an-\u0131 Kerim\u2019in y\u00fcce emirlerinden ve Yunus Emre\u2019nin hayat felsefesinden bahseden Bakiler, \u201cBiz Kur\u2019an\u2019a uyarsak aram\u0131zda hi\u00e7bir sorun kalmaz. Evimizde huzursuzluk olmaz. Kar\u0131-koca aras\u0131nda problem olmaz.  Bat\u0131 d\u00fcnyas\u0131nda birtak\u0131m ahmaklar sokakta kar\u0131lar\u0131n\u0131 d\u00f6v\u00fcyor, b\u0131\u00e7akl\u0131yorlar ni\u00e7in? Evlerinde Kur\u2019an yok da o y\u00fczden \u201d dedi.<\/p>\n<p>Dil ve edebiyat\u0131n \u00f6neminden ve zaman zaman da kendi \u015fiirlerini seslendiren Bakiler, salondan uzun s\u00fcre alk\u0131\u015f ald\u0131.<\/p>\n<p>Program sonunda Bakiler\u2019e Sivas\u2019a \u00f6zg\u00fc birtak\u0131m hediyeler takdim eden Belediye Ba\u015fkan\u0131 Hilmi Bilgin, \u201cHocam\u0131za \u00e7ok te\u015fekk\u00fcr ediyoruz. Bug\u00fcn bize \u00e7ok farkl\u0131 ve g\u00fczel bir gece ya\u015fatt\u0131. \u0130n\u015fallah bundan sonra da farkl\u0131 programlarla birlikte olaca\u011f\u0131z. Sivas, kendi de\u011ferlerine sahip \u00e7\u0131k\u0131yor, \u00e7\u0131kmaya da devam edecek \u201d \u015feklinde konu\u015ftu.<\/p>\n<p>S\u00f6yle\u015fi kapsam\u0131nda Belediyemizin sosyal medya hesaplar\u0131nda yap\u0131lan \u00e7eki\u015f ile 60 ki\u015fiye Yavuz B\u00fclent Bakiler\u2019in; T\u00fcrkistan T\u00fcrkistan, \u00dcsk\u00fcp\u2019ten Kosova\u2019ya ve Harman adl\u0131 kitaplar\u0131 hediye edildi. Bakiler, kitaplar\u0131 imzalayarak hayranlar\u0131yla hat\u0131ra foto\u011fraf\u0131 \u00e7ektirdi.<\/p>\n","protected":false},"excerpt":{"rendered":"<p>S\u0130VAS BELED\u0130YES\u0130 TARAFINDAN D\u00dcZENLENEN G\u00d6N\u00dcL S\u00d6YLE\u015e\u0130S\u0130 PROGRAMININ KONU\u011eU OLAN \u015eA\u0130R VE YAZAR YAVUZ B\u00dcLENT BAK\u0130LER,  YO\u011eUN \u0130LG\u0130 G\u00d6RD\u00dc.<\/p>\n","protected":false},"author":1,"featured_media":245533,"comment_status":"closed","ping_status":"open","sticky":false,"template":"","format":"standard","meta":{"jetpack_post_was_ever_published":false,"_jetpack_newsletter_access":"","_jetpack_dont_email_post_to_subs":false,"_jetpack_newsletter_tier_id":0,"_jetpack_memberships_contains_paywalled_content":false,"_jetpack_memberships_contains_paid_content":false,"footnotes":"","jetpack_publicize_message":"","jetpack_publicize_feature_enabled":true,"jetpack_social_post_already_shared":true,"jetpack_social_options":{"image_generator_settings":{"template":"highway","default_image_id":0,"font":"","enabled":false},"version":2}},"categories":[1],"tags":[71,56427,2193,7542,77,20420,22774,4586],"class_list":["post-245532","post","type-post","status-publish","format-standard","has-post-thumbnail","hentry","category-genel","tag-gonul","tag-bakiler","tag-bulent","tag-konugu","tag-oldu","tag-programinin","tag-soylesisi","tag-yavuz"],"jetpack_publicize_connections":[],"jetpack_featured_media_url":"https:\/\/i0.wp.com\/www.tvturk.com\/wp-content\/uploads\/2019\/12\/gonul-soylesisi-programinin-konugu-yavuz-bulent-bakiler-oldu_b27c451.jpg?fit=1000%2C666","jetpack_sharing_enabled":true,"jetpack_shortlink":"https:\/\/wp.me\/paKIfm-11Sc","_links":{"self":[{"href":"http:\/\/www.tvturk.com\/index.php\/wp-json\/wp\/v2\/posts\/245532","targetHints":{"allow":["GET"]}}],"collection":[{"href":"http:\/\/www.tvturk.com\/index.php\/wp-json\/wp\/v2\/posts"}],"about":[{"href":"http:\/\/www.tvturk.com\/index.php\/wp-json\/wp\/v2\/types\/post"}],"author":[{"embeddable":true,"href":"http:\/\/www.tvturk.com\/index.php\/wp-json\/wp\/v2\/users\/1"}],"replies":[{"embeddable":true,"href":"http:\/\/www.tvturk.com\/index.php\/wp-json\/wp\/v2\/comments?post=245532"}],"version-history":[{"count":0,"href":"http:\/\/www.tvturk.com\/index.php\/wp-json\/wp\/v2\/posts\/245532\/revisions"}],"wp:featuredmedia":[{"embeddable":true,"href":"http:\/\/www.tvturk.com\/index.php\/wp-json\/wp\/v2\/media\/245533"}],"wp:attachment":[{"href":"http:\/\/www.tvturk.com\/index.php\/wp-json\/wp\/v2\/media?parent=245532"}],"wp:term":[{"taxonomy":"category","embeddable":true,"href":"http:\/\/www.tvturk.com\/index.php\/wp-json\/wp\/v2\/categories?post=245532"},{"taxonomy":"post_tag","embeddable":true,"href":"http:\/\/www.tvturk.com\/index.php\/wp-json\/wp\/v2\/tags?post=245532"}],"curies":[{"name":"wp","href":"https:\/\/api.w.org\/{rel}","templated":true}]}}