{"id":245790,"date":"2019-12-22T09:46:36","date_gmt":"2019-12-22T06:46:36","guid":{"rendered":"http:\/\/www.tvturk.com\/index.php\/en-uzun-gecede-zorlu-doga-sartlariyla-yarisan-sporcular-havadan-goruntulendi\/"},"modified":"2019-12-22T09:46:36","modified_gmt":"2019-12-22T06:46:36","slug":"en-uzun-gecede-zorlu-doga-sartlariyla-yarisan-sporcular-havadan-goruntulendi","status":"publish","type":"post","link":"http:\/\/www.tvturk.com\/index.php\/en-uzun-gecede-zorlu-doga-sartlariyla-yarisan-sporcular-havadan-goruntulendi\/","title":{"rendered":"En uzun gecede zorlu do\u011fa \u015fartlar\u0131yla yar\u0131\u015fan sporcular havadan g\u00f6r\u00fcnt\u00fclendi"},"content":{"rendered":"<p>En uzun gece olan 21 Aral\u0131k tarihinde \u00c7ekmek\u00f6y ormanlar\u0131, ko\u015fu ve bisiklet yar\u0131\u015flar\u0131na ev sahipli\u011fi yapt\u0131. Gece ormanl\u0131k alanda ger\u00e7ekle\u015fen yar\u0131\u015flar havadan g\u00f6r\u00fcnt\u00fclendi. Sporcular kafalar\u0131na ve ayaklar\u0131na takt\u0131klar\u0131 \u0131\u015f\u0131klarla en uzun geceyi ayd\u0131nlatt\u0131<\/p>\n<p>\u00c7ekmek\u00f6y Belediyesi taraf\u0131ndan bu y\u0131l 7\u2019ncisi d\u00fczenlenen ve zorlu ko\u015fullar alt\u0131nda yap\u0131lan yar\u0131\u015fmaya, so\u011fuk ile m\u00fccadele edip karanl\u0131kta yollar\u0131n\u0131 bulmaya \u00e7al\u0131\u015fan yakla\u015f\u0131k bin kadar yar\u0131\u015fmac\u0131 kat\u0131ld\u0131. Sporcular ko\u015fu ve bisiklet olmak \u00fczere iki farkl\u0131 dalda e\u015f zamanl\u0131 yar\u0131\u015ft\u0131lar. Karanl\u0131k ormanda ba\u015flar\u0131na ve ayak bileklerine takt\u0131klar\u0131 \u0131\u015f\u0131klarla yollar\u0131n\u0131 bulmaya \u00e7al\u0131\u015fan yar\u0131\u015fmac\u0131lara her 100 metrede bir as\u0131lan fosforlu bezler y\u00f6n g\u00f6sterdi. Sabah saatlerine kadar s\u00fcren yar\u0131\u015f sonras\u0131nda dereceye giren sporculara hediyeler verildi. Yar\u0131\u015fmalar \u00f6ncesi Ta\u015fdelen mesire alan\u0131nda mini konserler verildi. Zorlu parkurlarda yar\u0131\u015fan sporcular\u0131n k\u0131yas\u0131ya yar\u0131\u015f\u0131 havadan g\u00f6r\u00fcnt\u00fclendi.<\/p>\n<p>\u201c\u00c7ekmek\u00f6y\u2019e ayr\u0131 bir heyecan kat\u0131yor\u201d<\/p>\n<p>\u00c7ekmek\u00f6y Belediyesi Ba\u015fkan Yard\u0131mc\u0131s\u0131 Latif Co\u015far, \u201cTa\u015fdelen ormanlar\u0131nda b\u00fcy\u00fck bir heyecan ,b\u00fcy\u00fck bir tela\u015f var. Biraz sonra start\u0131 verece\u011fiz. T\u00fcm sporcular\u0131m\u0131z\u0131 ve sporcular\u0131m\u0131z\u0131 yaln\u0131z b\u0131rakmayan vatanda\u015flar\u0131m\u0131z\u0131 \u00c7ekmek\u00f6y Belediye Ba\u015fkan\u0131m\u0131z Ahmet Poyraz ad\u0131na selaml\u0131yorum. Bu sene 7\u2019ncisini d\u00fczenledi\u011fimiz \u2018En Uzun Gece Ko\u015fusu ve Ko\u015f veya Pedalla\u2019 program\u0131 ger\u00e7ekten do\u011fa sporlar\u0131n\u0131 ba\u015fkenti \u00c7ekmek\u00f6y\u2019e ayr\u0131 bir heyecan ayr\u0131 bir sportmenlik kat\u0131yor\u201d dedi.<\/p>\n<p>Yar\u0131\u015fa kat\u0131lan Y\u0131lmaz \u00c7ardak ise, \u201cDaha \u00f6nce bisiklet ile yar\u0131\u015fm\u0131\u015ft\u0131m. Ko\u015fu olarak hi\u00e7 denememi\u015ftim. Ko\u015funun da zevkini ya\u015famak i\u00e7in bu sefer de ko\u015fu olarak kat\u0131l\u0131yorum\u201d \u015feklinde konu\u015ftu.<\/p>\n","protected":false},"excerpt":{"rendered":"<p>EN UZUN GECE OLAN 21 ARALIK TAR\u0130H\u0130NDE \u00c7EKMEK\u00d6Y ORMANLARI, KO\u015eU VE B\u0130S\u0130KLET YARI\u015eLARINA EV SAH\u0130PL\u0130\u011e\u0130 YAPTI. GECE ORMANLIK ALANDA GER\u00c7EKLE\u015eEN YARI\u015eLAR HAVADAN G\u00d6R\u00dcNT\u00dcLEND\u0130.<\/p>\n","protected":false},"author":1,"featured_media":245791,"comment_status":"closed","ping_status":"open","sticky":false,"template":"","format":"standard","meta":{"jetpack_post_was_ever_published":false,"_jetpack_newsletter_access":"","_jetpack_dont_email_post_to_subs":false,"_jetpack_newsletter_tier_id":0,"_jetpack_memberships_contains_paywalled_content":false,"_jetpack_memberships_contains_paid_content":false,"footnotes":"","jetpack_publicize_message":"","jetpack_publicize_feature_enabled":true,"jetpack_social_post_already_shared":true,"jetpack_social_options":{"image_generator_settings":{"template":"highway","default_image_id":0,"font":"","enabled":false},"version":2}},"categories":[1],"tags":[4197,12860,3388,3387,61150,3413,482,32310,4376],"class_list":["post-245790","post","type-post","status-publish","format-standard","has-post-thumbnail","hentry","category-genel","tag-doga","tag-gecede","tag-goruntulendi","tag-havadan","tag-sartlariyla","tag-sporcular","tag-uzun","tag-yarisan","tag-zorlu"],"jetpack_publicize_connections":[],"jetpack_featured_media_url":"https:\/\/i0.wp.com\/www.tvturk.com\/wp-content\/uploads\/2019\/12\/en-uzun-gecede-zorlu-doga-sartlariyla-yarisan-sporcular-havadan-goruntulendi_a87cfca.jpg?fit=1000%2C562","jetpack_sharing_enabled":true,"jetpack_shortlink":"https:\/\/wp.me\/paKIfm-11Wm","_links":{"self":[{"href":"http:\/\/www.tvturk.com\/index.php\/wp-json\/wp\/v2\/posts\/245790","targetHints":{"allow":["GET"]}}],"collection":[{"href":"http:\/\/www.tvturk.com\/index.php\/wp-json\/wp\/v2\/posts"}],"about":[{"href":"http:\/\/www.tvturk.com\/index.php\/wp-json\/wp\/v2\/types\/post"}],"author":[{"embeddable":true,"href":"http:\/\/www.tvturk.com\/index.php\/wp-json\/wp\/v2\/users\/1"}],"replies":[{"embeddable":true,"href":"http:\/\/www.tvturk.com\/index.php\/wp-json\/wp\/v2\/comments?post=245790"}],"version-history":[{"count":0,"href":"http:\/\/www.tvturk.com\/index.php\/wp-json\/wp\/v2\/posts\/245790\/revisions"}],"wp:featuredmedia":[{"embeddable":true,"href":"http:\/\/www.tvturk.com\/index.php\/wp-json\/wp\/v2\/media\/245791"}],"wp:attachment":[{"href":"http:\/\/www.tvturk.com\/index.php\/wp-json\/wp\/v2\/media?parent=245790"}],"wp:term":[{"taxonomy":"category","embeddable":true,"href":"http:\/\/www.tvturk.com\/index.php\/wp-json\/wp\/v2\/categories?post=245790"},{"taxonomy":"post_tag","embeddable":true,"href":"http:\/\/www.tvturk.com\/index.php\/wp-json\/wp\/v2\/tags?post=245790"}],"curies":[{"name":"wp","href":"https:\/\/api.w.org\/{rel}","templated":true}]}}