{"id":245792,"date":"2019-12-22T10:02:00","date_gmt":"2019-12-22T07:02:00","guid":{"rendered":"http:\/\/www.tvturk.com\/index.php\/mlp-carein-saglik-hizmeti-ihracatindaki-basarisi-odullendirildi\/"},"modified":"2019-12-22T10:02:00","modified_gmt":"2019-12-22T07:02:00","slug":"mlp-carein-saglik-hizmeti-ihracatindaki-basarisi-odullendirildi","status":"publish","type":"post","link":"http:\/\/www.tvturk.com\/index.php\/mlp-carein-saglik-hizmeti-ihracatindaki-basarisi-odullendirildi\/","title":{"rendered":"MLP Care\u2019in sa\u011fl\u0131k hizmeti ihracat\u0131ndaki ba\u015far\u0131s\u0131 \u00f6d\u00fcllendirildi"},"content":{"rendered":"<p>MLP Care, 2018 y\u0131l\u0131nda ger\u00e7ekle\u015ftirdi\u011fi ihracat \u00e7al\u0131\u015fmalar\u0131ndan dolay\u0131 Hizmet \u0130hracat\u00e7\u0131lar\u0131 Birli\u011fi (H\u0130B) taraf\u0131ndan Sa\u011fl\u0131k Hizmetleri kategorisinde ikincilik \u00f6d\u00fcl\u00fcne lay\u0131k g\u00f6r\u00fcld\u00fc.<\/p>\n<p>Medical Park ve Liv Hospital markalar\u0131n\u0131 b\u00fcnyesinde bar\u0131nd\u0131ran T\u00fcrkiye\u2019nin en yayg\u0131n sa\u011fl\u0131k grubu MLP Care, her y\u0131l on binlerce yabanc\u0131 hastaya hizmet vererek T\u00fcrkiye sa\u011fl\u0131k turizmine katk\u0131 yapmay\u0131 s\u00fcrd\u00fcr\u00fcyor. Grubun sa\u011fl\u0131k hizmeti ihracat\u0131 alan\u0131nda ge\u00e7ti\u011fimiz y\u0131l ortaya koydu\u011fu ba\u015far\u0131, \u0130stanbul Kongre Merkezi\u2019nde d\u00fczenlenen 2018 Y\u0131l\u0131 H\u0130B \u00d6d\u00fcl T\u00f6reni\u2019nde ikincilik \u00f6d\u00fcl\u00fc ile ta\u00e7land\u0131. T\u00f6rende MLP Uluslararas\u0131 Hasta Merkezi Direkt\u00f6r\u00fc Murat Ercan\u2019a \u00f6d\u00fcl\u00fc Sa\u011fl\u0131k Bakan\u0131 Dr. Fahrettin Koca ve Ticaret Bakan\u0131 Ruhsar Pekcan takdim etti.<\/p>\n<p>Yabanc\u0131 misafirlerini T\u00fcrkiye\u2019nin d\u00f6rt bir yan\u0131ndaki hastanelerinde a\u011f\u0131rlayan MLP Care; 2018 y\u0131l\u0131nda Rusya\u2019dan Almanya\u2019ya, Ukrayna\u2019dan Cezayir\u2019e d\u00fcnyan\u0131n farkl\u0131 \u00fclkelerinden gelen on binlerce ki\u015fiye sa\u011fl\u0131k hizmeti sundu. Grup, yabanc\u0131 hastalara sunulan hizmetler kar\u015f\u0131l\u0131\u011f\u0131nda bir \u00f6nceki y\u0131l elde etti\u011fi geliri yakla\u015f\u0131k y\u00fczde 45 artt\u0131rarak T\u00fcrkiye\u2019ye 80 milyon Amerikan Dolar\u0131\u2019ndan fazla d\u00f6viz girdisi sa\u011flad\u0131.<\/p>\n<p>\u00d6d\u00fcl\u00fc de\u011ferlendiren MLP Care Uluslararas\u0131 Hasta Merkezi Direkt\u00f6r\u00fc Murat Ercan, \u201cT\u00fcrkiye\u2019nin k\u00fcresel sa\u011fl\u0131k turizminden ald\u0131\u011f\u0131 pay g\u00fcn ge\u00e7tik\u00e7e art\u0131yor. Art\u0131k \u00fclkemiz sadece yak\u0131n co\u011frafyadan de\u011fil; ABD, Fransa ve Almanya gibi sa\u011fl\u0131k hizmetleri alan\u0131nda \u00f6ne \u00e7\u0131kan \u00fclkelerden de hasta kabul eder konuma ula\u015ft\u0131. Bu durumun temelinde sunulan hizmetin kalitesi kadar, karma\u015f\u0131k operasyonlar\u0131n ba\u015far\u0131l\u0131 ile yap\u0131labilmesi, eri\u015fim kolayl\u0131\u011f\u0131 ve fiyat gibi bir\u00e7ok parametre \u00f6nemli role sahip. Biz de Medical Park, Liv Hospital gibi iki dev markan\u0131n g\u00fcc\u00fcyle hizmet ihracat\u0131nda b\u00fcy\u00fcyoruz. Bug\u00fcn yabanc\u0131lara sundu\u011fumuz hizmetlere bakt\u0131\u011f\u0131m\u0131zda bilgi ve teknoloji gerektiren kompleks operasyon ve nakillerin \u00f6ne \u00e7\u0131kt\u0131\u011f\u0131n\u0131 g\u00f6rmek bizim i\u00e7in gurur verici. B\u00fcy\u00fck \u015fehirlerde a\u00e7t\u0131\u011f\u0131m\u0131z yeni hastanelerin de katk\u0131s\u0131yla b\u00fcy\u00fcmeye ve sa\u011fl\u0131k turizmindeki ba\u015far\u0131m\u0131z\u0131 art\u0131rmaya devam edece\u011fiz\u201d dedi.<\/p>\n","protected":false},"excerpt":{"rendered":"<p>MLP ULUSLARARASI HASTA MERKEZ\u0130 D\u0130REKT\u00d6R\u00dc MURAT ERCAN\u2019A \u00d6D\u00dcL\u00dc SA\u011eLIK BAKANI DR. FAHRETT\u0130N KOCA VE T\u0130CARET BAKANI RUHSAR PEKCAN TAKD\u0130M ETT\u0130.<\/p>\n","protected":false},"author":1,"featured_media":245793,"comment_status":"closed","ping_status":"open","sticky":false,"template":"","format":"standard","meta":{"jetpack_post_was_ever_published":false,"_jetpack_newsletter_access":"","_jetpack_dont_email_post_to_subs":false,"_jetpack_newsletter_tier_id":0,"_jetpack_memberships_contains_paywalled_content":false,"_jetpack_memberships_contains_paid_content":false,"footnotes":"","jetpack_publicize_message":"","jetpack_publicize_feature_enabled":true,"jetpack_social_post_already_shared":true,"jetpack_social_options":{"image_generator_settings":{"template":"highway","default_image_id":0,"font":"","enabled":false},"version":2}},"categories":[1],"tags":[2902,61151,8988,16089,51884,3223,734],"class_list":["post-245792","post","type-post","status-publish","format-standard","has-post-thumbnail","hentry","category-genel","tag-basarisi","tag-carein","tag-hizmeti","tag-ihracatindaki","tag-mlp","tag-odullendirildi","tag-saglik"],"jetpack_publicize_connections":[],"jetpack_featured_media_url":"https:\/\/i0.wp.com\/www.tvturk.com\/wp-content\/uploads\/2019\/12\/mlp-carein-saglik-hizmeti-ihracatindaki-basarisi-odullendirildi_86134b6.jpg?fit=1000%2C666","jetpack_sharing_enabled":true,"jetpack_shortlink":"https:\/\/wp.me\/paKIfm-11Wo","_links":{"self":[{"href":"http:\/\/www.tvturk.com\/index.php\/wp-json\/wp\/v2\/posts\/245792","targetHints":{"allow":["GET"]}}],"collection":[{"href":"http:\/\/www.tvturk.com\/index.php\/wp-json\/wp\/v2\/posts"}],"about":[{"href":"http:\/\/www.tvturk.com\/index.php\/wp-json\/wp\/v2\/types\/post"}],"author":[{"embeddable":true,"href":"http:\/\/www.tvturk.com\/index.php\/wp-json\/wp\/v2\/users\/1"}],"replies":[{"embeddable":true,"href":"http:\/\/www.tvturk.com\/index.php\/wp-json\/wp\/v2\/comments?post=245792"}],"version-history":[{"count":0,"href":"http:\/\/www.tvturk.com\/index.php\/wp-json\/wp\/v2\/posts\/245792\/revisions"}],"wp:featuredmedia":[{"embeddable":true,"href":"http:\/\/www.tvturk.com\/index.php\/wp-json\/wp\/v2\/media\/245793"}],"wp:attachment":[{"href":"http:\/\/www.tvturk.com\/index.php\/wp-json\/wp\/v2\/media?parent=245792"}],"wp:term":[{"taxonomy":"category","embeddable":true,"href":"http:\/\/www.tvturk.com\/index.php\/wp-json\/wp\/v2\/categories?post=245792"},{"taxonomy":"post_tag","embeddable":true,"href":"http:\/\/www.tvturk.com\/index.php\/wp-json\/wp\/v2\/tags?post=245792"}],"curies":[{"name":"wp","href":"https:\/\/api.w.org\/{rel}","templated":true}]}}