{"id":245796,"date":"2019-12-22T10:16:47","date_gmt":"2019-12-22T07:16:47","guid":{"rendered":"http:\/\/www.tvturk.com\/index.php\/bir-dunya-ayni-sofrada-bulustu\/"},"modified":"2019-12-22T10:16:47","modified_gmt":"2019-12-22T07:16:47","slug":"bir-dunya-ayni-sofrada-bulustu","status":"publish","type":"post","link":"http:\/\/www.tvturk.com\/index.php\/bir-dunya-ayni-sofrada-bulustu\/","title":{"rendered":"Bir d\u00fcnya ayn\u0131 sofrada bulu\u015ftu"},"content":{"rendered":"<p>D\u00fcnyan\u0131n bir\u00e7ok yerinden Eski\u015fehir\u2019e gelerek e\u011fitim hayat\u0131na devam eden uluslararas\u0131 \u00f6\u011frenciler, Yunus Emre Uluslararas\u0131 \u00d6\u011frenci Derne\u011fi (YUDER) taraf\u0131ndan d\u00fczenlenen kahvalt\u0131 program\u0131nda bir araya geldi.<\/p>\n<p>Yakla\u015f\u0131k 100 \u00fclkeden 250 uluslararas\u0131 \u00f6\u011frencinin kat\u0131ld\u0131\u011f\u0131 kahvalt\u0131 program\u0131 Eski\u015fehir \u00d6\u011fretmen Evi\u2019nde ger\u00e7ekle\u015ftirildi. Uluslararas\u0131 \u00f6\u011frencilere y\u00f6nelik yap\u0131lan bu renkli kahvalt\u0131 program\u0131na Odunpazar\u0131 Kaymakam\u0131 Turgay Hakan Bilgin, Uluslararas\u0131 \u00d6\u011frenci Dernekleri Federasyonu (UDEF) Ba\u015fkan\u0131 Dr. Mehmet Ali Bolat, T\u00fcrkiye Mezunlar\u0131 Derne\u011fi (TUMED) Ba\u015fkan Yard\u0131mc\u0131s\u0131 Cibutili Ali Faras, Bursa \u0130pekyolu Uluslararas\u0131 \u00d6\u011frenci Derne\u011fi Ba\u015fkan\u0131 Ebubakir Arma\u011fan, YUDER Ba\u015fkan\u0131 Nihat Demir, YUDER y\u00f6netimi, \u00fcniversite hocalar\u0131 ve sivil toplum kurulu\u015fu \u00fcyeleri kat\u0131ld\u0131.<\/p>\n<p>Kahvalt\u0131 program\u0131nda konu\u015fan Odunpazar\u0131 Kaymakam\u0131 Turgay Hakan Bilgin, derne\u011fin isminin Yunus Emre\u2019nin ismini ta\u015f\u0131mas\u0131n\u0131n \u00f6nemine de\u011finerek, \u201c\u00d6zellikle \u00f6\u011frenci derne\u011fimizin isminin Yunus Emre olmas\u0131 da, bu anlamda \u00f6zellik arz ediyor. San\u0131r\u0131m buradaki arkada\u015flar\u0131m\u0131z\u0131n hepsi, hem derne\u011fimizin vesilesiyle hem de ilimizin, \u00fclkemizin, milletimizin, milli ve manevi olmas\u0131 vesilesiyle Yunus Emre\u2019yi yeterince tan\u0131d\u0131. \u2019Gelin tan\u0131\u015f olal\u0131m, i\u015fi kolay k\u0131lal\u0131m, sevelim, sevilelim d\u00fcnya kimseye kalmaz\u2019 ve milletimizin \u00f6zelli\u011fi kendisine s\u0131\u011f\u0131nan, farkl\u0131 vesilelerle gelen herkese kuca\u011f\u0131n\u0131 a\u00e7m\u0131\u015f bir millet. Bu konuda kimsenin teninin rengine, dilinin \u00e7e\u015fitlili\u011fine, inanc\u0131n\u0131n farkl\u0131l\u0131\u011f\u0131na ayr\u0131 davranmam\u0131\u015f, farkl\u0131l\u0131\u011f\u0131 zenginlik olarak g\u00f6rm\u00fc\u015f g\u00fczel bir co\u011frafyam\u0131z. Farkl\u0131 sebeplerle \u00fclkemizde ve bu vesilelerle ilimizde ya\u015fayan uluslararas\u0131 insanlar\u0131m\u0131z var. Kimisi m\u00fclteciler olarak, s\u0131\u011f\u0131nmac\u0131 olarak, kimisi de sizler gibi e\u011fitimini almak \u00fczere \u00fclkemize geldi. Yine sizlerin aras\u0131nda, YTB T\u00fcrkiye Burslar\u0131 olan \u00f6\u011frencilerimiz var, kendi imkanlar\u0131yla gelen \u00f6\u011frencilerimiz var ve farkl\u0131 \u015fekillerle belki finansman\u0131 sa\u011flay\u0131p gelen \u00f6\u011frencilerimiz var. Her ne \u015fekilde her ne vesileyle geldiyse gelsin, \u00f6\u011frencilerimiz bizlerin misafiri. Biz \u00f6\u011frencileri \u00f6ncelikle annelerinin, babalar\u0131n\u0131n ve ailelerinin kendi \u00fclkelerinin ve milletlerinin bir emaneti olarak g\u00f6r\u00fcyoruz. Bu emaneti korumak muhafaza etmek burada iyi bir ev sahipli\u011fi g\u00f6stermek i\u00e7in T\u00fcrkiye Cumhuriyeti devleti olarak elimizden gelen \u00e7abay\u0131 g\u00f6steriyoruz. Bu konuda bizlere yard\u0131mc\u0131 olan, destek olan STK kurulu\u015flar\u0131m\u0131z, bu anlamda UDEF\u2019in, ilimizdeki temsilcisi olan Yunus Emre Uluslararas\u0131 \u00d6\u011frenci Derne\u011fin emekleri ve katk\u0131lar\u0131 ger\u00e7ekten iddiayla bahsedecek t\u00fcrde\u201d \u015feklinde konu\u015ftu.<\/p>\n<p>\u201cSizlerin say\u0131s\u0131nda biz d\u00fcnyay\u0131 \u00f6\u011frendik\u201d<\/p>\n<p>UDEF Ba\u015fkan\u0131 Dr. Mehmet Ali Bolat ise konu\u015fmas\u0131nda T\u00fcrkiye\u2019ye gelen \u00f6\u011frencilere geldiklerinden dolay\u0131 te\u015fekk\u00fcr ederek, \u015funlar\u0131 s\u00f6yledi:<\/p>\n<p>\u201cKuruldu\u011fu ilk g\u00fcnden beri samimiyeti hi\u00e7 azalmadan devam eden bir dernek. \u00d6\u011frenciler geliyor ge\u00e7iyor. Evet, siz 4 y\u0131l beli Eski\u015fehir\u2019de kal\u0131yorsunuz. Belki 1 y\u0131lda dil \u00f6\u011frendiniz 5 y\u0131l oldu. Yani dernek kuruldu\u011fundan beri hemen hemen 2 nesil gelmi\u015f ge\u00e7mi\u015f ama bu ekiptekilerin heyecan\u0131 bitmedi. Elhamd\u00fclillah. Allah nazardan saklans\u0131n.  Ben \u015fahidim. \u0130n\u015fallah ayn\u0131 b\u00f6yle giderler b\u00f6yle devam ederler. Biz de bundan mutluluk duyar\u0131z. Tabii ki bunu yapmas\u0131 i\u00e7in ne laz\u0131m? Sizler laz\u0131ms\u0131n\u0131z. E\u011fer Eski\u015fehir\u2019e uluslararas\u0131 \u00f6\u011frenciler gelmeseydi, YUDER\u2019\u0131 kurmazd\u0131k. UDEF ortaya \u00e7\u0131kmazd\u0131. Sizler geldiniz, \u00fclkemize ho\u015f geldiniz, sefalar getirdiniz. E\u011fitim al\u0131yorsunuz. T\u00fcrkiye\u2019ye d\u00fcnyan\u0131n her taraf\u0131ndan g\u00fczel k\u00fclt\u00fcrlerini ta\u015f\u0131d\u0131n\u0131z. Sizlerin say\u0131s\u0131nda biz d\u00fcnyay\u0131 \u00f6\u011frendik. Ali Faras\u2019tan Cibuti\u2019yi \u00f6\u011frendim. Bir di\u011fer karde\u015fimden Somali\u2019yi \u00f6\u011frendim. \u0130nan\u0131yorum bu salonda herkes bir yerden bir ba\u015fka \u00fclkenin k\u00fclt\u00fcr\u00fc \u00f6\u011freniyor. Dolay\u0131s\u0131yla sizlerin buraya gelmeniz \u00e7ok \u00e7ok \u00f6nemli. Sizler T\u00fcrkiye\u2019yi tercih etti\u011finiz i\u00e7in, Eski\u015fehir\u2019i tercih etti\u011finiz i\u00e7in te\u015fekk\u00fcr ediyorum.\u201d<\/p>\n<p>\u201cBirlikte ayn\u0131 sofrada bulu\u015fmaktan mutluyuz, onurluyuz\u201d<\/p>\n<p>YUDER Ba\u015fkan\u0131 Nihat Demir ise, \u201c2011 y\u0131l\u0131nda biz Yunus\u2019un, \u2018ad\u0131m\u0131z miskindir bizim, d\u00fc\u015fman\u0131m\u0131z kindir bizim, biz kimseye kin tutmay\u0131z, kamu alem birdir bize\u2019 s\u00f6zleriyle \u00e7\u0131kt\u0131k. \u2018Gelin tan\u0131\u015f olal\u0131m, i\u015fi kolay k\u0131lal\u0131m, sevelim, sevilelim, bu d\u00fcnya kimseye kalmaz\u2019 dedik. \u0130yi ki demi\u015fiz. \u015eu anda 54 \u00fclkeden \u00f6\u011frenci karde\u015flerimizle birlikte ayn\u0131 sofrada bulu\u015fmaktan mutluyuz, onurluyuz\u201d dedi.<\/p>\n<p>Programda misafir \u00f6\u011frenciler, T\u00fcrk kahvalt\u0131 sofras\u0131n\u0131 tadarken, UDEF taraf\u0131ndan d\u00fczenlenen \u2018Benim \u00dclkem T\u00fcrkiye\u2019 adl\u0131 ulusal yar\u0131\u015fmaya Eski\u015fehir\u2019den kat\u0131lan \u00f6\u011frencilerin \u015fiirlerini dinledi, k\u0131sa filmlerini izledi. Ayr\u0131ca YUDER taraf\u0131ndan 10 sorudan olu\u015fan yar\u0131\u015fma da ger\u00e7ekle\u015ftirilirken, kazananlara \u00f6d\u00fclleri verildi. YUDER olarak \u00e7\u0131kartt\u0131\u011f\u0131 8. K\u0131ta dergisinde yer alan \u00f6\u011frencilere hediye takdim edilmesinin ard\u0131ndan program sona erdi.<\/p>\n","protected":false},"excerpt":{"rendered":"<p>D\u00dcNYANIN B\u0130R\u00c7OK YER\u0130NDEN ESK\u0130\u015eEH\u0130R\u2019E GELEREK E\u011e\u0130T\u0130M HAYATINA DEVAM EDEN ULUSLARARASI \u00d6\u011eRENC\u0130LER, YUNUS EMRE ULUSLARARASI \u00d6\u011eRENC\u0130 DERNE\u011e\u0130 (YUDER) TARAFINDAN D\u00dcZENLENEN KAHVALTI PROGRAMINDA B\u0130R ARAYA GELD\u0130.<\/p>\n","protected":false},"author":1,"featured_media":245797,"comment_status":"closed","ping_status":"open","sticky":false,"template":"","format":"standard","meta":{"jetpack_post_was_ever_published":false,"_jetpack_newsletter_access":"","_jetpack_dont_email_post_to_subs":false,"_jetpack_newsletter_tier_id":0,"_jetpack_memberships_contains_paywalled_content":false,"_jetpack_memberships_contains_paid_content":false,"footnotes":"","jetpack_publicize_message":"","jetpack_publicize_feature_enabled":true,"jetpack_social_post_already_shared":true,"jetpack_social_options":{"image_generator_settings":{"template":"highway","default_image_id":0,"font":"","enabled":false},"version":2}},"categories":[656],"tags":[349,569,125,389,35909],"class_list":["post-245796","post","type-post","status-publish","format-standard","has-post-thumbnail","hentry","category-kultur-sanat","tag-dunya","tag-ayni","tag-bir","tag-bulustu","tag-sofrada"],"jetpack_publicize_connections":[],"jetpack_featured_media_url":"https:\/\/i0.wp.com\/www.tvturk.com\/wp-content\/uploads\/2019\/12\/bir-dunya-ayni-sofrada-bulustu_61b839a.jpg?fit=1000%2C664","jetpack_sharing_enabled":true,"jetpack_shortlink":"https:\/\/wp.me\/paKIfm-11Ws","_links":{"self":[{"href":"http:\/\/www.tvturk.com\/index.php\/wp-json\/wp\/v2\/posts\/245796","targetHints":{"allow":["GET"]}}],"collection":[{"href":"http:\/\/www.tvturk.com\/index.php\/wp-json\/wp\/v2\/posts"}],"about":[{"href":"http:\/\/www.tvturk.com\/index.php\/wp-json\/wp\/v2\/types\/post"}],"author":[{"embeddable":true,"href":"http:\/\/www.tvturk.com\/index.php\/wp-json\/wp\/v2\/users\/1"}],"replies":[{"embeddable":true,"href":"http:\/\/www.tvturk.com\/index.php\/wp-json\/wp\/v2\/comments?post=245796"}],"version-history":[{"count":0,"href":"http:\/\/www.tvturk.com\/index.php\/wp-json\/wp\/v2\/posts\/245796\/revisions"}],"wp:featuredmedia":[{"embeddable":true,"href":"http:\/\/www.tvturk.com\/index.php\/wp-json\/wp\/v2\/media\/245797"}],"wp:attachment":[{"href":"http:\/\/www.tvturk.com\/index.php\/wp-json\/wp\/v2\/media?parent=245796"}],"wp:term":[{"taxonomy":"category","embeddable":true,"href":"http:\/\/www.tvturk.com\/index.php\/wp-json\/wp\/v2\/categories?post=245796"},{"taxonomy":"post_tag","embeddable":true,"href":"http:\/\/www.tvturk.com\/index.php\/wp-json\/wp\/v2\/tags?post=245796"}],"curies":[{"name":"wp","href":"https:\/\/api.w.org\/{rel}","templated":true}]}}