{"id":245834,"date":"2019-12-22T11:46:11","date_gmt":"2019-12-22T08:46:11","guid":{"rendered":"http:\/\/www.tvturk.com\/index.php\/ozel-srebrenitsa-annesinden-nobel-odullu-yazara-katliamin-kaniti-iste-bu-mezarlik\/"},"modified":"2019-12-22T11:46:11","modified_gmt":"2019-12-22T08:46:11","slug":"ozel-srebrenitsa-annesinden-nobel-odullu-yazara-katliamin-kaniti-iste-bu-mezarlik","status":"publish","type":"post","link":"http:\/\/www.tvturk.com\/index.php\/ozel-srebrenitsa-annesinden-nobel-odullu-yazara-katliamin-kaniti-iste-bu-mezarlik\/","title":{"rendered":"(\u00d6zel) Srebrenitsa annesinden Nobel \u00d6d\u00fcll\u00fc yazara: \u201cKatliam\u0131n kan\u0131t\u0131 i\u015fte bu mezarl\u0131k\u201d"},"content":{"rendered":"<p>Srebrenitsa\u2019da e\u015fi ve o\u011flu S\u0131rplar taraf\u0131ndan katledilen Saliha Osmanovi\u00e7, bir y\u0131lda 8 binden fazla masum Bo\u015fnak\u2019\u0131n katledildi\u011fi Srebrenitsa katliam\u0131n\u0131 kabul etmeyen Avusturyal\u0131 yazar Peter Handke\u2019e seslenerek, \u201cKatliam\u0131n kan\u0131t\u0131 i\u015fte bu mezarl\u0131k\u201d dedi. Srebrenitsa annelerinin \u00f6fkeyle tepki g\u00f6sterdi\u011fi Handke\u2019nin inkar etti\u011fi katliam\u0131n kan\u0131t\u0131 an\u0131t mezarl\u0131k havadan g\u00f6r\u00fcnt\u00fclendi.<\/p>\n<p>\u0130kinci D\u00fcnya Sava\u015f\u0131\u2019n\u0131n ard\u0131ndan Avrupa\u2019da ya\u015fanan en b\u00fcy\u00fck katliam olarak kay\u0131tlara ge\u00e7en Srebrenitsa katliam\u0131n\u0131n ac\u0131lar\u0131, katliam\u0131n \u00fczerinden y\u0131llar ge\u00e7mesine ra\u011fmen hala ya\u015fan\u0131yor. E\u015fini, \u00e7ocuklar\u0131n\u0131, hatta t\u00fcm yak\u0131nlar\u0131n\u0131 kaybeden anneler, bug\u00fcn tek ba\u015f\u0131na hayatta kalma m\u00fccadelesi veriyor. Bir y\u0131lda 8 bin 372 ki\u015finin \u00f6ld\u00fcr\u00fcld\u00fc\u011f\u00fc katliamda geride kalan annelerden \u015euhra Osmanovi\u00e7, Meyra Cogas, Feride Yusi\u00e7, Saliha Osmanovi\u00e7, Nura Mustafi\u00e7, Fatima Hasanovi\u00e7, Refiha Hac\u0131boli\u00e7 katliam ve sonras\u0131nda ya\u015fanan ac\u0131lar\u0131n en b\u00fcy\u00fck tan\u0131klar\u0131ndan. Katliam esnas\u0131nda baz\u0131lar\u0131 e\u015fini, baz\u0131lar\u0131 \u00e7ocuklar\u0131n\u0131, baz\u0131lar\u0131 ise yak\u0131nlar\u0131n\u0131n tamam\u0131n\u0131 kaybetti. Bug\u00fcn katliam\u0131n olmad\u0131\u011f\u0131n\u0131 iddia edenlerin kar\u015f\u0131s\u0131nda duran anneler, ya\u015fanan katliamdan sonra evlerinden, bir zamanlar \u00e7ocuklar\u0131n\u0131n y\u00fcr\u00fcd\u00fc\u011f\u00fc topraklardan ayr\u0131lmak zorunda kald\u0131. Y\u0131llar sonra Srebrenitsa\u2019ya geri d\u00f6nen anneler, g\u00f6zya\u015flar\u0131 ile anlatt\u0131klar\u0131 hayatta kalma m\u00fccadelesini anlatarak, unutulmamak istediklerini dile getirdiler.<\/p>\n<p>&#8220;Elinde bir po\u015fetle geri d\u00f6nd\u00fc&#8221;<\/p>\n<p>\u015euhra Osmanavi\u00e7, sava\u015f s\u0131ras\u0131nda e\u015fini ve o\u011flunu kaybetti. Tek ba\u015f\u0131na ya\u015fam m\u00fccadelesi veren Osmanavi\u00e7, katliama kurban verdi\u011fi yak\u0131nlar\u0131n\u0131n mezar\u0131 ba\u015f\u0131nda dua etti. Yine katliam\u0131n ard\u0131ndan ya\u015fad\u0131\u011f\u0131 topraklardan ayr\u0131lan Meyra Cogas ise, 2002 y\u0131l\u0131nda Srebrenitsa\u2019ya geri d\u00f6nd\u00fc. Y\u0131llar \u00f6nce ya\u015fanan zorluklara ra\u011fmen topraklar\u0131na d\u00f6nen kad\u0131n, bug\u00fcn ne yaz\u0131k ki evinde kalam\u0131yor. Ac\u0131s\u0131na ra\u011fmen bir zamanlar \u00e7ocuklar\u0131n\u0131n ya\u015fad\u0131\u011f\u0131 topraklara s\u0131\u011f\u0131nan Cogaz, hala \u00f6ld\u00fcr\u00fclme tehdidi al\u0131yor. Elinde bir po\u015fetle evine d\u00f6nen g\u00f6z\u00fc ya\u015fl\u0131 anne, \u00f6ld\u00fcr\u00fclme giri\u015fimi nedeniyle evinde kalamayarak bir ba\u015fkas\u0131n\u0131n evinde ya\u015f\u0131yor. \u00d6ld\u00fcrme giri\u015fimini bo\u011faz\u0131 d\u00fc\u011f\u00fcmlenerek anlatan Cogaz, bir kom\u015fusu sayesinde kurtulmay\u0131 ba\u015fard\u0131\u011f\u0131n\u0131 s\u00f6yledi.<\/p>\n<p>\u201cBir yerden \u00e7\u0131kacaklar gibi geliyor\u201d<\/p>\n<p>Feride Yusi\u00e7 de e\u015fini ve \u00fc\u00e7 \u00e7ocu\u011funu katliamda kaybetti. 2002 y\u0131l\u0131nda evine geri d\u00f6nse de bug\u00fcn Bayramovi\u00e7 k\u00f6y\u00fcnde tek ba\u015f\u0131na korku dolu bir \u015fekilde ya\u015famaya \u00e7al\u0131\u015fan Yusi\u00e7, \u201c\u00c7ocuklar\u0131m burada y\u00fcr\u00fcyordu, geziyordu. Bir yerden \u00e7\u0131kacaklar gibi geliyor\u201d diyerek ne kadar zor olsa da \u00e7ocuklar\u0131n\u0131n an\u0131s\u0131na sahip \u00e7\u0131kmaya \u00e7al\u0131\u015ft\u0131\u011f\u0131n\u0131 bo\u011faz\u0131na d\u00fc\u011f\u00fcmlenen kelimelerle anlatt\u0131. Ya\u015fanan ac\u0131lar\u0131 dile getirmenin zorlu\u011funu bir kez daha ifade eden anne, ne kadar zor olursa olsun b\u00f6yle bir ac\u0131n\u0131n ancak anlat\u0131larak bir kez daha ya\u015fanmas\u0131n\u0131n \u00f6n\u00fcne ge\u00e7ilece\u011fini s\u00f6yledi.<\/p>\n<p>E\u015fi ve o\u011flu S\u0131rp askerler taraf\u0131ndan kand\u0131r\u0131larak katledildi<\/p>\n<p>Srebrenitsa\u2019ya 40 kilometre uzakl\u0131ktaki Dobrak k\u00f6y\u00fcnde ya\u015fayan Saliha Osmanovi\u00e7, e\u015fini ve iki o\u011flunu kaybetti. 8 May\u0131s 1992\u2019de evini terk eden Osmanovi\u00e7, evine ancak 2010 y\u0131l\u0131nda d\u00f6nebildi. \u00c7at\u0131s\u0131, e\u015fyalar\u0131 olmayan evine yerle\u015fmeye \u00e7al\u0131\u015fan Osmanovi\u00e7, katliam s\u0131ras\u0131nda S\u0131rp ordusunun ba\u015fkomutan\u0131 olan Ratko Mladi\u00e7\u2019i de yak\u0131ndan g\u00f6rd\u00fc\u011f\u00fcn\u00fc ve hi\u00e7bir \u015feyden korkmad\u0131\u011f\u0131n\u0131 dile getirdi. Osmanovi\u00e7, sava\u015f s\u0131ras\u0131nda S\u0131rp askerleri taraf\u0131ndan kand\u0131r\u0131larak kendilerini g\u00fcvende hissetmeleri sa\u011fland\u0131ktan sonra e\u015fi ve o\u011flunun katledildi\u011fini ba\u015f\u0131 dik ancak \u00f6zlemle anlatt\u0131.<\/p>\n<p>Srebrenitsa annesinden Nobel \u00d6d\u00fcll\u00fc yazara: \u201cKatliam\u0131n kan\u0131t\u0131 i\u015fte bu mezarl\u0131k\u201d<\/p>\n<p>Cehennemi ya\u015fad\u0131klar\u0131n\u0131 ifade eden Osmanovi\u00e7, Nobel Edebiyat \u00d6d\u00fcl\u00fc\u2019n\u00fcn Srebrenitsa katliam\u0131n\u0131 inkar eden Avusturyal\u0131 yazar Peter Handke\u2019ye verilmesine de tepki g\u00f6stererek, \u201cHerkes katliam\u0131n olmad\u0131\u011f\u0131n\u0131 s\u00f6yleyebilir, burada katliam oldu. Her \u015fey burada, g\u00f6z g\u00f6r\u00fcyor. Katliam\u0131n kan\u0131t\u0131 i\u015fte bu mezarl\u0131k&#8221; dedi.<\/p>\n<p>\u201cHep bekledim ama d\u00f6nen olmad\u0131\u201d<\/p>\n<p>\u0130ki o\u011flunu sava\u015fta kaybetti\u011fini s\u00f6yleyen Refiha Hac\u0131boli\u00e7 ise, \u201cHep bekledim ama d\u00f6nen olmad\u0131\u201d ifadesini kulland\u0131. Nobel \u00d6d\u00fcll\u00fc yazar\u0131n s\u00f6zlerini hat\u0131rlatan Hac\u0131boli\u00e7, \u201cKatliam\u0131n olmad\u0131\u011f\u0131n\u0131 s\u00f6yleyenler oluyor son zamanlarda. \u00c7\u0131ks\u0131n bu tepeden bir baks\u0131nlar, g\u00f6recekler katliam\u0131n olup olmad\u0131\u011f\u0131n\u0131. Nobel \u00d6d\u00fcl\u00fc alan adam da katliam\u0131n olmad\u0131\u011f\u0131n\u0131 iddia etti. Gelsin baks\u0131nlar, anlayacaklar. \u00c7ok zor zamanlar ge\u00e7irdim. Hastayd\u0131m, bana bakan olmad\u0131. Geri d\u00f6nd\u00fcm, \u00e7\u00fcnk\u00fc \u00e7ocuklar\u0131m\u0131n ya\u015fad\u0131\u011f\u0131 yerleri, y\u00fcr\u00fcd\u00fc\u011f\u00fc topraklar\u0131 g\u00f6rmek istiyorum\u201d ifadelerini kulland\u0131.<\/p>\n<p>Katliam\u0131n kan\u0131t\u0131 mezarl\u0131k havadan g\u00f6r\u00fcnt\u00fclendi<\/p>\n<p>1995 y\u0131l\u0131nda S\u0131rplar taraf\u0131ndan katledilen 8 bin 372 Bo\u015fnak\u2019\u0131n kabrinin bulundu\u011fu mezarl\u0131k havadan g\u00f6r\u00fcnt\u00fclendi. Yak\u0131n tarihin utan\u00e7 tablolar\u0131ndan biri olan katliamda hayat\u0131n\u0131 kaybeden ve kimlik tespiti yap\u0131lan ki\u015filer bu an\u0131t mezara defnediliyor. Mezarl\u0131kta ge\u00e7ti\u011fimiz Temmuz ay\u0131nda kimlik tespiti tamamlanarak defnedilenlerin kabirleri de g\u00f6r\u00fcnt\u00fclendi.<\/p>\n","protected":false},"excerpt":{"rendered":"<p>SREBREN\u0130TSA ANNELER\u0130N\u0130N \u00d6FKEYLE TEPK\u0130 G\u00d6STERD\u0130\u011e\u0130 HANDKE\u2019N\u0130N \u0130NKAR ETT\u0130\u011e\u0130 KATL\u0130AMIN KANITI ANIT MEZARLIK HAVADAN G\u00d6R\u00dcNT\u00dcLEND\u0130.<\/p>\n","protected":false},"author":1,"featured_media":245835,"comment_status":"closed","ping_status":"open","sticky":false,"template":"","format":"standard","meta":{"jetpack_post_was_ever_published":false,"_jetpack_newsletter_access":"","_jetpack_dont_email_post_to_subs":false,"_jetpack_newsletter_tier_id":0,"_jetpack_memberships_contains_paywalled_content":false,"_jetpack_memberships_contains_paid_content":false,"footnotes":"","jetpack_publicize_message":"","jetpack_publicize_feature_enabled":true,"jetpack_social_post_already_shared":true,"jetpack_social_options":{"image_generator_settings":{"template":"highway","default_image_id":0,"font":"","enabled":false},"version":2}},"categories":[10],"tags":[1073,31931,3064,61162,25308,22047,48854,5777,44181,40103],"class_list":["post-245834","post","type-post","status-publish","format-standard","has-post-thumbnail","hentry","category-dunya","tag-ozel","tag-annesinden","tag-iste","tag-kaniti","tag-katliamin","tag-mezarlik","tag-nobel","tag-odullu","tag-srebrenitsa","tag-yazara"],"jetpack_publicize_connections":[],"jetpack_featured_media_url":"https:\/\/i0.wp.com\/www.tvturk.com\/wp-content\/uploads\/2019\/12\/ozel-srebrenitsa-annesinden-nobel-odullu-yazara-katliamin-kaniti-iste-bu-mezarlik_65e080a.jpg?fit=1000%2C562","jetpack_sharing_enabled":true,"jetpack_shortlink":"https:\/\/wp.me\/paKIfm-11X4","_links":{"self":[{"href":"http:\/\/www.tvturk.com\/index.php\/wp-json\/wp\/v2\/posts\/245834","targetHints":{"allow":["GET"]}}],"collection":[{"href":"http:\/\/www.tvturk.com\/index.php\/wp-json\/wp\/v2\/posts"}],"about":[{"href":"http:\/\/www.tvturk.com\/index.php\/wp-json\/wp\/v2\/types\/post"}],"author":[{"embeddable":true,"href":"http:\/\/www.tvturk.com\/index.php\/wp-json\/wp\/v2\/users\/1"}],"replies":[{"embeddable":true,"href":"http:\/\/www.tvturk.com\/index.php\/wp-json\/wp\/v2\/comments?post=245834"}],"version-history":[{"count":0,"href":"http:\/\/www.tvturk.com\/index.php\/wp-json\/wp\/v2\/posts\/245834\/revisions"}],"wp:featuredmedia":[{"embeddable":true,"href":"http:\/\/www.tvturk.com\/index.php\/wp-json\/wp\/v2\/media\/245835"}],"wp:attachment":[{"href":"http:\/\/www.tvturk.com\/index.php\/wp-json\/wp\/v2\/media?parent=245834"}],"wp:term":[{"taxonomy":"category","embeddable":true,"href":"http:\/\/www.tvturk.com\/index.php\/wp-json\/wp\/v2\/categories?post=245834"},{"taxonomy":"post_tag","embeddable":true,"href":"http:\/\/www.tvturk.com\/index.php\/wp-json\/wp\/v2\/tags?post=245834"}],"curies":[{"name":"wp","href":"https:\/\/api.w.org\/{rel}","templated":true}]}}