{"id":245856,"date":"2019-12-22T12:31:47","date_gmt":"2019-12-22T09:31:47","guid":{"rendered":"http:\/\/www.tvturk.com\/index.php\/ibrahim-oztek-ermeniler-anadolu-ve-azerbaycanda-2-milyon-turku-katletti\/"},"modified":"2019-12-22T12:31:47","modified_gmt":"2019-12-22T09:31:47","slug":"ibrahim-oztek-ermeniler-anadolu-ve-azerbaycanda-2-milyon-turku-katletti","status":"publish","type":"post","link":"http:\/\/www.tvturk.com\/index.php\/ibrahim-oztek-ermeniler-anadolu-ve-azerbaycanda-2-milyon-turku-katletti\/","title":{"rendered":"\u0130brahim \u00d6ztek: &#8220;Ermeniler, Anadolu ve Azerbaycan\u2019da 2 milyon T\u00fcrk\u2019\u00fc katletti"},"content":{"rendered":"<p>Prof. Dr. \u0130brahim \u00d6ztek, Ermenilerin bug\u00fcne kadar Anadolu ve Azerbaycan\u2019da 2 milyon T\u00fcrk\u2019\u00fc katletti\u011fini s\u00f6yledi.<\/p>\n<p>T\u00fcrk E\u011fitim-Sen 6 nolu \u015fube ba\u015fkan\u0131 Sami \u00c7elik ve Balkanlar E\u011fitim Kurumlar\u0131 Y\u00f6netim Kurulu Ba\u015fkan\u0131 Vedat Eryeti\u015f\u2019in ev sahipli\u011finde \u201cD\u00fcnden bug\u00fcne T\u00fcrk\u2019e Soyk\u0131r\u0131m, Ermeni ihanetleri, Hocal\u0131 Soyk\u0131r\u0131m\u0131, Ege ve Akdeniz\u2019de y\u00fckselen tansiyon\u201d konulu \u00e7ok kapsaml\u0131 bir konferans d\u00fczenlendi. \u00dcniversite hocalar\u0131 da dahil y\u00fczlerce e\u011fitimcinin kat\u0131ld\u0131\u011f\u0131 konferansta Prof. Dr. \u0130brahim \u00d6ztek, d\u00fcnyan\u0131n g\u00fcncelini olu\u015fturan olaylar\u0131 \u00f6zetleyerek, 300 slayt e\u015fli\u011finde a\u00e7\u0131klamalarda bulundu. \u00d6ztek, \u015funlar\u0131 s\u00f6yledi:<\/p>\n<p>&#8220;T\u00fcrkler D\u00fcnya kuruldu\u011fundan g\u00fcn\u00fcm\u00fcze, \u00fc\u00e7 k\u0131tada b\u00fcy\u00fck imparatorluklar kurdular. Son iki y\u00fcz y\u0131lda ise gerilemeye ba\u015flad\u0131k. 93 harbinden sonra Balkanlar\u2019da ve Kafkaslar\u2019da Osmanl\u0131 devletinin ald\u0131\u011f\u0131 yenilgiler, t\u00fcm T\u00fcrk d\u00fcnyas\u0131n\u0131 \u00e7ok k\u00f6t\u00fc etkiledi. Balkanlar\u2019da, Girit\u2019te, K\u0131r\u0131m\u2019da, Kafkaslar\u2019da ve Orta Asya\u2019ya uzanan co\u011frafyam\u0131zda a\u011f\u0131rl\u0131kl\u0131 olarak Rus ve \u00c7in\u2019in katliamlar\u0131 ile 60 milyon soyda\u015f\u0131m\u0131z soyk\u0131r\u0131ma u\u011frat\u0131ld\u0131. Bu soyk\u0131r\u0131mlar 21. y\u00fczy\u0131la girerken K\u0131br\u0131s, Bulgaristan, Bosna, Irak ve Suriye\u2019de de devam etti. \u00c7in\u2019de Do\u011fu T\u00fcrkistan\u2019daki soyk\u0131r\u0131m ise halen s\u00fcrmektedir. \u015eu kadar\u0131n\u0131 s\u00f6yleyeyim ki, D\u00fcnyan\u0131n g\u00f6zleri \u00f6n\u00fcnde 30 milyon soyda\u015f\u0131m\u0131z\u0131n insan olma haklar\u0131 ellerinden al\u0131nm\u0131\u015ft\u0131r.<\/p>\n<p>Osmanl\u0131 devrinde millet-i sad\u0131ka denilen, dinlerinde, dillerinde, i\u015f ve sosyal ya\u015famlar\u0131nda, tamamen serbest b\u0131rak\u0131lan Ermenilere gelince; bunlar kendi devletlerini ve bin y\u0131l birlikte ya\u015fad\u0131klar\u0131 kom\u015fular\u0131n\u0131 s\u0131rtlar\u0131ndan han\u00e7erlemi\u015flerdir. Rus \u00c7ar\u0131 Petro ve \u00c7ari\u00e7e Katerina\u2019dan itibaren T\u00fcrk\u2019e ihanet i\u00e7in haz\u0131rlanm\u0131\u015flar, Anadolu ve \u0130ran\u2019dan al\u0131n\u0131p Azerbaycan topra\u011f\u0131na ve Karada\u011f\u2019a yerle\u015ftirilmi\u015flerdir. 1905 y\u0131l\u0131ndan itibaren de Rus, \u0130ngiliz ve Frans\u0131zlar\u2019la birle\u015ferek, Azerbaycan ve Anadolu\u2019da \u00e7ok b\u00fcy\u00fck katliam ve soyk\u0131r\u0131mlar yapm\u0131\u015flard\u0131r. 1917 y\u0131l\u0131nda 40 bin Azerbaycanl\u0131 soyda\u015f\u0131m\u0131z katledilmi\u015f, 30 Mart 1918 g\u00fcn\u00fc yaln\u0131z Bak\u00fc\u2019de 17 bin soyda\u015f\u0131m\u0131z\u0131 \u00f6ld\u00fcr\u00fclm\u00fc\u015ft\u00fcr. Bunun \u00fczerine Ermeni ve Ruslara kar\u015f\u0131 destanlar yazan Kafkas \u0130slam Ordusu harekat\u0131 d\u00fczenlenmi\u015f, \u0130stiklal Sava\u015f\u0131m\u0131z g\u00fcnlerinde de Kaz\u0131m Karabekir Pa\u015fa bu hainlere gereken dersi vermi\u015ftir.<\/p>\n<p>Kana doymayanlar, 25-26 \u015eubat 1992 g\u00fcn\u00fc Hocal\u0131 soyk\u0131r\u0131m\u0131n\u0131 ger\u00e7ekle\u015ftirmi\u015ftir. 1975 y\u0131l\u0131nda kurulan son Ermeni \u00e7etesi ASALA ise o g\u00fcnlerde 40 diplomat\u0131m\u0131z\u0131 katletmi\u015f, maalesef bu katillerden hi\u00e7biri ise ceza almam\u0131\u015ft\u0131r.<\/p>\n<p>Ermeniler son y\u0131llarda yapt\u0131klar\u0131 T\u00fcrk d\u00fc\u015fmanl\u0131\u011f\u0131n\u0131 ileri derecede art\u0131rm\u0131\u015flar, kendilerine T\u00fcrkler taraf\u0131ndan yap\u0131lm\u0131\u015f soyk\u0131r\u0131m yalanlar\u0131n\u0131 da 40 kadar \u00fclke parlamentolar\u0131na inand\u0131rm\u0131\u015flard\u0131r. Bunlara Rusya ve Amerika da dahildir. Hele hele \u00e7ok i\u00e7ten kucaklad\u0131\u011f\u0131m\u0131z Venez\u00fcella parlamentosu da bunlardan biridir. Bunca kollamam\u0131za ra\u011fmen Filistin bile 2015 y\u0131l\u0131nda Ermeni soyk\u0131r\u0131m\u0131 pulu \u00e7\u0131kartm\u0131\u015ft\u0131r.  Her y\u0131l oldu\u011fu gibi bu y\u0131l da Amerikan senatosu Ermeni soyk\u0131r\u0131m\u0131 tasar\u0131s\u0131n\u0131 kabul etti. \u015eimdi i\u015f, ABD ba\u015fkan\u0131 Donald Trump\u2019un imzas\u0131na kald\u0131. Trump bunu imzalamayacak. Tabi kar\u015f\u0131l\u0131\u011f\u0131nda T\u00fcrkiye\u2019den neler isteyece\u011fini Allah bilir&#8221; dedi.<\/p>\n<p>&#8220;Gerekli m\u00fccadeleyi yapm\u0131yoruz&#8221;<\/p>\n<p>Prof. Dr. \u0130brahim \u00d6ztek, Ermeni yalanlar\u0131na kar\u015f\u0131 gerekli m\u00fccadeleyi yapmad\u0131klar\u0131n\u0131 vurgulayarak, &#8220;Ermeniler D\u00fcnyan\u0131n her taraf\u0131nda 150 ye yak\u0131n soyk\u0131r\u0131m an\u0131tlar\u0131 diktiler. Son derece sistemli \u00e7al\u0131\u015f\u0131yorlar. Ama\u00e7lar\u0131 T\u00fcrkiye\u2019den tazminat ve toprak kopartmak, halbuki T\u00fcrkiye\u2019de \u00e7al\u0131\u015fan ve T\u00fcrk \u00e7ocuklar\u0131na dad\u0131l\u0131k yapan Ermeni han\u0131mlar, her y\u0131l \u00fclkelerine 2-3 milyar dolar para g\u00f6t\u00fcr\u00fcyor ve ekonomilerini ayakta tutuyorlar&#8221; dedi.<\/p>\n<p>\u00d6ztek, T\u00fcrkiye\u2019nin elinde bir\u00e7ok kan\u0131t oldu\u011funu belirterek, bunlar\u0131n b\u00fct\u00fcn d\u00fcnyaya anlat\u0131lmas\u0131 gerekti\u011fini de s\u00f6zlerine ekleyerek \u015fu maddeleri s\u0131ralad\u0131:<\/p>\n<p>1.1923 y\u0131l\u0131nda B\u00fckre\u015f\u2019te yap\u0131lan Ermeni kongresinde Ermenistan\u2019\u0131n ilk ba\u015fbakan\u0131 Yohannes Ka\u00e7aznuni su\u00e7un kendilerinde oldu\u011funu itiraf etti.<\/p>\n<p>2. Birinci Cihan Sava\u015f\u0131 g\u00fcnlerinde Osmanl\u0131 Devleti\u2019nin Genelkurmay Ba\u015fkanl\u0131\u011f\u0131n\u0131 yapan General Paul Bronsart von Schellendorf 1915\u2019te do\u011fu cephesinde g\u00f6zlemlerini kaleme alm\u0131\u015f ve T\u00fcrklerin masumiyetini ortaya koymu\u015ftur.<\/p>\n<p>3. Anadolu\u2019da bir Ermeni devleti kurmak i\u00e7in g\u00f6revli olarak ABD taraf\u0131ndan b\u00f6lgeye g\u00f6nderilmi\u015f olan Orgeneral James Guthrie Harbord\u2019un raporu T\u00fcrklerin kesinlikle b\u00f6yle bir d\u00fc\u015f\u00fcncede olmad\u0131klar\u0131n\u0131 g\u00f6stermi\u015ftir.<\/p>\n<p>4. Amerikal\u0131 tarih\u00e7i Prof. Dr. Stanfort Shaw, Guenter Lewy, Michael Gunter, Edward Erickson, Steve Cohen ve Justin McCarthy gibi ABD\u2019li senat\u00f6r ve bilim adamlar\u0131 ad\u0131m\u0131za b\u00fcy\u00fck m\u00fccadele vermi\u015ftir.<\/p>\n<p>5. ABD ba\u015fkanlar\u0131ndan Reagan\u2019\u0131n dan\u0131\u015fman\u0131 hukuk\u00e7u Bruce Fein 1998 y\u0131l\u0131nda Amerikan ar\u015fivlerini ara\u015ft\u0131rd\u0131\u011f\u0131mda; \u201cErmenilerin 2 milyon M\u00fcsl\u00fcman T\u00fcrk\u2019\u00fc \u00f6ld\u00fcrd\u00fcklerini g\u00f6rd\u00fcm\u201d \u015feklinde beyanat vermi\u015ftir.<\/p>\n<p>6. T\u00fcrkkaya Ata\u00f6v, Turan Yazgan, \u015e\u00fckr\u00fc Server Aya, Yusuf Hala\u00e7o\u011flu gibi T\u00fcrk bilim adamlar\u0131 ve daha nicelerinin bu konuda yapm\u0131\u015f olduklar\u0131 ara\u015ft\u0131rmalar\u0131 mevcuttur.<\/p>\n<p>7. Frans\u0131z Pierre Lyautey\u2019in \u201cOrta Do\u011fu Dram\u0131 ve Fransa\u2019n\u0131n rol\u00fc\u201d isimli 1924 bas\u0131ml\u0131 kitab\u0131nda Frans\u0131zlar\u2019la bir olup Anadolu\u2019da T\u00fcrk-K\u00fcrt katliam\u0131 yapan Ermeniler\u2019in ihanetini anlatmaktad\u0131r.<\/p>\n<p>8. Frans\u0131z yazar Yves Benard kitab\u0131nda, Ermeni soyk\u0131r\u0131m\u0131 yoktur diye yaz\u0131yor.<\/p>\n<p>9. Rus Yarbay Tver Dohlebov\u2019un kaleme ald\u0131\u011f\u0131 \u201cG\u00f6rd\u00fcklerim Ya\u015fad\u0131klar\u0131m isimli kitab\u0131 Genelkurmay yay\u0131m\u0131d\u0131r.<\/p>\n<p>1948 BM kararlar\u0131; b\u00f6yle bir soyk\u0131r\u0131m\u0131n olmad\u0131\u011f\u0131na i\u015faret etmektedir. 1. D\u00fcnya Sava\u015f\u0131 sonras\u0131 soyk\u0131r\u0131m iddialar\u0131 \u00fczerine Malta\u2019ya g\u00f6t\u00fcr\u00fcl\u00fcp yarg\u0131lanan t\u00fcm b\u00fcrokrat ve subaylar, burada yap\u0131lan mahkemede beraat etmi\u015flerdir.<\/p>\n<p>Bunlar gibi daha nice ara\u015ft\u0131rma ve kitaplar vard\u0131r ki, bu belgelerin i\u00e7eri\u011fini hem bizim vatanda\u015flar\u0131m\u0131z, hem de T\u00fcrk dost ve d\u00fc\u015fmanlar\u0131n\u0131n bilmesi gerekir.<\/p>\n<p>&#8220;B\u00f6lge y\u00fcz y\u0131l daha petrol\u00fcn bedelini kanla \u00f6deyecektir&#8221;<\/p>\n<p>Prof. Dr. \u0130brahim \u00d6ztek, Do\u011fu Akdeniz\u2019de ya\u015fananlar\u0131 da yorumlayarak, &#8220;Do\u011fu Akdeniz\u2019de bulunan yeni petrol-gaz havzalar\u0131n\u0131n d\u00fcnyan\u0131n en b\u00fcy\u00fck rezervlerine sahip olundu\u011fu belirlenmi\u015ftir. Yunanistan ve K\u0131br\u0131s Rum y\u00f6netimi arkalar\u0131na ald\u0131klar\u0131 AB ve ABD g\u00fc\u00e7leri ile m\u00fcnhas\u0131r b\u00f6lge denilen denizlerdeki ekonomik \u00e7\u0131kar b\u00f6lgelerine de adeta el koymaya kalk\u0131\u015fm\u0131\u015flardad\u0131r. Rumlar K\u0131br\u0131s\u2019\u0131n g\u00fcneyinde petrol-gaz havzalar\u0131nda arama izni verdi\u011fi \u00fclkelerle de T\u00fcrkiye\u2019yi kar\u015f\u0131 kar\u015f\u0131ya getirmi\u015ftir. B\u00f6lge emperyal g\u00fc\u00e7lerin g\u00fc\u00e7 g\u00f6sterisine d\u00f6n\u00fc\u015fm\u00fc\u015f ve Do\u011fu Akdeniz\u2019de 12 \u00fclkeye ait 60 sava\u015f gemisi birbirine g\u00f6zda\u011f\u0131 verme pe\u015findedir. Bug\u00fcn i\u00e7in d\u00fcnyam\u0131zdaki ge\u00e7erli enerji maddesinin %70 i bizim b\u00f6lgemizde olup, 70 y\u0131l daha d\u00fcnya bu maddeyi kullanacakt\u0131r. Onun i\u00e7in bir damla petrol, bir damla kandan k\u0131ymetli olmu\u015ftur. B\u00f6lge y\u00fcz y\u0131l daha petrol\u00fcn bedelini kanla \u00f6deyecektir&#8221; a\u00e7\u0131klamas\u0131nda bulundu.<\/p>\n","protected":false},"excerpt":{"rendered":"<p>PROF. DR. \u0130BRAH\u0130M \u00d6ZTEK, ERMEN\u0130LER\u0130N BUG\u00dcNE KADAR ANADOLU VE AZERBAYCAN&#8217;DA 2 M\u0130LYON T\u00dcRK&#8217;\u00dc KATLETT\u0130\u011e\u0130N\u0130 S\u00d6YLED\u0130.<\/p>\n","protected":false},"author":1,"featured_media":245857,"comment_status":"closed","ping_status":"open","sticky":false,"template":"","format":"standard","meta":{"jetpack_post_was_ever_published":false,"_jetpack_newsletter_access":"","_jetpack_dont_email_post_to_subs":false,"_jetpack_newsletter_tier_id":0,"_jetpack_memberships_contains_paywalled_content":false,"_jetpack_memberships_contains_paid_content":false,"footnotes":"","jetpack_publicize_message":"","jetpack_publicize_feature_enabled":true,"jetpack_social_post_already_shared":true,"jetpack_social_options":{"image_generator_settings":{"template":"highway","default_image_id":0,"font":"","enabled":false},"version":2}},"categories":[1],"tags":[23664,1223,19292,602,61166,468,14909,3661],"class_list":["post-245856","post","type-post","status-publish","format-standard","has-post-thumbnail","hentry","category-genel","tag-ermeniler","tag-anadolu","tag-azerbaycanda","tag-ibrahim","tag-katletti","tag-milyon","tag-oztek","tag-turku"],"jetpack_publicize_connections":[],"jetpack_featured_media_url":"https:\/\/i0.wp.com\/www.tvturk.com\/wp-content\/uploads\/2019\/12\/ibrahim-oztek-ermeniler-anadolu-ve-azerbaycanda-2-milyon-turku-katletti_a82ad27.jpg?fit=478%2C362","jetpack_sharing_enabled":true,"jetpack_shortlink":"https:\/\/wp.me\/paKIfm-11Xq","_links":{"self":[{"href":"http:\/\/www.tvturk.com\/index.php\/wp-json\/wp\/v2\/posts\/245856","targetHints":{"allow":["GET"]}}],"collection":[{"href":"http:\/\/www.tvturk.com\/index.php\/wp-json\/wp\/v2\/posts"}],"about":[{"href":"http:\/\/www.tvturk.com\/index.php\/wp-json\/wp\/v2\/types\/post"}],"author":[{"embeddable":true,"href":"http:\/\/www.tvturk.com\/index.php\/wp-json\/wp\/v2\/users\/1"}],"replies":[{"embeddable":true,"href":"http:\/\/www.tvturk.com\/index.php\/wp-json\/wp\/v2\/comments?post=245856"}],"version-history":[{"count":0,"href":"http:\/\/www.tvturk.com\/index.php\/wp-json\/wp\/v2\/posts\/245856\/revisions"}],"wp:featuredmedia":[{"embeddable":true,"href":"http:\/\/www.tvturk.com\/index.php\/wp-json\/wp\/v2\/media\/245857"}],"wp:attachment":[{"href":"http:\/\/www.tvturk.com\/index.php\/wp-json\/wp\/v2\/media?parent=245856"}],"wp:term":[{"taxonomy":"category","embeddable":true,"href":"http:\/\/www.tvturk.com\/index.php\/wp-json\/wp\/v2\/categories?post=245856"},{"taxonomy":"post_tag","embeddable":true,"href":"http:\/\/www.tvturk.com\/index.php\/wp-json\/wp\/v2\/tags?post=245856"}],"curies":[{"name":"wp","href":"https:\/\/api.w.org\/{rel}","templated":true}]}}