{"id":246042,"date":"2019-12-22T19:32:29","date_gmt":"2019-12-22T16:32:29","guid":{"rendered":"http:\/\/www.tvturk.com\/index.php\/bulent-uygun-resmen-kadro-eksikligi-yasiyoruz\/"},"modified":"2019-12-22T19:32:29","modified_gmt":"2019-12-22T16:32:29","slug":"bulent-uygun-resmen-kadro-eksikligi-yasiyoruz","status":"publish","type":"post","link":"http:\/\/www.tvturk.com\/index.php\/bulent-uygun-resmen-kadro-eksikligi-yasiyoruz\/","title":{"rendered":"B\u00fclent Uygun: &#8220;Resmen kadro eksikli\u011fi ya\u015f\u0131yoruz&#8221;"},"content":{"rendered":"<p>Sahas\u0131nda Medipol Ba\u015fak\u015fehir\u2019e 4-1 yenilen \u0130stikbam Mobilya Kayserispor\u2019da Teknik Direkt\u00f6r B\u00fclent Uygun, &#8220;Tak\u0131mdan gidenler ve sakat olanlardan sonra resmen kadro eksikli\u011fi ya\u015f\u0131yoruz&#8221; dedi.<\/p>\n<p>Ma\u00e7 sonunda d\u00fczenlenen bas\u0131n toplant\u0131s\u0131nda konu\u015fan B\u00fclent Uygun, &#8220;Ba\u015fak\u015fehir tak\u0131m\u0131n\u0131 tebrik ediyorum. Zirveyi kovalad\u0131klar\u0131 i\u00e7in her \u015feyi yapt\u0131lar. Seyircimizin kar\u015f\u0131s\u0131nda al\u0131nacak galibiyet yar\u0131nlara \u00fcmitli bakmam\u0131z\u0131 sa\u011flayacakt\u0131. Ya\u015fad\u0131\u011f\u0131m\u0131z s\u0131k\u0131nt\u0131lar oyunumuzu ve oyuncular\u0131m\u0131z\u0131 etkiledi. 3. gol ma\u00e7\u0131n k\u0131r\u0131lma an\u0131 oldu. Bug\u00fcn buraya kadar gelen taraftarlar\u0131m\u0131zdan \u00f6z\u00fcr diliyorum. 15-16 ya\u015f\u0131ndaki futbolcular\u0131mla birlikte Kayserispor\u2019u devre aras\u0131ndaki sorunlardan kurtar\u0131p sahada m\u00fccadele vermeye devam edece\u011fiz. Kadro yap\u0131s\u0131ndaki zaafiyet ve gidenler sonras\u0131nda resmen kadro eksili\u011fi ya\u015f\u0131yoruz. Mevcut kadro elinden geleni yap\u0131yor. Onlar\u0131 da tebrik ediyorum&#8221; dedi.<\/p>\n<p>Uygun, &#8220;Kayserispor\u2019u bu d\u00fc\u015ft\u00fc\u011f\u00fc durumdan nas\u0131l \u00e7\u0131kar\u0131r\u0131z onun i\u00e7in \u00e7al\u0131\u015f\u0131yoruz. Ba\u015fkan\u0131m\u0131zla oturaca\u011f\u0131z. Bulabildi\u011fimiz en kaliteli planlamay\u0131 tak\u0131m m\u00fchendisli\u011fini do\u011fru yapmam\u0131z laz\u0131m. Gaziantep\u2019te 2 ay maa\u015f almayan futbolcular ard\u0131 ve b\u0131rak\u0131p gitmediler. Ba\u015fkan Berna han\u0131m gidenlerin ve kalanlar\u0131n paras\u0131n\u0131 verdi. Psikolojik olarak inan\u0131lmaz bir zorluk s\u00fcreci ge\u00e7iriyoruz. Hepimize g\u00f6rev d\u00fc\u015f\u00fcyor. Bu g\u00fcn Ziya\u2019n\u0131n d\u0131\u015f\u0131nda herkes federasyona verdi bizi. Gen\u00e7ler hata yap\u0131yor yapacaklar onlar\u0131 kazanmak i\u00e7in buraday\u0131z. Elimizden geleni yap\u0131yoruz. Deste\u011fe devam&#8221; ifadesinde bulundu.<\/p>\n","protected":false},"excerpt":{"rendered":"<p>KEND\u0130 SAHASINDA MED\u0130POL BA\u015eAK\u015eEH\u0130R&#8217;E 4-1 YEN\u0130LEN \u0130ST\u0130KBAM MOB\u0130LYA KAYSER\u0130SPOR TEKN\u0130K D\u0130REKT\u00d6R\u00dc B\u00dcLENT UYGUN, &#8220;TAKIMDAN G\u0130DENLER VE SAKAT OLANLARDAN SONRA RESMEN KADRO EKS\u0130KL\u0130\u011e\u0130 YA\u015eIYORUZ&#8221; DED\u0130.<\/p>\n","protected":false},"author":1,"featured_media":246043,"comment_status":"closed","ping_status":"open","sticky":false,"template":"","format":"standard","meta":{"jetpack_post_was_ever_published":false,"_jetpack_newsletter_access":"","_jetpack_dont_email_post_to_subs":false,"_jetpack_newsletter_tier_id":0,"_jetpack_memberships_contains_paywalled_content":false,"_jetpack_memberships_contains_paid_content":false,"footnotes":"","jetpack_publicize_message":"","jetpack_publicize_feature_enabled":true,"jetpack_social_post_already_shared":true,"jetpack_social_options":{"image_generator_settings":{"template":"highway","default_image_id":0,"font":"","enabled":false},"version":2}},"categories":[657],"tags":[2193,3875,267,7760,13728,13574],"class_list":["post-246042","post","type-post","status-publish","format-standard","has-post-thumbnail","hentry","category-spor","tag-bulent","tag-eksikligi","tag-kadro","tag-resmen","tag-uygun","tag-yasiyoruz"],"jetpack_publicize_connections":[],"jetpack_featured_media_url":"https:\/\/i0.wp.com\/www.tvturk.com\/wp-content\/uploads\/2019\/12\/bulent-uygun-resmen-kadro-eksikligi-yasiyoruz_35b9c6c.jpg?fit=1000%2C666","jetpack_sharing_enabled":true,"jetpack_shortlink":"https:\/\/wp.me\/paKIfm-120q","_links":{"self":[{"href":"http:\/\/www.tvturk.com\/index.php\/wp-json\/wp\/v2\/posts\/246042","targetHints":{"allow":["GET"]}}],"collection":[{"href":"http:\/\/www.tvturk.com\/index.php\/wp-json\/wp\/v2\/posts"}],"about":[{"href":"http:\/\/www.tvturk.com\/index.php\/wp-json\/wp\/v2\/types\/post"}],"author":[{"embeddable":true,"href":"http:\/\/www.tvturk.com\/index.php\/wp-json\/wp\/v2\/users\/1"}],"replies":[{"embeddable":true,"href":"http:\/\/www.tvturk.com\/index.php\/wp-json\/wp\/v2\/comments?post=246042"}],"version-history":[{"count":0,"href":"http:\/\/www.tvturk.com\/index.php\/wp-json\/wp\/v2\/posts\/246042\/revisions"}],"wp:featuredmedia":[{"embeddable":true,"href":"http:\/\/www.tvturk.com\/index.php\/wp-json\/wp\/v2\/media\/246043"}],"wp:attachment":[{"href":"http:\/\/www.tvturk.com\/index.php\/wp-json\/wp\/v2\/media?parent=246042"}],"wp:term":[{"taxonomy":"category","embeddable":true,"href":"http:\/\/www.tvturk.com\/index.php\/wp-json\/wp\/v2\/categories?post=246042"},{"taxonomy":"post_tag","embeddable":true,"href":"http:\/\/www.tvturk.com\/index.php\/wp-json\/wp\/v2\/tags?post=246042"}],"curies":[{"name":"wp","href":"https:\/\/api.w.org\/{rel}","templated":true}]}}