{"id":246050,"date":"2019-12-22T19:47:07","date_gmt":"2019-12-22T16:47:07","guid":{"rendered":"http:\/\/www.tvturk.com\/index.php\/jailson-9-hafta-sonra-stoperde\/"},"modified":"2019-12-22T19:47:07","modified_gmt":"2019-12-22T16:47:07","slug":"jailson-9-hafta-sonra-stoperde","status":"publish","type":"post","link":"http:\/\/www.tvturk.com\/index.php\/jailson-9-hafta-sonra-stoperde\/","title":{"rendered":"Jailson, 9 hafta sonra stoperde"},"content":{"rendered":"<p>Fenerbah\u00e7e\u2019nin Brezilyal\u0131 futbolcusu Jailson, 9 hafta sonra sar\u0131-lacivertli ekipte stoper olarak Be\u015fikta\u015f derbisinde sahaya \u00e7\u0131kt\u0131.<\/p>\n<p>S\u00fcper Lig\u2019in 16. haftas\u0131nda Be\u015fikta\u015f ile evinde derbi m\u00fccadelesine \u00e7\u0131kan Fenerbah\u00e7e\u2019de Jailson 9 hafta sonra stoperde g\u00f6rev ald\u0131. S\u00fcper Lig\u2019in ilk 7 haftas\u0131nda savunmada g\u00f6rev yapan Brezilyal\u0131 orta saha Antalyaspor ma\u00e7\u0131n\u0131n ard\u0131ndan 5 m\u00fccadelede \u00f6n libero olarak yer ald\u0131. 3 m\u00fcsabakada kadroda olmayan 24 ya\u015f\u0131ndaki futbolcu, ligin 16. haftas\u0131nda oynanan Be\u015fikta\u015f derbisinde Teknik Direkt\u00f6r Ersun Yanal taraf\u0131ndan ilk 11\u2019de savunmada g\u00f6rev verildi.<\/p>\n","protected":false},"excerpt":{"rendered":"<p>FENERBAH\u00c7E\u2019N\u0130N BREZ\u0130LYALI FUTBOLCUSU JA\u0130LSON, 9 HAFTA SONRA SARI-LAC\u0130VERTL\u0130 EK\u0130PTE STOPER OLARAK BE\u015e\u0130KTA\u015e DERB\u0130S\u0130NDE SAHAYA \u00c7IKTI.<\/p>\n","protected":false},"author":1,"featured_media":246051,"comment_status":"closed","ping_status":"open","sticky":false,"template":"","format":"standard","meta":{"jetpack_post_was_ever_published":false,"_jetpack_newsletter_access":"","_jetpack_dont_email_post_to_subs":false,"_jetpack_newsletter_tier_id":0,"_jetpack_memberships_contains_paywalled_content":false,"_jetpack_memberships_contains_paid_content":false,"footnotes":"","jetpack_publicize_message":"","jetpack_publicize_feature_enabled":true,"jetpack_social_post_already_shared":true,"jetpack_social_options":{"image_generator_settings":{"template":"highway","default_image_id":0,"font":"","enabled":false},"version":2}},"categories":[657],"tags":[1178,22866,2022,61192],"class_list":["post-246050","post","type-post","status-publish","format-standard","has-post-thumbnail","hentry","category-spor","tag-hafta","tag-jailson","tag-sonra","tag-stoperde"],"jetpack_publicize_connections":[],"jetpack_featured_media_url":"https:\/\/i0.wp.com\/www.tvturk.com\/wp-content\/uploads\/2019\/12\/jailson-9-hafta-sonra-stoperde_66600c3.jpg?fit=985%2C1000","jetpack_sharing_enabled":true,"jetpack_shortlink":"https:\/\/wp.me\/paKIfm-120y","_links":{"self":[{"href":"http:\/\/www.tvturk.com\/index.php\/wp-json\/wp\/v2\/posts\/246050","targetHints":{"allow":["GET"]}}],"collection":[{"href":"http:\/\/www.tvturk.com\/index.php\/wp-json\/wp\/v2\/posts"}],"about":[{"href":"http:\/\/www.tvturk.com\/index.php\/wp-json\/wp\/v2\/types\/post"}],"author":[{"embeddable":true,"href":"http:\/\/www.tvturk.com\/index.php\/wp-json\/wp\/v2\/users\/1"}],"replies":[{"embeddable":true,"href":"http:\/\/www.tvturk.com\/index.php\/wp-json\/wp\/v2\/comments?post=246050"}],"version-history":[{"count":0,"href":"http:\/\/www.tvturk.com\/index.php\/wp-json\/wp\/v2\/posts\/246050\/revisions"}],"wp:featuredmedia":[{"embeddable":true,"href":"http:\/\/www.tvturk.com\/index.php\/wp-json\/wp\/v2\/media\/246051"}],"wp:attachment":[{"href":"http:\/\/www.tvturk.com\/index.php\/wp-json\/wp\/v2\/media?parent=246050"}],"wp:term":[{"taxonomy":"category","embeddable":true,"href":"http:\/\/www.tvturk.com\/index.php\/wp-json\/wp\/v2\/categories?post=246050"},{"taxonomy":"post_tag","embeddable":true,"href":"http:\/\/www.tvturk.com\/index.php\/wp-json\/wp\/v2\/tags?post=246050"}],"curies":[{"name":"wp","href":"https:\/\/api.w.org\/{rel}","templated":true}]}}