{"id":246052,"date":"2019-12-22T20:17:14","date_gmt":"2019-12-22T17:17:14","guid":{"rendered":"http:\/\/www.tvturk.com\/index.php\/super-lig-fenerbahce-2-besiktas-1-ilk-yari\/"},"modified":"2019-12-22T20:17:14","modified_gmt":"2019-12-22T17:17:14","slug":"super-lig-fenerbahce-2-besiktas-1-ilk-yari","status":"publish","type":"post","link":"http:\/\/www.tvturk.com\/index.php\/super-lig-fenerbahce-2-besiktas-1-ilk-yari\/","title":{"rendered":"S\u00fcper Lig: Fenerbah\u00e7e: 2 &#8211; Be\u015fikta\u015f: 1 (\u0130lk yar\u0131)"},"content":{"rendered":"<p>S\u00fcper Lig\u2019in 16. haftas\u0131nda Fenerbah\u00e7e ile Be\u015fikta\u015f, y\u0131l\u0131n son derbisinde Kad\u0131k\u00f6y\u2019de kar\u015f\u0131la\u015f\u0131yor. M\u00fccadelenin ilk yar\u0131s\u0131 sar\u0131-lacivertlilerin 2-1\u2019lik \u00fcst\u00fcnl\u00fc\u011f\u00fc ile sona erdi.<\/p>\n<p>Ma\u00e7tan dakikalar (\u0130lk yar\u0131)<\/p>\n<p>2. dakikada Isla\u2019n\u0131n sa\u011f kanattan pas\u0131nda penalt\u0131 noktas\u0131 \u00fczerinde topla bulu\u015fan Tolga\u2019n\u0131n plase vuru\u015funda kaleci Karius me\u015fin yuvarla\u011f\u0131 kornere \u00e7eldi.<\/p>\n<p>19. dakikada Gustavo\u2019nun sa\u011f kanattan ortas\u0131nda ceza sahas\u0131 i\u00e7inde Rebocho\u2019nun eline \u00e7arpan top sonras\u0131nda hakem C\u00fcneyt \u00c7ak\u0131r VAR\u2019a gitti. Pozisyonu izleyen \u00c7ak\u0131r daha sonra penalt\u0131 karar\u0131 verdi.<\/p>\n<p>23. dakikada penalt\u0131da topun ba\u015f\u0131na ge\u00e7en Max Kruse kaleci Karius\u2019un solundan me\u015fin yuvarla\u011f\u0131 a\u011flarla bulu\u015ftu. 1-0<\/p>\n<p>32. dakikada orta sahada Diaby\u2019den topu kapan Tolga Ci\u011ferci\u2019nin pas\u0131nda topla ilerleyen Ozan\u2019\u0131n ceza yay\u0131n\u0131n gerisinden uzaktan yapt\u0131\u011f\u0131 vuru\u015fta me\u015fin yuvarlak a\u011flara gitti. 2-0<\/p>\n<p>45+5. dakikada Caner\u2019in orta sahas\u0131n sol taraf\u0131ndan kulland\u0131\u011f\u0131 serbest vuru\u015fta ceza sahas\u0131 i\u00e7inde bo\u015fta kalan Atiba\u2019n\u0131n sa\u011f aya\u011f\u0131 ile vuru\u015funda me\u015fin yuvarlak a\u011flarla bulu\u015ftu.<\/p>\n<p>Stat: \u00dclker<\/p>\n<p>Hakemler: C\u00fcneyt \u00c7ak\u0131r xx, Bahattin Duran xx, Tar\u0131k Ongun xx<\/p>\n<p>Fenerbah\u00e7e: Altay xx, Isla xx, Serdar Aziz xx, Jailson xx, Dirar xx, Gustavo xx, Ozan Tufan xxx, Tolga Ci\u011ferci xxx, Deniz T\u00fcr\u00fc\u00e7 xx, Max Kruse xxx, Vedat Muriqi xx<\/p>\n<p>Yedekler: Harun Tekin, Tolgay Arslan, Mevl\u00fct Erdin\u00e7, Ferdi Kad\u0131o\u011flu, Alper Potuk, Murat Sa\u011flam, Zanka, Adil Rami<\/p>\n<p>Teknik Direkt\u00f6r: Ersun Yanal<\/p>\n<p>Be\u015fikta\u015f: Karius x, G\u00f6khan G\u00f6n\u00fcl x, Vida x, Enzo Roco x, Rebocho x, Atiba x, Elneny x, Lens x, Caner Erkin x, Diaby x, Burak Y\u0131lmaz x<\/p>\n<p>Yedekler: Utku, Ersin, Victor Ruiz, Umut Nayir, G\u00fcven Yal\u00e7\u0131n, O\u011fuzhan \u00d6zyakup, Tyler Boyd, N\u2019Koudou, Necip Uysal, Adem Ljajic<\/p>\n<p>Teknik Direkt\u00f6r: Abdullah Avc\u0131<\/p>\n<p>Goller: Max Kruse (dk. 23 pen.), Ozan Tufan (dk. 32) (Fenerbah\u00e7e), Atiba (dk. 45+5) (Be\u015fikta\u015f)<\/p>\n<p>Sar\u0131 kartlar: Deniz T\u00fcr\u00fc\u00e7 (Fenerbah\u00e7e), Lens, Caner (Be\u015fikta\u015f)<\/p>\n","protected":false},"excerpt":{"rendered":"<p>S\u00dcPER L\u0130G\u2019\u0130N 16. HAFTASINDA FENERBAH\u00c7E \u0130LE BE\u015e\u0130KTA\u015e, YILIN SON DERB\u0130S\u0130NDE KADIK\u00d6Y&#8217;DE KAR\u015eILA\u015eIYOR. M\u00dcCADELEN\u0130N \u0130LK YARISI SARI-LAC\u0130VERTL\u0130LER\u0130N 2-1&#8217;L\u0130K \u00dcST\u00dcNL\u00dc\u011e\u00dc \u0130LE SONA ERD\u0130.<\/p>\n","protected":false},"author":1,"featured_media":246053,"comment_status":"closed","ping_status":"open","sticky":false,"template":"","format":"standard","meta":{"jetpack_post_was_ever_published":false,"_jetpack_newsletter_access":"","_jetpack_dont_email_post_to_subs":false,"_jetpack_newsletter_tier_id":0,"_jetpack_memberships_contains_paywalled_content":false,"_jetpack_memberships_contains_paid_content":false,"footnotes":"","jetpack_publicize_message":"","jetpack_publicize_feature_enabled":true,"jetpack_social_post_already_shared":true,"jetpack_social_options":{"image_generator_settings":{"template":"highway","default_image_id":0,"font":"","enabled":false},"version":2}},"categories":[657],"tags":[2864,2626,37,905,1463,918],"class_list":["post-246052","post","type-post","status-publish","format-standard","has-post-thumbnail","hentry","category-spor","tag-besiktas","tag-fenerbahce","tag-ilk","tag-lig","tag-super","tag-yari"],"jetpack_publicize_connections":[],"jetpack_featured_media_url":"https:\/\/i0.wp.com\/www.tvturk.com\/wp-content\/uploads\/2019\/12\/super-lig-fenerbahce-2-besiktas-1-ilk-yari_8cce2e2.jpg?fit=1000%2C609","jetpack_sharing_enabled":true,"jetpack_shortlink":"https:\/\/wp.me\/paKIfm-120A","_links":{"self":[{"href":"http:\/\/www.tvturk.com\/index.php\/wp-json\/wp\/v2\/posts\/246052","targetHints":{"allow":["GET"]}}],"collection":[{"href":"http:\/\/www.tvturk.com\/index.php\/wp-json\/wp\/v2\/posts"}],"about":[{"href":"http:\/\/www.tvturk.com\/index.php\/wp-json\/wp\/v2\/types\/post"}],"author":[{"embeddable":true,"href":"http:\/\/www.tvturk.com\/index.php\/wp-json\/wp\/v2\/users\/1"}],"replies":[{"embeddable":true,"href":"http:\/\/www.tvturk.com\/index.php\/wp-json\/wp\/v2\/comments?post=246052"}],"version-history":[{"count":0,"href":"http:\/\/www.tvturk.com\/index.php\/wp-json\/wp\/v2\/posts\/246052\/revisions"}],"wp:featuredmedia":[{"embeddable":true,"href":"http:\/\/www.tvturk.com\/index.php\/wp-json\/wp\/v2\/media\/246053"}],"wp:attachment":[{"href":"http:\/\/www.tvturk.com\/index.php\/wp-json\/wp\/v2\/media?parent=246052"}],"wp:term":[{"taxonomy":"category","embeddable":true,"href":"http:\/\/www.tvturk.com\/index.php\/wp-json\/wp\/v2\/categories?post=246052"},{"taxonomy":"post_tag","embeddable":true,"href":"http:\/\/www.tvturk.com\/index.php\/wp-json\/wp\/v2\/tags?post=246052"}],"curies":[{"name":"wp","href":"https:\/\/api.w.org\/{rel}","templated":true}]}}