{"id":246096,"date":"2019-12-23T09:16:38","date_gmt":"2019-12-23T06:16:38","guid":{"rendered":"http:\/\/www.tvturk.com\/index.php\/81-ilde-ornek-imar-uygulamasi-hazirlaniyor\/"},"modified":"2019-12-23T09:16:38","modified_gmt":"2019-12-23T06:16:38","slug":"81-ilde-ornek-imar-uygulamasi-hazirlaniyor","status":"publish","type":"post","link":"http:\/\/www.tvturk.com\/index.php\/81-ilde-ornek-imar-uygulamasi-hazirlaniyor\/","title":{"rendered":"81 ilde \u201c\u00d6rnek \u0130mar Uygulamas\u0131\u201d haz\u0131rlan\u0131yor"},"content":{"rendered":"<p>\u00c7evre ve \u015eehircilik Bakanl\u0131\u011f\u0131 81 il de \u00f6rnek imar plan\u0131 uygulamas\u0131na ba\u015flad\u0131. Belediyelere rehber olacak, vatanda\u015f kat\u0131l\u0131m\u0131n\u0131 \u00f6n plana \u00e7\u0131karacak \u00f6rnek uygulamalardan 3 ilin \u00f6rnek imar uygulamas\u0131 ge\u00e7en y\u0131l, 5 ilin \u00f6rnek imar uygulamas\u0131 da bu y\u0131l tamamland\u0131. Bakanl\u0131k \u00f6n\u00fcm\u00fczdeki y\u0131l 13 il ile birlikte 2023 y\u0131l\u0131na kadar 81 ilde \u00f6rnek imar uygulama projelerini tamamlayacak.<\/p>\n<p>\u00c7evre ve \u015eehircilik Bakanl\u0131\u011f\u0131 81 ilde \u201c\u00d6rnek \u0130mar Uygulamas\u0131 Projesi\u201d ger\u00e7ekle\u015ftiriyor.<\/p>\n<p>Proje kapsam\u0131nda bakanl\u0131k ge\u00e7en y\u0131l, GAP (G\u00fcney Anadolu Projesi) ve KOP (Konya Ovas\u0131 Projesi ) kapsam\u0131nda Konya Meram, Ad\u0131yaman G\u00f6lba\u015f\u0131 ve Karaman Ermenek il\u00e7elerinde  \u201c\u00d6rnek \u0130mar Uygulamas\u0131n\u0131\u201d tamamlad\u0131.<\/p>\n<p>Tamamlanan projeler ile birlikte bakanl\u0131k bu y\u0131lda da; Yozgat Sorgun, Mardin Midyat,  Denizli Ac\u0131payam, Samsun Tekkek\u00f6y ve D\u00fczce Beyk\u00f6y Beldesi olmak \u00fczere be\u015f ilde \u201c\u00d6rnek \u0130mar Uygulama projelerinde\u201d sona geldi.<\/p>\n<p>2020\u2019de 13 ilin daha \u00d6rnek \u0130mar uygulamas\u0131 projesine ba\u015flanacak<\/p>\n<p>Bakanl\u0131k \u00f6n\u00fcm\u00fczde ki y\u0131l da 13 ilde \u00d6rnek \u0130mar Uygulamas\u0131 yapacak. 11. Kalk\u0131nma plan\u0131na g\u00f6re projenin uygulanmas\u0131 i\u00e7in 81 ilden; Amasya, Tekirda\u011f, Burdur, K\u0131r\u015fehir, Ordu, Kahramanmara\u015f, Sivas, Sinop, Karab\u00fck, \u015eanl\u0131urfa, Yalova, Mu\u011fla ve \u00c7anakkale illeri olmak \u00fczere 13 ilde \u201c\u00d6rnek \u0130mar Uygulamalar\u0131\u201d parselasyon plan\u0131 yap\u0131lacak.<\/p>\n<p>2021 y\u0131l\u0131nda 20 ilde, 2022 y\u0131l\u0131nda 20 ilde, 2023 y\u0131l\u0131nda ise 20 ilde\u201d \u00d6rnek \u0130mar Uygulamas\u0131 projesi\u201d yapacak olan bakanl\u0131k; 2023 y\u0131l\u0131 sonu itibar\u0131yla 81 ilin tamam\u0131nda \u201c\u00d6rnek \u0130mar Uygulamas\u0131\u201d projesini tamamlam\u0131\u015f olacak.<\/p>\n<p>\u00d6rnek \u0130mar uygulamalar\u0131 tamamlanarak d\u00fczensiz, \u00e7arp\u0131k, sosyal donat\u0131lardan mahrum sahalar sona erecek. D\u00fczenlemeden sonra imara uygun, modern kentin ihtiya\u00e7 duydu\u011fu kullan\u0131m alanlar\u0131 ortaya \u00e7\u0131kacak.<\/p>\n<p>Belediyelere; Bakanl\u0131\u011f\u0131n teknik ve hukuki imk\u00e2nlar\u0131n\u0131n payla\u015f\u0131lmas\u0131 ve bu konudaki tecr\u00fcbelerinin aktar\u0131lmas\u0131 sonucunda imar uygulamalar\u0131ndaki karar alma ve i\u015fleyi\u015fler h\u0131z kazanm\u0131\u015f olacak.<\/p>\n<p>\u00d6rnek imar uygulamalar\u0131nda vatanda\u015f\u0131n kat\u0131l\u0131m\u0131 ile \u015feffafl\u0131k sa\u011flanacak ve \u00e7evre duyarl\u0131l\u0131\u011f\u0131 da artm\u0131\u015f olacak. Ayr\u0131ca yerel dokuyu bozan ve yatay mimariye kar\u015f\u0131 olu\u015facak imar planlar\u0131n\u0131n uygulamas\u0131n\u0131n da \u00f6n\u00fcne ge\u00e7ilmi\u015f olacak.<\/p>\n","protected":false},"excerpt":{"rendered":"<p>\u00c7EVRE VE \u015eEH\u0130RC\u0130L\u0130K BAKANLI\u011eI 81 \u0130L DE \u00d6RNEK \u0130MAR PLANI UYGULAMASINA BA\u015eLADI. BELED\u0130YELERE REHBER OLACAK, VATANDA\u015e KATILIMINI \u00d6N PLANA \u00c7IKARACAK \u00d6RNEK UYGULAMALARDAN 3 \u0130L\u0130N \u00d6RNEK \u0130MAR UYGULAMASI GE\u00c7EN YIL, 5 \u0130L\u0130N \u00d6RNEK \u0130MAR UYGULAMASI DA BU YIL TAMAMLANDI. BAKANLIK \u00d6N\u00dcM\u00dcZDEK\u0130 YIL 13 \u0130L \u0130LE B\u0130RL\u0130KTE 2023 YILINA KADAR 81 \u0130LDE \u00d6RNEK \u0130MAR UYGULAMA PROJELER\u0130N\u0130 TAMAMLAYACAK.<\/p>\n","protected":false},"author":1,"featured_media":246097,"comment_status":"closed","ping_status":"open","sticky":false,"template":"","format":"standard","meta":{"jetpack_post_was_ever_published":false,"_jetpack_newsletter_access":"","_jetpack_dont_email_post_to_subs":false,"_jetpack_newsletter_tier_id":0,"_jetpack_memberships_contains_paywalled_content":false,"_jetpack_memberships_contains_paid_content":false,"footnotes":"","jetpack_publicize_message":"","jetpack_publicize_feature_enabled":true,"jetpack_social_post_already_shared":true,"jetpack_social_options":{"image_generator_settings":{"template":"highway","default_image_id":0,"font":"","enabled":false},"version":2}},"categories":[1],"tags":[297,1531,979,1996,861],"class_list":["post-246096","post","type-post","status-publish","format-standard","has-post-thumbnail","hentry","category-genel","tag-hazirlaniyor","tag-ilde","tag-imar","tag-ornek","tag-uygulamasi"],"jetpack_publicize_connections":[],"jetpack_featured_media_url":"https:\/\/i0.wp.com\/www.tvturk.com\/wp-content\/uploads\/2019\/12\/81-ilde-ornek-imar-uygulamasi-hazirlaniyor_966b734.jpg?fit=1000%2C504","jetpack_sharing_enabled":true,"jetpack_shortlink":"https:\/\/wp.me\/paKIfm-121i","_links":{"self":[{"href":"http:\/\/www.tvturk.com\/index.php\/wp-json\/wp\/v2\/posts\/246096","targetHints":{"allow":["GET"]}}],"collection":[{"href":"http:\/\/www.tvturk.com\/index.php\/wp-json\/wp\/v2\/posts"}],"about":[{"href":"http:\/\/www.tvturk.com\/index.php\/wp-json\/wp\/v2\/types\/post"}],"author":[{"embeddable":true,"href":"http:\/\/www.tvturk.com\/index.php\/wp-json\/wp\/v2\/users\/1"}],"replies":[{"embeddable":true,"href":"http:\/\/www.tvturk.com\/index.php\/wp-json\/wp\/v2\/comments?post=246096"}],"version-history":[{"count":0,"href":"http:\/\/www.tvturk.com\/index.php\/wp-json\/wp\/v2\/posts\/246096\/revisions"}],"wp:featuredmedia":[{"embeddable":true,"href":"http:\/\/www.tvturk.com\/index.php\/wp-json\/wp\/v2\/media\/246097"}],"wp:attachment":[{"href":"http:\/\/www.tvturk.com\/index.php\/wp-json\/wp\/v2\/media?parent=246096"}],"wp:term":[{"taxonomy":"category","embeddable":true,"href":"http:\/\/www.tvturk.com\/index.php\/wp-json\/wp\/v2\/categories?post=246096"},{"taxonomy":"post_tag","embeddable":true,"href":"http:\/\/www.tvturk.com\/index.php\/wp-json\/wp\/v2\/tags?post=246096"}],"curies":[{"name":"wp","href":"https:\/\/api.w.org\/{rel}","templated":true}]}}