{"id":24610,"date":"2019-02-12T12:21:11","date_gmt":"2019-02-12T09:21:11","guid":{"rendered":"http:\/\/www.tvturk.com\/index.php\/neset-ertasi-anma-gecesinde-izdiham\/"},"modified":"2019-02-12T12:21:15","modified_gmt":"2019-02-12T09:21:15","slug":"neset-ertasi-anma-gecesinde-izdiham","status":"publish","type":"post","link":"http:\/\/www.tvturk.com\/index.php\/neset-ertasi-anma-gecesinde-izdiham\/","title":{"rendered":"Ne\u015fet Erta\u015f\u2019\u0131 anma gecesinde izdiham"},"content":{"rendered":"<p>Bursa\u2019da Marmara Yozgatl\u0131lar Federasyonu\u2019nca d\u00fczenlenen Ne\u015fet Erta\u015f K\u00fclt\u00fcr Sanat Gecesi, binlerce ki\u015fiyi bulu\u015fturdu. Merinos Osmangazi Salonu\u2019nu dolduran vatanda\u015flar izdiham olu\u015ftururken, Bursa Marmara Yozgatl\u0131lar Federasyonu Genel Ba\u015fkan\u0131 Ahmet Aslan, &#8220;M\u00fctevazi ki\u015fili\u011fi ile \u00fcn\u00fc \u00fclke s\u0131n\u0131r\u0131n\u0131 a\u015fan merhum Ne\u015fet Erta\u015f Unesco taraf\u0131ndan &#8220;Ya\u015fayan \u0130nsan Hazinesi&#8221; ilan edilmi\u015ftir. \u00c7a\u011f\u0131m\u0131zda sava\u015f\u0131n, y\u0131k\u0131m\u0131n, umutsuzlu\u011fun her alanda y\u00fckseldi\u011fi bir ortamda Ne\u015fet Erta\u015f gibi bir de\u011fere muhta\u00e7 oldu\u011fumuz g\u00f6r\u00fcl\u00fcyor&#8221; dedi.<\/p>\n<p>M\u00fczikseverlerin t\u00fcrk\u00fclere e\u015flik etti\u011fi geceye Eski Bakanlardan L\u00fctfullah Kayalar, milletvekilleri, Bursa B\u00fcy\u00fck\u015fehir Belediye Ba\u015fkan\u0131 Alinur Akta\u015f ve \u00e7ok say\u0131da davetli kat\u0131ld\u0131.<\/p>\n<p>Yer bulamayan Ne\u015fet Erta\u015f hayranlar\u0131 ise 3,5 saat boyunca devam eden etkinlikte yere oturmak zorunda kald\u0131.<\/p>\n<p>Federasyon Ba\u015fkan\u0131 Ahmet Aslan, Ne\u015fer Erta\u015f\u2019\u0131n ilham\u0131n\u0131 yoksullukla ve ac\u0131 dolu hayat\u0131ndan ald\u0131\u011f\u0131n\u0131 hat\u0131rlatarak, &#8221; O \u00fcz\u00fcnt\u00fcs\u00fcn\u00fc, sevincini, sevgisini ve hasretini t\u00fcrk\u00fclere d\u00f6km\u00fc\u015f, saz\u0131yla teselli bulmu\u015ftur. O sadece iyi bir   saz ve s\u00f6z ustas\u0131 olman\u0131n y\u0131n\u0131s\u0131ra, karde\u015fli\u011fe \u00e7a\u011fr\u0131 yapan yeri doldurulamaz bir halk ozan\u0131d\u0131r. Bozk\u0131r\u2019\u0131n Tezenesi bundan 6 y\u0131l \u00f6nce susmu\u015f olsa da o tezeneden \u00e7\u0131kan ses sonsuza kadar bozk\u0131rlardan g\u00f6ky\u00fcz\u00fcne do\u011fru yank\u0131lanmaya devam edecektir&#8221; dedi.<\/p>\n<p>Aslan, Fedarasyon olarak \u00fcniversite \u00f6\u011frencilerine burs verdiklerini, Ramazan ay\u0131nda 500 adet erzak kart\u0131 da\u011f\u0131tt\u0131klar\u0131n\u0131, her sene Araba\u015f\u0131 Gecesi tertiplediklerini hat\u0131rlatarak, &#8220;Bursa\u2019da ekonomik sebeplerle yuva kuramayanlar\u0131n imdad\u0131na yeti\u015fiyoruz. T\u00fcrkmen ailelerine sahip \u00e7\u0131k\u0131yoruz. Eyl\u00fcl ay\u0131nda da Nida T\u00fcfek\u00e7i gecesi tertipleyece\u011fiz. Davetimize yo\u011fun programlar\u0131 dolay\u0131s\u0131yla kat\u0131lamayan ancak tebriklerini ileten t\u00fcm devlet b\u00fcy\u00fcklerimize de te\u015fekk\u00fcr ediyoruz&#8221; diye konu\u015ftu.<\/p>\n<p>Gecede Ne\u015fet Erta\u015f\u2019\u0131n &#8220;K\u00f6pr\u00fcden Ge\u00e7ti Gelin&#8221;, &#8220;Ne G\u00fczel Yaratm\u0131\u015f Seni Yaradan&#8221;ve &#8220;Kendim Ettim Kendim Buldum&#8221;gibi eserleri m\u00fczikseverler taraf\u0131ndan be\u011feni kazand\u0131. Kat\u0131ld\u0131\u011f\u0131 konserde konu\u015fan Bursa B\u00fcy\u00fck\u015fehir Belediye Ba\u015fkan\u0131 Alinur Akta\u015f, \u201cRahmetli Ne\u015fat Erta\u015f, 1938 y\u0131l\u0131nda K\u0131r\u015fehir\u2019de d\u00fcnyaya geldi. Babas\u0131 da saz sanat\u00e7\u0131s\u0131 8 ya\u015f\u0131ndayken saz ve keman \u00e7almay\u0131 \u00f6\u011frenmi\u015f, 7-8 y\u0131l K\u0131r\u015fehir, Yozgat ve \u00c7orum ahalisinde programlara kat\u0131l\u0131p e\u011fitim hayat\u0131na hi\u00e7 ba\u015flamadan evine ekmek temin etmeye \u00e7al\u0131\u015fm\u0131\u015f, d\u00f6nemin Cumhurba\u015fkan\u0131  Say\u0131n S\u00fcleyman Demirel, kendisine devlet sanat\u00e7\u0131l\u0131\u011f\u0131n\u0131 teklif etti\u011finde oda \u015fu cevab\u0131 vermi\u015f zaten herkes bu devletin sanat\u00e7\u0131s\u0131 de\u011fil mi diyerek devlet sanat\u00e7\u0131s\u0131 \u00fcnvan\u0131n\u0131 reddetmi\u015f Ne\u015fat Erta\u015f, b\u00f6yle birisi siz sanat\u0131n\u0131z\u0131, mesle\u011finizi ve siyasetinizi iyi icra ederseniz b\u00fcrokratl\u0131\u011f\u0131n\u0131z\u0131 iyi yaparsan\u0131z bekli sizi o y\u0131llarda sizi anlamazlar ama sonra ki y\u0131llarda bu ak\u015fam oldu\u011fu gibi geni\u015f kitleler b\u00f6yle bir araya gelir sizi rahmetle ve yapt\u0131\u011f\u0131n\u0131z icraatlar\u0131n\u0131zla anar\u201d dedi.<div class=\"tiled-gallery type-rectangular tiled-gallery-unresized\" data-original-width=\"500\" data-carousel-extra='null' itemscope itemtype=\"http:\/\/schema.org\/ImageGallery\" > <div class=\"gallery-row\" style=\"width: 500px; height: 252px;\" data-original-width=\"500\" data-original-height=\"252\" > <div class=\"gallery-group images-1\" style=\"width: 500px; height: 252px;\" data-original-width=\"500\" data-original-height=\"252\" > <div class=\"tiled-gallery-item tiled-gallery-item-large\" itemprop=\"associatedMedia\" itemscope itemtype=\"http:\/\/schema.org\/ImageObject\"> <a href=\"http:\/\/www.tvturk.com\/index.php\/neset-ertasi-anma-gecesinde-izdiham\/neset-ertasi-anma-gecesinde-izdiham-3\/\" border=\"0\" itemprop=\"url\"> <meta itemprop=\"width\" content=\"496\"> <meta itemprop=\"height\" content=\"248\"> <img decoding=\"async\" class=\"\" data-attachment-id=\"24612\" data-orig-file=\"http:\/\/www.tvturk.com\/wp-content\/uploads\/2019\/02\/neset-ertasi-anma-gecesinde-izdiham_201a5b8.jpg\" data-orig-size=\"1000,500\" data-comments-opened=\"\" data-image-meta=\"{&quot;aperture&quot;:&quot;0&quot;,&quot;credit&quot;:&quot;IHA&quot;,&quot;camera&quot;:&quot;&quot;,&quot;caption&quot;:&quot;NE\\u015eET ERTA\\u015e T\\u00dcRK\\u00dcLERLE ANILDI (BURAK T\\u00dcRKER\\\/BURSA-\\u0130HA)&quot;,&quot;created_timestamp&quot;:&quot;0&quot;,&quot;copyright&quot;:&quot;\\u0130HLAS HABER AJANSI, www.iha.com.tr&quot;,&quot;focal_length&quot;:&quot;0&quot;,&quot;iso&quot;:&quot;0&quot;,&quot;shutter_speed&quot;:&quot;0&quot;,&quot;title&quot;:&quot;NE\\u015eET ERTA\\u015e\\u0027I ANMA GECES\\u0130NDE \\u0130ZD\\u0130HAM&quot;,&quot;orientation&quot;:&quot;0&quot;}\" data-image-title=\"Ne\u015fet Erta\u015f\u2019\u0131 anma gecesinde izdiham\" data-image-description=\"&lt;p&gt;Ne\u015fet Erta\u015f\u2019\u0131 anma gecesinde izdiham&lt;\/p&gt; \" data-medium-file=\"https:\/\/i0.wp.com\/www.tvturk.com\/wp-content\/uploads\/2019\/02\/neset-ertasi-anma-gecesinde-izdiham_201a5b8.jpg?fit=300%2C150\" data-large-file=\"https:\/\/i0.wp.com\/www.tvturk.com\/wp-content\/uploads\/2019\/02\/neset-ertasi-anma-gecesinde-izdiham_201a5b8.jpg?fit=1000%2C500\" src=\"https:\/\/i0.wp.com\/www.tvturk.com\/wp-content\/uploads\/2019\/02\/neset-ertasi-anma-gecesinde-izdiham_201a5b8.jpg?w=496&#038;h=248\" srcset=\"https:\/\/i0.wp.com\/www.tvturk.com\/wp-content\/uploads\/2019\/02\/neset-ertasi-anma-gecesinde-izdiham_201a5b8.jpg?w=1000 1000w, https:\/\/i0.wp.com\/www.tvturk.com\/wp-content\/uploads\/2019\/02\/neset-ertasi-anma-gecesinde-izdiham_201a5b8.jpg?resize=150%2C75 150w, https:\/\/i0.wp.com\/www.tvturk.com\/wp-content\/uploads\/2019\/02\/neset-ertasi-anma-gecesinde-izdiham_201a5b8.jpg?resize=300%2C150 300w, https:\/\/i0.wp.com\/www.tvturk.com\/wp-content\/uploads\/2019\/02\/neset-ertasi-anma-gecesinde-izdiham_201a5b8.jpg?resize=768%2C384 768w\" width=\"496\" height=\"248\" loading=\"lazy\" data-original-width=\"496\" data-original-height=\"248\" itemprop=\"http:\/\/schema.org\/image\" title=\"Ne\u015fet Erta\u015f\u2019\u0131 anma gecesinde izdiham\" alt=\"Ne\u015fet Erta\u015f\u2019\u0131 anma gecesinde izdiham\" style=\"width: 496px; height: 248px;\" \/> <\/a> <\/div> <\/div> <!-- close group --> <\/div> <!-- close row --> <div class=\"gallery-row\" style=\"width: 500px; height: 152px;\" data-original-width=\"500\" data-original-height=\"152\" > <div class=\"gallery-group images-1\" style=\"width: 201px; height: 152px;\" data-original-width=\"201\" data-original-height=\"152\" > <div class=\"tiled-gallery-item tiled-gallery-item-small\" itemprop=\"associatedMedia\" itemscope itemtype=\"http:\/\/schema.org\/ImageObject\"> <a href=\"http:\/\/www.tvturk.com\/index.php\/neset-ertasi-anma-gecesinde-izdiham\/neset-ertasi-anma-gecesinde-izdiham-4\/\" border=\"0\" itemprop=\"url\"> <meta itemprop=\"width\" content=\"197\"> <meta itemprop=\"height\" content=\"148\"> <img decoding=\"async\" class=\"\" data-attachment-id=\"24613\" data-orig-file=\"http:\/\/www.tvturk.com\/wp-content\/uploads\/2019\/02\/neset-ertasi-anma-gecesinde-izdiham_4e127b9.jpg\" data-orig-size=\"1000,750\" data-comments-opened=\"\" data-image-meta=\"{&quot;aperture&quot;:&quot;0&quot;,&quot;credit&quot;:&quot;IHA&quot;,&quot;camera&quot;:&quot;&quot;,&quot;caption&quot;:&quot;NE\\u015eET ERTA\\u015e T\\u00dcRK\\u00dcLERLE ANILDI (BURAK T\\u00dcRKER\\\/BURSA-\\u0130HA)&quot;,&quot;created_timestamp&quot;:&quot;0&quot;,&quot;copyright&quot;:&quot;\\u0130HLAS HABER AJANSI, www.iha.com.tr&quot;,&quot;focal_length&quot;:&quot;0&quot;,&quot;iso&quot;:&quot;0&quot;,&quot;shutter_speed&quot;:&quot;0&quot;,&quot;title&quot;:&quot;NE\\u015eET ERTA\\u015e\\u0027I ANMA GECES\\u0130NDE \\u0130ZD\\u0130HAM&quot;,&quot;orientation&quot;:&quot;0&quot;}\" data-image-title=\"Ne\u015fet Erta\u015f\u2019\u0131 anma gecesinde izdiham\" data-image-description=\"&lt;p&gt;Ne\u015fet Erta\u015f\u2019\u0131 anma gecesinde izdiham&lt;\/p&gt; \" data-medium-file=\"https:\/\/i0.wp.com\/www.tvturk.com\/wp-content\/uploads\/2019\/02\/neset-ertasi-anma-gecesinde-izdiham_4e127b9.jpg?fit=300%2C225\" data-large-file=\"https:\/\/i0.wp.com\/www.tvturk.com\/wp-content\/uploads\/2019\/02\/neset-ertasi-anma-gecesinde-izdiham_4e127b9.jpg?fit=1000%2C750\" src=\"https:\/\/i0.wp.com\/www.tvturk.com\/wp-content\/uploads\/2019\/02\/neset-ertasi-anma-gecesinde-izdiham_4e127b9.jpg?w=197&#038;h=148\" srcset=\"https:\/\/i0.wp.com\/www.tvturk.com\/wp-content\/uploads\/2019\/02\/neset-ertasi-anma-gecesinde-izdiham_4e127b9.jpg?w=1000 1000w, https:\/\/i0.wp.com\/www.tvturk.com\/wp-content\/uploads\/2019\/02\/neset-ertasi-anma-gecesinde-izdiham_4e127b9.jpg?resize=150%2C113 150w, https:\/\/i0.wp.com\/www.tvturk.com\/wp-content\/uploads\/2019\/02\/neset-ertasi-anma-gecesinde-izdiham_4e127b9.jpg?resize=300%2C225 300w, https:\/\/i0.wp.com\/www.tvturk.com\/wp-content\/uploads\/2019\/02\/neset-ertasi-anma-gecesinde-izdiham_4e127b9.jpg?resize=768%2C576 768w\" width=\"197\" height=\"148\" loading=\"lazy\" data-original-width=\"197\" data-original-height=\"148\" itemprop=\"http:\/\/schema.org\/image\" title=\"Ne\u015fet Erta\u015f\u2019\u0131 anma gecesinde izdiham\" alt=\"Ne\u015fet Erta\u015f\u2019\u0131 anma gecesinde izdiham\" style=\"width: 197px; height: 148px;\" \/> <\/a> <\/div> <\/div> <!-- close group --> <div class=\"gallery-group images-1\" style=\"width: 299px; height: 152px;\" data-original-width=\"299\" data-original-height=\"152\" > <div class=\"tiled-gallery-item tiled-gallery-item-large\" itemprop=\"associatedMedia\" itemscope itemtype=\"http:\/\/schema.org\/ImageObject\"> <a href=\"http:\/\/www.tvturk.com\/index.php\/neset-ertasi-anma-gecesinde-izdiham\/neset-ertasi-anma-gecesinde-izdiham-5\/\" border=\"0\" itemprop=\"url\"> <meta itemprop=\"width\" content=\"295\"> <meta itemprop=\"height\" content=\"148\"> <img decoding=\"async\" class=\"\" data-attachment-id=\"24614\" data-orig-file=\"http:\/\/www.tvturk.com\/wp-content\/uploads\/2019\/02\/neset-ertasi-anma-gecesinde-izdiham_3af2923.jpg\" data-orig-size=\"1000,500\" data-comments-opened=\"\" data-image-meta=\"{&quot;aperture&quot;:&quot;0&quot;,&quot;credit&quot;:&quot;IHA&quot;,&quot;camera&quot;:&quot;&quot;,&quot;caption&quot;:&quot;NE\\u015eET ERTA\\u015e T\\u00dcRK\\u00dcLERLE ANILDI (BURAK T\\u00dcRKER\\\/BURSA-\\u0130HA)&quot;,&quot;created_timestamp&quot;:&quot;0&quot;,&quot;copyright&quot;:&quot;\\u0130HLAS HABER AJANSI, www.iha.com.tr&quot;,&quot;focal_length&quot;:&quot;0&quot;,&quot;iso&quot;:&quot;0&quot;,&quot;shutter_speed&quot;:&quot;0&quot;,&quot;title&quot;:&quot;NE\\u015eET ERTA\\u015e\\u0027I ANMA GECES\\u0130NDE \\u0130ZD\\u0130HAM&quot;,&quot;orientation&quot;:&quot;0&quot;}\" data-image-title=\"Ne\u015fet Erta\u015f\u2019\u0131 anma gecesinde izdiham\" data-image-description=\"&lt;p&gt;Ne\u015fet Erta\u015f\u2019\u0131 anma gecesinde izdiham&lt;\/p&gt; \" data-medium-file=\"https:\/\/i0.wp.com\/www.tvturk.com\/wp-content\/uploads\/2019\/02\/neset-ertasi-anma-gecesinde-izdiham_3af2923.jpg?fit=300%2C150\" data-large-file=\"https:\/\/i0.wp.com\/www.tvturk.com\/wp-content\/uploads\/2019\/02\/neset-ertasi-anma-gecesinde-izdiham_3af2923.jpg?fit=1000%2C500\" src=\"https:\/\/i0.wp.com\/www.tvturk.com\/wp-content\/uploads\/2019\/02\/neset-ertasi-anma-gecesinde-izdiham_3af2923.jpg?w=295&#038;h=148\" srcset=\"https:\/\/i0.wp.com\/www.tvturk.com\/wp-content\/uploads\/2019\/02\/neset-ertasi-anma-gecesinde-izdiham_3af2923.jpg?w=1000 1000w, https:\/\/i0.wp.com\/www.tvturk.com\/wp-content\/uploads\/2019\/02\/neset-ertasi-anma-gecesinde-izdiham_3af2923.jpg?resize=150%2C75 150w, https:\/\/i0.wp.com\/www.tvturk.com\/wp-content\/uploads\/2019\/02\/neset-ertasi-anma-gecesinde-izdiham_3af2923.jpg?resize=300%2C150 300w, https:\/\/i0.wp.com\/www.tvturk.com\/wp-content\/uploads\/2019\/02\/neset-ertasi-anma-gecesinde-izdiham_3af2923.jpg?resize=768%2C384 768w\" width=\"295\" height=\"148\" loading=\"lazy\" data-original-width=\"295\" data-original-height=\"148\" itemprop=\"http:\/\/schema.org\/image\" title=\"Ne\u015fet Erta\u015f\u2019\u0131 anma gecesinde izdiham\" alt=\"Ne\u015fet Erta\u015f\u2019\u0131 anma gecesinde izdiham\" style=\"width: 295px; height: 148px;\" \/> <\/a> <\/div> <\/div> <!-- close group --> <\/div> <!-- close row --> <div class=\"gallery-row\" style=\"width: 500px; height: 252px;\" data-original-width=\"500\" data-original-height=\"252\" > <div class=\"gallery-group images-1\" style=\"width: 500px; height: 252px;\" data-original-width=\"500\" data-original-height=\"252\" > <div class=\"tiled-gallery-item tiled-gallery-item-large\" itemprop=\"associatedMedia\" itemscope itemtype=\"http:\/\/schema.org\/ImageObject\"> <a href=\"http:\/\/www.tvturk.com\/index.php\/neset-ertasi-anma-gecesinde-izdiham\/neset-ertasi-anma-gecesinde-izdiham-6\/\" border=\"0\" itemprop=\"url\"> <meta itemprop=\"width\" content=\"496\"> <meta itemprop=\"height\" content=\"248\"> <img decoding=\"async\" class=\"\" data-attachment-id=\"24615\" data-orig-file=\"http:\/\/www.tvturk.com\/wp-content\/uploads\/2019\/02\/neset-ertasi-anma-gecesinde-izdiham_d761491.jpg\" data-orig-size=\"1000,500\" data-comments-opened=\"\" data-image-meta=\"{&quot;aperture&quot;:&quot;0&quot;,&quot;credit&quot;:&quot;IHA&quot;,&quot;camera&quot;:&quot;&quot;,&quot;caption&quot;:&quot;NE\\u015eET ERTA\\u015e T\\u00dcRK\\u00dcLERLE ANILDI (BURAK T\\u00dcRKER\\\/BURSA-\\u0130HA)&quot;,&quot;created_timestamp&quot;:&quot;0&quot;,&quot;copyright&quot;:&quot;\\u0130HLAS HABER AJANSI, www.iha.com.tr&quot;,&quot;focal_length&quot;:&quot;0&quot;,&quot;iso&quot;:&quot;0&quot;,&quot;shutter_speed&quot;:&quot;0&quot;,&quot;title&quot;:&quot;NE\\u015eET ERTA\\u015e\\u0027I ANMA GECES\\u0130NDE \\u0130ZD\\u0130HAM&quot;,&quot;orientation&quot;:&quot;0&quot;}\" data-image-title=\"Ne\u015fet Erta\u015f\u2019\u0131 anma gecesinde izdiham\" data-image-description=\"&lt;p&gt;Ne\u015fet Erta\u015f\u2019\u0131 anma gecesinde izdiham&lt;\/p&gt; \" data-medium-file=\"https:\/\/i0.wp.com\/www.tvturk.com\/wp-content\/uploads\/2019\/02\/neset-ertasi-anma-gecesinde-izdiham_d761491.jpg?fit=300%2C150\" data-large-file=\"https:\/\/i0.wp.com\/www.tvturk.com\/wp-content\/uploads\/2019\/02\/neset-ertasi-anma-gecesinde-izdiham_d761491.jpg?fit=1000%2C500\" src=\"https:\/\/i0.wp.com\/www.tvturk.com\/wp-content\/uploads\/2019\/02\/neset-ertasi-anma-gecesinde-izdiham_d761491.jpg?w=496&#038;h=248\" srcset=\"https:\/\/i0.wp.com\/www.tvturk.com\/wp-content\/uploads\/2019\/02\/neset-ertasi-anma-gecesinde-izdiham_d761491.jpg?w=1000 1000w, https:\/\/i0.wp.com\/www.tvturk.com\/wp-content\/uploads\/2019\/02\/neset-ertasi-anma-gecesinde-izdiham_d761491.jpg?resize=150%2C75 150w, https:\/\/i0.wp.com\/www.tvturk.com\/wp-content\/uploads\/2019\/02\/neset-ertasi-anma-gecesinde-izdiham_d761491.jpg?resize=300%2C150 300w, https:\/\/i0.wp.com\/www.tvturk.com\/wp-content\/uploads\/2019\/02\/neset-ertasi-anma-gecesinde-izdiham_d761491.jpg?resize=768%2C384 768w\" width=\"496\" height=\"248\" loading=\"lazy\" data-original-width=\"496\" data-original-height=\"248\" itemprop=\"http:\/\/schema.org\/image\" title=\"Ne\u015fet Erta\u015f\u2019\u0131 anma gecesinde izdiham\" alt=\"Ne\u015fet Erta\u015f\u2019\u0131 anma gecesinde izdiham\" style=\"width: 496px; height: 248px;\" \/> <\/a> <\/div> <\/div> <!-- close group --> <\/div> <!-- close row --> <div class=\"gallery-row\" style=\"width: 500px; height: 250px;\" data-original-width=\"500\" data-original-height=\"250\" > <div class=\"gallery-group images-1\" style=\"width: 373px; height: 250px;\" data-original-width=\"373\" data-original-height=\"250\" > <div class=\"tiled-gallery-item tiled-gallery-item-large\" itemprop=\"associatedMedia\" itemscope itemtype=\"http:\/\/schema.org\/ImageObject\"> <a href=\"http:\/\/www.tvturk.com\/index.php\/neset-ertasi-anma-gecesinde-izdiham\/neset-ertasi-anma-gecesinde-izdiham-7\/\" border=\"0\" itemprop=\"url\"> <meta itemprop=\"width\" content=\"369\"> <meta itemprop=\"height\" content=\"246\"> <img decoding=\"async\" class=\"\" data-attachment-id=\"24616\" data-orig-file=\"http:\/\/www.tvturk.com\/wp-content\/uploads\/2019\/02\/neset-ertasi-anma-gecesinde-izdiham_3cc0393.jpg\" data-orig-size=\"1000,666\" data-comments-opened=\"\" data-image-meta=\"{&quot;aperture&quot;:&quot;0&quot;,&quot;credit&quot;:&quot;IHA&quot;,&quot;camera&quot;:&quot;&quot;,&quot;caption&quot;:&quot;NE\\u015eET ERTA\\u015e T\\u00dcRK\\u00dcLERLE ANILDI (BURAK T\\u00dcRKER\\\/BURSA-\\u0130HA)&quot;,&quot;created_timestamp&quot;:&quot;0&quot;,&quot;copyright&quot;:&quot;\\u0130HLAS HABER AJANSI, www.iha.com.tr&quot;,&quot;focal_length&quot;:&quot;0&quot;,&quot;iso&quot;:&quot;0&quot;,&quot;shutter_speed&quot;:&quot;0&quot;,&quot;title&quot;:&quot;NE\\u015eET ERTA\\u015e\\u0027I ANMA GECES\\u0130NDE \\u0130ZD\\u0130HAM&quot;,&quot;orientation&quot;:&quot;0&quot;}\" data-image-title=\"Ne\u015fet Erta\u015f\u2019\u0131 anma gecesinde izdiham\" data-image-description=\"&lt;p&gt;Ne\u015fet Erta\u015f\u2019\u0131 anma gecesinde izdiham&lt;\/p&gt; \" data-medium-file=\"https:\/\/i0.wp.com\/www.tvturk.com\/wp-content\/uploads\/2019\/02\/neset-ertasi-anma-gecesinde-izdiham_3cc0393.jpg?fit=300%2C200\" data-large-file=\"https:\/\/i0.wp.com\/www.tvturk.com\/wp-content\/uploads\/2019\/02\/neset-ertasi-anma-gecesinde-izdiham_3cc0393.jpg?fit=1000%2C666\" src=\"https:\/\/i0.wp.com\/www.tvturk.com\/wp-content\/uploads\/2019\/02\/neset-ertasi-anma-gecesinde-izdiham_3cc0393.jpg?w=369&#038;h=246\" srcset=\"https:\/\/i0.wp.com\/www.tvturk.com\/wp-content\/uploads\/2019\/02\/neset-ertasi-anma-gecesinde-izdiham_3cc0393.jpg?w=1000 1000w, https:\/\/i0.wp.com\/www.tvturk.com\/wp-content\/uploads\/2019\/02\/neset-ertasi-anma-gecesinde-izdiham_3cc0393.jpg?resize=150%2C100 150w, https:\/\/i0.wp.com\/www.tvturk.com\/wp-content\/uploads\/2019\/02\/neset-ertasi-anma-gecesinde-izdiham_3cc0393.jpg?resize=300%2C200 300w, https:\/\/i0.wp.com\/www.tvturk.com\/wp-content\/uploads\/2019\/02\/neset-ertasi-anma-gecesinde-izdiham_3cc0393.jpg?resize=768%2C511 768w, https:\/\/i0.wp.com\/www.tvturk.com\/wp-content\/uploads\/2019\/02\/neset-ertasi-anma-gecesinde-izdiham_3cc0393.jpg?resize=170%2C113 170w, https:\/\/i0.wp.com\/www.tvturk.com\/wp-content\/uploads\/2019\/02\/neset-ertasi-anma-gecesinde-izdiham_3cc0393.jpg?resize=120%2C80 120w\" width=\"369\" height=\"246\" loading=\"lazy\" data-original-width=\"369\" data-original-height=\"246\" itemprop=\"http:\/\/schema.org\/image\" title=\"Ne\u015fet Erta\u015f\u2019\u0131 anma gecesinde izdiham\" alt=\"Ne\u015fet Erta\u015f\u2019\u0131 anma gecesinde izdiham\" style=\"width: 369px; height: 246px;\" \/> <\/a> <\/div> <\/div> <!-- close group --> <div class=\"gallery-group images-1\" style=\"width: 127px; height: 250px;\" data-original-width=\"127\" data-original-height=\"250\" > <div class=\"tiled-gallery-item tiled-gallery-item-small\" itemprop=\"associatedMedia\" itemscope itemtype=\"http:\/\/schema.org\/ImageObject\"> <a href=\"http:\/\/www.tvturk.com\/index.php\/neset-ertasi-anma-gecesinde-izdiham\/neset-ertasi-anma-gecesinde-izdiham-8\/\" border=\"0\" itemprop=\"url\"> <meta itemprop=\"width\" content=\"123\"> <meta itemprop=\"height\" content=\"246\"> <img decoding=\"async\" class=\"\" data-attachment-id=\"24617\" data-orig-file=\"http:\/\/www.tvturk.com\/wp-content\/uploads\/2019\/02\/neset-ertasi-anma-gecesinde-izdiham_ee6f2c3.jpg\" data-orig-size=\"500,1000\" data-comments-opened=\"\" data-image-meta=\"{&quot;aperture&quot;:&quot;0&quot;,&quot;credit&quot;:&quot;IHA&quot;,&quot;camera&quot;:&quot;&quot;,&quot;caption&quot;:&quot;NE\\u015eET ERTA\\u015e T\\u00dcRK\\u00dcLERLE ANILDI (BURAK T\\u00dcRKER\\\/BURSA-\\u0130HA)&quot;,&quot;created_timestamp&quot;:&quot;0&quot;,&quot;copyright&quot;:&quot;\\u0130HLAS HABER AJANSI, www.iha.com.tr&quot;,&quot;focal_length&quot;:&quot;0&quot;,&quot;iso&quot;:&quot;0&quot;,&quot;shutter_speed&quot;:&quot;0&quot;,&quot;title&quot;:&quot;NE\\u015eET ERTA\\u015e\\u0027I ANMA GECES\\u0130NDE \\u0130ZD\\u0130HAM&quot;,&quot;orientation&quot;:&quot;0&quot;}\" data-image-title=\"Ne\u015fet Erta\u015f\u2019\u0131 anma gecesinde izdiham\" data-image-description=\"&lt;p&gt;Ne\u015fet Erta\u015f\u2019\u0131 anma gecesinde izdiham&lt;\/p&gt; \" data-medium-file=\"https:\/\/i0.wp.com\/www.tvturk.com\/wp-content\/uploads\/2019\/02\/neset-ertasi-anma-gecesinde-izdiham_ee6f2c3.jpg?fit=150%2C300\" data-large-file=\"https:\/\/i0.wp.com\/www.tvturk.com\/wp-content\/uploads\/2019\/02\/neset-ertasi-anma-gecesinde-izdiham_ee6f2c3.jpg?fit=500%2C1000\" src=\"https:\/\/i0.wp.com\/www.tvturk.com\/wp-content\/uploads\/2019\/02\/neset-ertasi-anma-gecesinde-izdiham_ee6f2c3.jpg?w=123&#038;h=246\" srcset=\"https:\/\/i0.wp.com\/www.tvturk.com\/wp-content\/uploads\/2019\/02\/neset-ertasi-anma-gecesinde-izdiham_ee6f2c3.jpg?w=500 500w, https:\/\/i0.wp.com\/www.tvturk.com\/wp-content\/uploads\/2019\/02\/neset-ertasi-anma-gecesinde-izdiham_ee6f2c3.jpg?resize=75%2C150 75w, https:\/\/i0.wp.com\/www.tvturk.com\/wp-content\/uploads\/2019\/02\/neset-ertasi-anma-gecesinde-izdiham_ee6f2c3.jpg?resize=150%2C300 150w\" width=\"123\" height=\"246\" loading=\"lazy\" data-original-width=\"123\" data-original-height=\"246\" itemprop=\"http:\/\/schema.org\/image\" title=\"Ne\u015fet Erta\u015f\u2019\u0131 anma gecesinde izdiham\" alt=\"Ne\u015fet Erta\u015f\u2019\u0131 anma gecesinde izdiham\" style=\"width: 123px; height: 246px;\" \/> <\/a> <\/div> <\/div> <!-- close group --> <\/div> <!-- close row --> <\/div><\/p>\n","protected":false},"excerpt":{"rendered":"<p>NE\u015eET ERTA\u015e T\u00dcRK\u00dcLERLE ANILDI<\/p>\n","protected":false},"author":1,"featured_media":24611,"comment_status":"closed","ping_status":"open","sticky":false,"template":"","format":"standard","meta":{"jetpack_post_was_ever_published":false,"_jetpack_newsletter_access":"","_jetpack_dont_email_post_to_subs":false,"_jetpack_newsletter_tier_id":0,"_jetpack_memberships_contains_paywalled_content":false,"_jetpack_memberships_contains_paid_content":false,"footnotes":"","jetpack_publicize_message":"","jetpack_publicize_feature_enabled":true,"jetpack_social_post_already_shared":false,"jetpack_social_options":{"image_generator_settings":{"template":"highway","default_image_id":0,"font":"","enabled":false},"version":2}},"categories":[656],"tags":[10306,10305,10307,10308,9477],"class_list":["post-24610","post","type-post","status-publish","format-standard","has-post-thumbnail","hentry","category-kultur-sanat","tag-anma","tag-ertasi","tag-gecesinde","tag-izdiham","tag-neset"],"jetpack_publicize_connections":[],"jetpack_featured_media_url":"https:\/\/i0.wp.com\/www.tvturk.com\/wp-content\/uploads\/2019\/02\/neset-ertasi-anma-gecesinde-izdiham_b308c3b.jpg?fit=1000%2C666","jetpack_sharing_enabled":true,"jetpack_shortlink":"https:\/\/wp.me\/paKIfm-6oW","_links":{"self":[{"href":"http:\/\/www.tvturk.com\/index.php\/wp-json\/wp\/v2\/posts\/24610","targetHints":{"allow":["GET"]}}],"collection":[{"href":"http:\/\/www.tvturk.com\/index.php\/wp-json\/wp\/v2\/posts"}],"about":[{"href":"http:\/\/www.tvturk.com\/index.php\/wp-json\/wp\/v2\/types\/post"}],"author":[{"embeddable":true,"href":"http:\/\/www.tvturk.com\/index.php\/wp-json\/wp\/v2\/users\/1"}],"replies":[{"embeddable":true,"href":"http:\/\/www.tvturk.com\/index.php\/wp-json\/wp\/v2\/comments?post=24610"}],"version-history":[{"count":1,"href":"http:\/\/www.tvturk.com\/index.php\/wp-json\/wp\/v2\/posts\/24610\/revisions"}],"predecessor-version":[{"id":24618,"href":"http:\/\/www.tvturk.com\/index.php\/wp-json\/wp\/v2\/posts\/24610\/revisions\/24618"}],"wp:featuredmedia":[{"embeddable":true,"href":"http:\/\/www.tvturk.com\/index.php\/wp-json\/wp\/v2\/media\/24611"}],"wp:attachment":[{"href":"http:\/\/www.tvturk.com\/index.php\/wp-json\/wp\/v2\/media?parent=24610"}],"wp:term":[{"taxonomy":"category","embeddable":true,"href":"http:\/\/www.tvturk.com\/index.php\/wp-json\/wp\/v2\/categories?post=24610"},{"taxonomy":"post_tag","embeddable":true,"href":"http:\/\/www.tvturk.com\/index.php\/wp-json\/wp\/v2\/tags?post=24610"}],"curies":[{"name":"wp","href":"https:\/\/api.w.org\/{rel}","templated":true}]}}