{"id":246104,"date":"2019-12-23T09:32:14","date_gmt":"2019-12-23T06:32:14","guid":{"rendered":"http:\/\/www.tvturk.com\/index.php\/2-bin-500-rakimli-nemrut-daginda-kayak-sezonu-acildi\/"},"modified":"2019-12-23T09:32:14","modified_gmt":"2019-12-23T06:32:14","slug":"2-bin-500-rakimli-nemrut-daginda-kayak-sezonu-acildi","status":"publish","type":"post","link":"http:\/\/www.tvturk.com\/index.php\/2-bin-500-rakimli-nemrut-daginda-kayak-sezonu-acildi\/","title":{"rendered":"2 bin 500 rak\u0131ml\u0131 Nemrut Da\u011f\u0131\u2019nda kayak sezonu a\u00e7\u0131ld\u0131"},"content":{"rendered":"<p>Bitlis\u2019teki 2 bin 500 rak\u0131ml\u0131 Nemrut Da\u011f\u0131\u2019nda kayak sezonu a\u00e7\u0131l\u0131rken, kayak\u00e7\u0131lar antrenman yapmaya ba\u015flad\u0131.<\/p>\n<p>Aral\u0131k ay\u0131n\u0131n sonlar\u0131na yakla\u015ft\u0131\u011f\u0131m\u0131z bug\u00fcnlerde il merkezinde yazdan kalma g\u00fcnler ya\u015fan\u0131rken, kayak\u00e7\u0131lar antrenman yapmak i\u00e7in Nemrut Da\u011f\u0131\u2019na \u00e7\u0131k\u0131yor. Kar kal\u0131nl\u0131\u011f\u0131n\u0131n yer yer yar\u0131m metreyi buldu\u011fu b\u00f6lgede antrenman yapan kayak\u00e7\u0131lar, yar\u0131\u015fmalarda Bitlis\u2019i en iyi \u015fekilde temsil etmeyi hedefliyor.<\/p>\n<p>Kuzey Disiplini Kayak Antren\u00f6r\u00fc Sedat Doymaz, T\u00fcrkiye Kayak Federasyonu\u2019nun (TKF) 2019 &#8211; 2020 y\u0131l\u0131 faaliyet program\u0131nda yer alan kayak yar\u0131\u015fmalar\u0131na haz\u0131rland\u0131klar\u0131n\u0131 s\u00f6yledi. Bar\u0131\u015f Oduncu adl\u0131 sporcunun bu y\u0131l \u0130svi\u00e7re\u2019de T\u00fcrkiye\u2019yi ve Bitlis\u2019i temsil edece\u011fini ifade eden Doymaz, \u201cBu y\u0131l 9-12 Ocak\u2019ta \u0130svi\u00e7re\u2019de yap\u0131lacak olan Biatlon Gen\u00e7ler Olimpiyat\u0131\u2019nda sporcumuz Bar\u0131\u015f Oduncu \u00fclkemizi ve ilimizi temsil edecek. Ayn\u0131 \u015fekilde \u015fu anda Erzurum\u2019da kamp\u0131 devam eden \u00fc\u00e7 kayak\u00e7\u0131m\u0131z var. Bu sporcular\u0131m\u0131z Balkan \u015eampiyonas\u0131\u2019nda ilimizi ve \u00fclkemizi temsil edecekler. Ge\u00e7en y\u0131l da antrenmanlar\u0131m\u0131z\u0131n ba\u015flang\u0131c\u0131n\u0131 Nemrut\u2019ta yapm\u0131\u015ft\u0131k. Yakla\u015f\u0131k 40-50 sporcu ile start verdik. Yakla\u015f\u0131k 20 g\u00fcnd\u00fcr \u00e7al\u0131\u015fmalar\u0131m\u0131za ba\u015flad\u0131k. Her y\u0131l oldu\u011fu gibi maalesef il merkezinde kar olmad\u0131\u011f\u0131ndan dolay\u0131 Nemrut\u2019ta \u00e7al\u0131\u015fmalar\u0131m\u0131z\u0131 yap\u0131yoruz. Bu y\u0131l da buradaki kar bizim antrenman yapmam\u0131z i\u00e7in yeterli bir durumda. T\u00fcm h\u0131z\u0131m\u0131zla \u00e7al\u0131\u015fmalar\u0131m\u0131z\u0131 s\u00fcrd\u00fcr\u00fcyoruz. S\u00fcrekli artan sporcu say\u0131m\u0131zla \u00e7al\u0131\u015f\u0131yoruz. Okul \u00e7\u0131k\u0131\u015f\u0131 sporcular\u0131m\u0131z\u0131n bir\u00e7o\u011fu kurslara kal\u0131yor. Bu y\u00fczden \u00e7al\u0131\u015fma zaman\u0131m\u0131z azal\u0131yor ve hafta sonu yine tekrar ediyoruz. Ben tek tek evlere gidip velilerle g\u00f6r\u00fc\u015f\u00fcyorum. Sporcular\u0131m\u0131z\u0131 antrenmanlara getirmek i\u00e7in m\u00fccadele ediyorum. Bununla ilgili milli e\u011fitim ve Gen\u00e7lik ve Spor Hizmetleri Genel M\u00fcd\u00fcrl\u00fc\u011f\u00fc bir \u00e7al\u0131\u015fma yaparsa g\u00fczel olur. Her ge\u00e7en y\u0131l kurslardan dolay\u0131 sporcular\u0131m\u0131z azal\u0131yor. Biz sporu sadece ba\u015far\u0131 ve derece i\u00e7in yapm\u0131yoruz. \u00c7ocuklar\u0131m\u0131z\u0131n gelece\u011fi i\u00e7in ve k\u00f6t\u00fc al\u0131\u015fkanl\u0131klardan korumak i\u00e7in yap\u0131yoruz. Biz hangi \u00e7ocu\u011fumuzu kurtar\u0131rsak bizim i\u00e7in \u00e7ok \u00f6nemlidir. \u0130n\u015fallah ge\u00e7en y\u0131l oldu\u011fu gibi bu y\u0131l da ba\u015far\u0131 elde edece\u011fiz\u201d diye konu\u015ftu.<\/p>\n","protected":false},"excerpt":{"rendered":"<p>B\u0130TL\u0130S\u2019TEK\u0130 2 B\u0130N 500 RAKIMLI NEMRUT DA\u011eI\u2019NDA KAYAK SEZONU A\u00c7ILIRKEN, KAYAK\u00c7ILAR ANTRENMAN YAPMAYA BA\u015eLADI.<\/p>\n","protected":false},"author":1,"featured_media":246105,"comment_status":"closed","ping_status":"open","sticky":false,"template":"","format":"standard","meta":{"jetpack_post_was_ever_published":false,"_jetpack_newsletter_access":"","_jetpack_dont_email_post_to_subs":false,"_jetpack_newsletter_tier_id":0,"_jetpack_memberships_contains_paywalled_content":false,"_jetpack_memberships_contains_paid_content":false,"footnotes":"","jetpack_publicize_message":"","jetpack_publicize_feature_enabled":true,"jetpack_social_post_already_shared":true,"jetpack_social_options":{"image_generator_settings":{"template":"highway","default_image_id":0,"font":"","enabled":false},"version":2}},"categories":[657],"tags":[565,288,213,3844,728,10989,18866,6296],"class_list":["post-246104","post","type-post","status-publish","format-standard","has-post-thumbnail","hentry","category-spor","tag-565","tag-acildi","tag-bin","tag-daginda","tag-kayak","tag-nemrut","tag-rakimli","tag-sezonu"],"jetpack_publicize_connections":[],"jetpack_featured_media_url":"https:\/\/i0.wp.com\/www.tvturk.com\/wp-content\/uploads\/2019\/12\/2-bin-500-rakimli-nemrut-daginda-kayak-sezonu-acildi_a540cbc.jpg?fit=1000%2C597","jetpack_sharing_enabled":true,"jetpack_shortlink":"https:\/\/wp.me\/paKIfm-121q","_links":{"self":[{"href":"http:\/\/www.tvturk.com\/index.php\/wp-json\/wp\/v2\/posts\/246104","targetHints":{"allow":["GET"]}}],"collection":[{"href":"http:\/\/www.tvturk.com\/index.php\/wp-json\/wp\/v2\/posts"}],"about":[{"href":"http:\/\/www.tvturk.com\/index.php\/wp-json\/wp\/v2\/types\/post"}],"author":[{"embeddable":true,"href":"http:\/\/www.tvturk.com\/index.php\/wp-json\/wp\/v2\/users\/1"}],"replies":[{"embeddable":true,"href":"http:\/\/www.tvturk.com\/index.php\/wp-json\/wp\/v2\/comments?post=246104"}],"version-history":[{"count":0,"href":"http:\/\/www.tvturk.com\/index.php\/wp-json\/wp\/v2\/posts\/246104\/revisions"}],"wp:featuredmedia":[{"embeddable":true,"href":"http:\/\/www.tvturk.com\/index.php\/wp-json\/wp\/v2\/media\/246105"}],"wp:attachment":[{"href":"http:\/\/www.tvturk.com\/index.php\/wp-json\/wp\/v2\/media?parent=246104"}],"wp:term":[{"taxonomy":"category","embeddable":true,"href":"http:\/\/www.tvturk.com\/index.php\/wp-json\/wp\/v2\/categories?post=246104"},{"taxonomy":"post_tag","embeddable":true,"href":"http:\/\/www.tvturk.com\/index.php\/wp-json\/wp\/v2\/tags?post=246104"}],"curies":[{"name":"wp","href":"https:\/\/api.w.org\/{rel}","templated":true}]}}