{"id":246124,"date":"2019-12-23T09:47:10","date_gmt":"2019-12-23T06:47:10","guid":{"rendered":"http:\/\/www.tvturk.com\/index.php\/yeni-malatyaspor-basin-sozcusu-celikel-biz-teknik-heyetimize-ve-takimimiza-her-zaman-guvendik\/"},"modified":"2019-12-23T09:47:10","modified_gmt":"2019-12-23T06:47:10","slug":"yeni-malatyaspor-basin-sozcusu-celikel-biz-teknik-heyetimize-ve-takimimiza-her-zaman-guvendik","status":"publish","type":"post","link":"http:\/\/www.tvturk.com\/index.php\/yeni-malatyaspor-basin-sozcusu-celikel-biz-teknik-heyetimize-ve-takimimiza-her-zaman-guvendik\/","title":{"rendered":"Yeni Malatyaspor Bas\u0131n S\u00f6zc\u00fcs\u00fc \u00c7elikel: &#8220;Biz teknik heyetimize ve tak\u0131m\u0131m\u0131za her zaman g\u00fcvendik&#8221;"},"content":{"rendered":"<p>Yeni Malatyaspor Bas\u0131n S\u00f6zc\u00fcs\u00fc Hakk\u0131 \u00c7elikel, sahalar\u0131nda \u00c7. Rizespor\u2019a kar\u015f\u0131 beklemedikleri bir yenilgi ald\u0131klar\u0131n\u0131 belirterek, &#8220;Be\u015fikta\u015f galibiyetinden sonra bu ma\u011flubiyet bizi \u00e7ok \u00fczd\u00fc. A\u00e7\u0131k konu\u015fay\u0131m bu yenilgiyi beklemiyorduk. Biz her zaman teknik heyetimimize ve tak\u0131m\u0131m\u0131za g\u00fcvendik. Onlar\u0131n bu durumu telafi etmek ad\u0131na ellerinden geleni yapacaklar\u0131na hi\u00e7 \u015f\u00fcphemiz yok&#8221; dedi.<\/p>\n<p>\u00c7elikel, bas\u0131n mensuplar\u0131na yapt\u0131\u011f\u0131 a\u00e7\u0131klamada, S\u00fcper Lig\u2019in 16. haftas\u0131nda \u00c7. Rizespor kar\u015f\u0131nda taraftarlar\u0131 \u00f6n\u00fcnde \u015fok bir yenilgi ald\u0131klar\u0131n\u0131 ifade etti. Kar\u015f\u0131la\u015fmada sahaya yans\u0131t\u0131lan futbolun kendilerine yak\u0131\u015fmad\u0131\u011f\u0131n\u0131 dile getiren \u00c7elikel, \u015f\u00f6yle devam etti:<\/p>\n<p>&#8220;\u00d6ncelikle futbolcumuz Mina\u2019n\u0131n o\u011flu Darius\u2019a acil \u015fifalar diliyorum. Bu olay bizi \u00e7ok etkiledi ger\u00e7ekten. \u0130nsan hayat\u0131 her \u015feyden daha \u00f6nemli. Ekvador\u2019dan alaca\u011f\u0131m\u0131z g\u00fczel bir haber bize tarifsiz bir mutluluk ya\u015fayacakt\u0131r. M\u00fcsabakaya gelecek olursak, bize yak\u0131\u015fmayacak bir oyun sergiledik. Saham\u0131zda bu kadar kolay puan kaybetmemeliyiz. Be\u015fikta\u015f galibiyetinden sonra bu ma\u011flubiyet bizi \u00e7ok \u00fczd\u00fc. A\u00e7\u0131k konu\u015fay\u0131m bu yenilgiyi beklemiyorduk.\u201d<\/p>\n<p>&#8220;Kalan son ma\u00e7\u0131m\u0131z\u0131 kazanmak istiyoruz&#8221;<\/p>\n<p>\u00c7elikel, devre aras\u0131na galibiyetle girmek istediklerini vurgulayarak, \u201cLigin ilk yar\u0131 i\u00e7in art\u0131k son 1 hafta. Deplasmanda Gaziantep ile kar\u015f\u0131la\u015faca\u011f\u0131z. Bu ma\u00e7\u0131 kazan\u0131p devre aras\u0131na moralli girmek istiyoruz. Bu anlamda Gaziantep ma\u00e7\u0131 olduk\u00e7a \u00f6nemli. M\u00fcsabakaya bu bilin\u00e7le haz\u0131rlan\u0131p \u00c7. Rizespor ma\u00e7\u0131n\u0131 unutmam\u0131z laz\u0131m. Biz her zaman teknik heyetimimize ve tak\u0131m\u0131m\u0131za g\u00fcvendik. Onlar\u0131n bu durumu telafi etmek ad\u0131na ellerinden geleni yapacaklar\u0131na hi\u00e7 \u015f\u00fcphemiz yok. \u0130n\u015fallah ilk yar\u0131n\u0131n son ma\u00e7\u0131nda galip gelerek devre aras\u0131na moralli girmek istiyoruz&#8221; diye konu\u015ftu.<\/p>\n","protected":false},"excerpt":{"rendered":"<p>BASIN S\u00d6ZC\u00dcS\u00dc HAKKI \u00c7EL\u0130KEL (SA\u011eDAK\u0130) &#8220;B\u0130Z TEKN\u0130K HEYET\u0130M\u0130ZE VE TAKIMIMIZA HER ZAMAN G\u00dcVEND\u0130K&#8221; DED\u0130.<\/p>\n","protected":false},"author":1,"featured_media":246125,"comment_status":"closed","ping_status":"open","sticky":false,"template":"","format":"standard","meta":{"jetpack_post_was_ever_published":false,"_jetpack_newsletter_access":"","_jetpack_dont_email_post_to_subs":false,"_jetpack_newsletter_tier_id":0,"_jetpack_memberships_contains_paywalled_content":false,"_jetpack_memberships_contains_paid_content":false,"footnotes":"","jetpack_publicize_message":"","jetpack_publicize_feature_enabled":true,"jetpack_social_post_already_shared":true,"jetpack_social_options":{"image_generator_settings":{"template":"highway","default_image_id":0,"font":"","enabled":false},"version":2}},"categories":[657],"tags":[948,1322,50018,61207,73,61206,528,14490,50703,2082,87,74],"class_list":["post-246124","post","type-post","status-publish","format-standard","has-post-thumbnail","hentry","category-spor","tag-basin","tag-biz","tag-celikel","tag-guvendik","tag-her","tag-heyetimize","tag-malatyaspor","tag-sozcusu","tag-takimimiza","tag-teknik","tag-yeni","tag-zaman"],"jetpack_publicize_connections":[],"jetpack_featured_media_url":"https:\/\/i0.wp.com\/www.tvturk.com\/wp-content\/uploads\/2019\/12\/yeni-malatyaspor-basin-sozcusu-celikel-biz-teknik-heyetimize-ve-takimimiza-her-zaman-guvendik_a74b50b.jpg?fit=740%2C418","jetpack_sharing_enabled":true,"jetpack_shortlink":"https:\/\/wp.me\/paKIfm-121K","_links":{"self":[{"href":"http:\/\/www.tvturk.com\/index.php\/wp-json\/wp\/v2\/posts\/246124","targetHints":{"allow":["GET"]}}],"collection":[{"href":"http:\/\/www.tvturk.com\/index.php\/wp-json\/wp\/v2\/posts"}],"about":[{"href":"http:\/\/www.tvturk.com\/index.php\/wp-json\/wp\/v2\/types\/post"}],"author":[{"embeddable":true,"href":"http:\/\/www.tvturk.com\/index.php\/wp-json\/wp\/v2\/users\/1"}],"replies":[{"embeddable":true,"href":"http:\/\/www.tvturk.com\/index.php\/wp-json\/wp\/v2\/comments?post=246124"}],"version-history":[{"count":0,"href":"http:\/\/www.tvturk.com\/index.php\/wp-json\/wp\/v2\/posts\/246124\/revisions"}],"wp:featuredmedia":[{"embeddable":true,"href":"http:\/\/www.tvturk.com\/index.php\/wp-json\/wp\/v2\/media\/246125"}],"wp:attachment":[{"href":"http:\/\/www.tvturk.com\/index.php\/wp-json\/wp\/v2\/media?parent=246124"}],"wp:term":[{"taxonomy":"category","embeddable":true,"href":"http:\/\/www.tvturk.com\/index.php\/wp-json\/wp\/v2\/categories?post=246124"},{"taxonomy":"post_tag","embeddable":true,"href":"http:\/\/www.tvturk.com\/index.php\/wp-json\/wp\/v2\/tags?post=246124"}],"curies":[{"name":"wp","href":"https:\/\/api.w.org\/{rel}","templated":true}]}}