{"id":246128,"date":"2019-12-23T10:01:44","date_gmt":"2019-12-23T07:01:44","guid":{"rendered":"http:\/\/www.tvturk.com\/index.php\/japonya-cin-ve-guney-koreden-serbest-ticaret-karari\/"},"modified":"2019-12-23T10:01:44","modified_gmt":"2019-12-23T07:01:44","slug":"japonya-cin-ve-guney-koreden-serbest-ticaret-karari","status":"publish","type":"post","link":"http:\/\/www.tvturk.com\/index.php\/japonya-cin-ve-guney-koreden-serbest-ticaret-karari\/","title":{"rendered":"Japonya, \u00c7in ve G\u00fcney Kore\u2019den serbest ticaret karar\u0131"},"content":{"rendered":"<p>Japonya, \u00c7in ve G\u00fcney Kore B\u00f6lgesel Kapsaml\u0131 Ekonomik Ortakl\u0131k Anla\u015fmas\u0131 (RCEP) da dahil olmak \u00fczere serbest ticaret g\u00f6r\u00fc\u015fmelerini h\u0131zland\u0131rma konusunda anla\u015ft\u0131.<\/p>\n<p>Japonya Ticaret Bakan\u0131 Hiroshi Kajiyama, \u00c7in Ticaret Bakan\u0131 Zhong Shan ve G\u00fcney Kore Ticaret Bakan\u0131 Sung Yun-mo, d\u00fcn Pekin\u2019de \u00fclkeler aras\u0131 ticaret m\u00fczakereleri kapsam\u0131nda bir araya geldi. Zhong Shan, \u00fc\u00e7 \u00fclkenin, b\u00f6lgesel bar\u0131\u015f ve istikrar\u0131 g\u00fcvence alt\u0131na almas\u0131, yava\u015flayan d\u00fcnya ekonomisi ve artan korumac\u0131l\u0131k kar\u015f\u0131s\u0131nda k\u00fcresel ekonomik b\u00fcy\u00fcmeyi desteklemesi gerekti\u011fini s\u00f6yledi.<\/p>\n<p>\u00dc\u00e7 \u00fclkenin ticaret bakanlar\u0131, daha sonra toplant\u0131da al\u0131nan kararlar\u0131 i\u00e7eren ortak bir a\u00e7\u0131klama yapt\u0131. M\u00fczakereleri sonu\u00e7land\u0131rmak ve gelecek y\u0131l sonuna kadar, 16 Asya-Pasifik \u00fclkesini i\u00e7eren RCEP\u2019i imzalamak i\u00e7in i\u015f birli\u011fi yapacaklar\u0131n\u0131 beyan eden liderler, planlanan \u00fc\u00e7l\u00fc serbest ticaret anla\u015fmas\u0131yla ilgili m\u00fczakereleri h\u0131zland\u0131rma konusunda da mutab\u0131k kald\u0131.<\/p>\n","protected":false},"excerpt":{"rendered":"<p>\u00c7\u0130N T\u0130CARET BAKANI ZHONG SHAN, G\u00dcNEY KORE T\u0130CARET BAKANI SUNG YUN-MO,JAPONYA T\u0130CARET BAKANI H\u0130ROSH\u0130 KAJ\u0130YAMA<\/p>\n","protected":false},"author":1,"featured_media":246129,"comment_status":"closed","ping_status":"open","sticky":false,"template":"","format":"standard","meta":{"jetpack_post_was_ever_published":false,"_jetpack_newsletter_access":"","_jetpack_dont_email_post_to_subs":false,"_jetpack_newsletter_tier_id":0,"_jetpack_memberships_contains_paywalled_content":false,"_jetpack_memberships_contains_paid_content":false,"footnotes":"","jetpack_publicize_message":"","jetpack_publicize_feature_enabled":true,"jetpack_social_post_already_shared":true,"jetpack_social_options":{"image_generator_settings":{"template":"highway","default_image_id":0,"font":"","enabled":false},"version":2}},"categories":[10],"tags":[4733,9258,665,2832,41123,594,373],"class_list":["post-246128","post","type-post","status-publish","format-standard","has-post-thumbnail","hentry","category-dunya","tag-cin","tag-guney","tag-japonya","tag-karari","tag-koreden","tag-serbest","tag-ticaret"],"jetpack_publicize_connections":[],"jetpack_featured_media_url":"https:\/\/i0.wp.com\/www.tvturk.com\/wp-content\/uploads\/2019\/12\/japonya-cin-ve-guney-koreden-serbest-ticaret-karari_30b6420.jpg?fit=920%2C577","jetpack_sharing_enabled":true,"jetpack_shortlink":"https:\/\/wp.me\/paKIfm-121O","_links":{"self":[{"href":"http:\/\/www.tvturk.com\/index.php\/wp-json\/wp\/v2\/posts\/246128","targetHints":{"allow":["GET"]}}],"collection":[{"href":"http:\/\/www.tvturk.com\/index.php\/wp-json\/wp\/v2\/posts"}],"about":[{"href":"http:\/\/www.tvturk.com\/index.php\/wp-json\/wp\/v2\/types\/post"}],"author":[{"embeddable":true,"href":"http:\/\/www.tvturk.com\/index.php\/wp-json\/wp\/v2\/users\/1"}],"replies":[{"embeddable":true,"href":"http:\/\/www.tvturk.com\/index.php\/wp-json\/wp\/v2\/comments?post=246128"}],"version-history":[{"count":0,"href":"http:\/\/www.tvturk.com\/index.php\/wp-json\/wp\/v2\/posts\/246128\/revisions"}],"wp:featuredmedia":[{"embeddable":true,"href":"http:\/\/www.tvturk.com\/index.php\/wp-json\/wp\/v2\/media\/246129"}],"wp:attachment":[{"href":"http:\/\/www.tvturk.com\/index.php\/wp-json\/wp\/v2\/media?parent=246128"}],"wp:term":[{"taxonomy":"category","embeddable":true,"href":"http:\/\/www.tvturk.com\/index.php\/wp-json\/wp\/v2\/categories?post=246128"},{"taxonomy":"post_tag","embeddable":true,"href":"http:\/\/www.tvturk.com\/index.php\/wp-json\/wp\/v2\/tags?post=246128"}],"curies":[{"name":"wp","href":"https:\/\/api.w.org\/{rel}","templated":true}]}}