{"id":246184,"date":"2019-12-23T10:46:37","date_gmt":"2019-12-23T07:46:37","guid":{"rendered":"http:\/\/www.tvturk.com\/index.php\/yasam-koclari-tibbi-tedavi-ve-psikolojik-terapi-yapamaz\/"},"modified":"2019-12-23T10:46:37","modified_gmt":"2019-12-23T07:46:37","slug":"yasam-koclari-tibbi-tedavi-ve-psikolojik-terapi-yapamaz","status":"publish","type":"post","link":"http:\/\/www.tvturk.com\/index.php\/yasam-koclari-tibbi-tedavi-ve-psikolojik-terapi-yapamaz\/","title":{"rendered":"\u201cYa\u015fam ko\u00e7lar\u0131 t\u0131bbi tedavi ve psikolojik terapi yapamaz\u201d"},"content":{"rendered":"<p>Kad\u0131k\u00f6y\u2019de bir ya\u015fam ko\u00e7unun 9 ya\u015f\u0131ndaki otizmli \u00e7ocu\u011fu darp etti\u011fi g\u00f6r\u00fcnt\u00fcler kamuoyunda b\u00fcy\u00fck tepki toplad\u0131. Uzmanlar ya\u015fam ko\u00e7lar\u0131n\u0131n t\u0131bbi tedavi ve psikolojik terapi yapamayaca\u011f\u0131n\u0131 belirtirken ebeveynleri ko\u00e7 se\u00e7iminde dikkatli olmaya \u00e7a\u011f\u0131rd\u0131.<\/p>\n<p>\u0130stanbul Kad\u0131k\u00f6y\u2019de 30 May\u0131s 2018 tarihinde bir spor salonunda ya\u015fam ko\u00e7u taraf\u0131ndan \u015fiddet g\u00f6ren 9 ya\u015f\u0131ndaki otizmli \u00e7ocu\u011fun g\u00f6r\u00fcnt\u00fclerinin ortaya \u00e7\u0131kmas\u0131yla yeni bir tart\u0131\u015fma ba\u015flad\u0131. Ya\u015fam ko\u00e7u olabilmek i\u00e7in baz\u0131 yeterliliklerin ve ICF (Uluslararas\u0131 Ko\u00e7luk Federasyonu) gibi ulusal ve uluslararas\u0131 kurulu\u015flardan akredite olunmas\u0131 gerekti\u011fini belirten Profesyonel Sertifikal\u0131 Ko\u00e7 (PCC) Fatih Elibol, \u201c\u00d6ncelikle ya\u015fam ko\u00e7lar\u0131 herhangi bir tedavi i\u00e7in ba\u015fvurulmas\u0131 gereken ki\u015filer de\u011fildir. Sizi yarg\u0131layan, ele\u015ftiren, zorlayan ve ne yapaca\u011f\u0131n\u0131z\u0131 s\u00f6yleyen ki\u015filer de de\u011fildir. Ko\u00e7lar sa\u011fl\u0131\u011f\u0131n\u0131z\u0131 d\u00fczeltmek i\u00e7in re\u00e7ete yazabilecek doktorlar ya da psikolojik destek alabilece\u011finiz psikologlar de\u011fildir. Ya\u015fam ko\u00e7lar\u0131 hedeflerinize do\u011fru ilerlerken size destek olan, ba\u015far\u0131 elde etmenizi sa\u011flayan ve sorular\u0131n\u0131z\u0131n cevab\u0131n\u0131 bulman\u0131zda yard\u0131mc\u0131 olan ki\u015filerdir\u201d ifadelerini kulland\u0131.<\/p>\n<p>\u201cYa\u015fanan olaylar son derece \u00fcz\u00fcnt\u00fc verici\u201d<\/p>\n<p>Kad\u0131k\u00f6y\u2019de ya\u015fanan olayla ilgili de\u011ferlendirmelerde bulunan Fatih Elibol, \u201cOlay\u0131n vahameti bir yana, kendini ya\u015fam ko\u00e7u olarak adland\u0131ran biri taraf\u0131ndan bu olay\u0131n ger\u00e7ekle\u015ftirilmesi bizi son derece \u00fczd\u00fc. Ya\u015fananlar  kabul edilemez ve ICF etik de\u011fer ve kuraklar\u0131m\u0131za tamamen ayk\u0131r\u0131d\u0131r. Ko\u00e7lu\u011fun amac\u0131ndan sapt\u0131r\u0131lmas\u0131 ve itibars\u0131zla\u015ft\u0131r\u0131lmas\u0131na kar\u015f\u0131 elimizi ta\u015f\u0131n alt\u0131na koyarak insanlar\u0131 bilin\u00e7lendirmeye \u00e7al\u0131\u015f\u0131yoruz. Ko\u00e7lar\u0131n insanlar\u0131n potansiyelini en verimli \u015fekilde y\u00f6netme konusunda destek olabilece\u011fini, herhangi bir \u015fekilde t\u0131bbi tedavi ve psikolojik terapi yapamayaca\u011f\u0131n\u0131 bilmemiz gerekiyor. Bunlar ko\u00e7lar\u0131n g\u00f6revleri de\u011fildir. Profesyonel ko\u00e7luk ser\u00fcvenimde T\u00fcrkiye ve d\u00fcnyadan y\u00fczlerce \u015firket y\u00f6neticisi, CEO, akt\u00f6r, sporcu ve s\u0131radan insanlara destek verdim. Ayr\u0131ca T\u00fcrkiye\u2019nin bir\u00e7ok b\u00f6lgesinde ICF \u00e7at\u0131s\u0131 alt\u0131nda ko\u00e7 olmak isteyen adaylara e\u011fitim ve sertifika programlar\u0131 uygulad\u0131m. Hepsinde de tecr\u00fcbe etti\u011fim \u00fczere ko\u00e7, ba\u015farmak istedi\u011finiz konular\u0131 belirleme, netle\u015ftirme ve onlarla uyum i\u00e7inde olman\u0131zda, kendinizi ke\u015ffetmeniz i\u00e7in te\u015fvik etmede, \u00e7\u00f6z\u00fcm ve stratejileri geli\u015ftirmenizi sa\u011flamada, sizi sorumlu tutmada rol al\u0131r. Ko\u00e7 size ne yapaca\u011f\u0131n\u0131z\u0131 s\u00f6yleyen de\u011fil bulduran ki\u015fidir\u201d \u015feklinde konu\u015ftu.<\/p>\n<p>\u201cDestek ald\u0131\u011f\u0131n\u0131z ki\u015finin ger\u00e7ek bir ko\u00e7 oldu\u011fundan emin olun\u201d<\/p>\n<p>Ko\u00e7lardan destek almak isteyen, \u00f6zellikle de ebeveynlerin ko\u00e7luk s\u00fcreci ve uzmanl\u0131k alanlar\u0131 hakk\u0131nda bilgi sahibi olmas\u0131 gerekti\u011fini belirten Fatih Elibol, \u201cKo\u00e7 se\u00e7imi yap\u0131l\u0131rken ko\u00e7un tecr\u00fcbesi, \u00f6zellikleri, \u00fcnvan\u0131 ve e\u011fitimi hakk\u0131nda detayl\u0131 bilgi edinin. Uluslararas\u0131 meslek kriterlerine uygun e\u011fitim programlar\u0131na dahil olmu\u015f, ko\u00e7luk yetkinliklerini e\u011fitimlerle s\u00fcrekli geli\u015ftirmi\u015f, mesle\u011fini etik kurallara uygun \u015fekilde yerine getiren, profesyonel kurulu\u015flardan e\u011fitim alm\u0131\u015f ki\u015filerin tercih edilmesi b\u00fcy\u00fck \u00f6nem ta\u015f\u0131yor\u201d dedi.<\/p>\n","protected":false},"excerpt":{"rendered":"<p>FAT\u0130H EL\u0130BOL<\/p>\n","protected":false},"author":1,"featured_media":246185,"comment_status":"closed","ping_status":"open","sticky":false,"template":"","format":"standard","meta":{"jetpack_post_was_ever_published":false,"_jetpack_newsletter_access":"","_jetpack_dont_email_post_to_subs":false,"_jetpack_newsletter_tier_id":0,"_jetpack_memberships_contains_paywalled_content":false,"_jetpack_memberships_contains_paid_content":false,"footnotes":"","jetpack_publicize_message":"","jetpack_publicize_feature_enabled":true,"jetpack_social_post_already_shared":true,"jetpack_social_options":{"image_generator_settings":{"template":"highway","default_image_id":0,"font":"","enabled":false},"version":2}},"categories":[1],"tags":[61219,2157,144,11229,3711,18214,294],"class_list":["post-246184","post","type-post","status-publish","format-standard","has-post-thumbnail","hentry","category-genel","tag-koclari","tag-psikolojik","tag-tedavi","tag-terapi","tag-tibbi","tag-yapamaz","tag-yasam"],"jetpack_publicize_connections":[],"jetpack_featured_media_url":"https:\/\/i0.wp.com\/www.tvturk.com\/wp-content\/uploads\/2019\/12\/yasam-koclari-tibbi-tedavi-ve-psikolojik-terapi-yapamaz_5b73a8d.jpg?fit=996%2C1000","jetpack_sharing_enabled":true,"jetpack_shortlink":"https:\/\/wp.me\/paKIfm-122I","_links":{"self":[{"href":"http:\/\/www.tvturk.com\/index.php\/wp-json\/wp\/v2\/posts\/246184","targetHints":{"allow":["GET"]}}],"collection":[{"href":"http:\/\/www.tvturk.com\/index.php\/wp-json\/wp\/v2\/posts"}],"about":[{"href":"http:\/\/www.tvturk.com\/index.php\/wp-json\/wp\/v2\/types\/post"}],"author":[{"embeddable":true,"href":"http:\/\/www.tvturk.com\/index.php\/wp-json\/wp\/v2\/users\/1"}],"replies":[{"embeddable":true,"href":"http:\/\/www.tvturk.com\/index.php\/wp-json\/wp\/v2\/comments?post=246184"}],"version-history":[{"count":0,"href":"http:\/\/www.tvturk.com\/index.php\/wp-json\/wp\/v2\/posts\/246184\/revisions"}],"wp:featuredmedia":[{"embeddable":true,"href":"http:\/\/www.tvturk.com\/index.php\/wp-json\/wp\/v2\/media\/246185"}],"wp:attachment":[{"href":"http:\/\/www.tvturk.com\/index.php\/wp-json\/wp\/v2\/media?parent=246184"}],"wp:term":[{"taxonomy":"category","embeddable":true,"href":"http:\/\/www.tvturk.com\/index.php\/wp-json\/wp\/v2\/categories?post=246184"},{"taxonomy":"post_tag","embeddable":true,"href":"http:\/\/www.tvturk.com\/index.php\/wp-json\/wp\/v2\/tags?post=246184"}],"curies":[{"name":"wp","href":"https:\/\/api.w.org\/{rel}","templated":true}]}}