{"id":246198,"date":"2019-12-23T11:02:43","date_gmt":"2019-12-23T08:02:43","guid":{"rendered":"http:\/\/www.tvturk.com\/index.php\/fenerbahcede-stimac-ile-yollar-ayrildi\/"},"modified":"2019-12-23T11:02:43","modified_gmt":"2019-12-23T08:02:43","slug":"fenerbahcede-stimac-ile-yollar-ayrildi","status":"publish","type":"post","link":"http:\/\/www.tvturk.com\/index.php\/fenerbahcede-stimac-ile-yollar-ayrildi\/","title":{"rendered":"Fenerbah\u00e7e\u2019de Stimac ile yollar ayr\u0131ld\u0131"},"content":{"rendered":"<p>Fenerbah\u00e7e Erkek Basketbol Tak\u0131m\u0131\u2019nda tecr\u00fcbeli basketbolcu Vladimir Stimac ile yollar ayr\u0131ld\u0131.<\/p>\n<p>Sezona istedi\u011fi gibi ba\u015flayamayan ve \u00f6zellikle THY Euroleague\u2019de zirvenin olduk\u00e7a uza\u011f\u0131nda kalan Fenerbah\u00e7e Erkek Basketbol Tak\u0131m\u0131\u2019nda, kadro yap\u0131land\u0131rmas\u0131 ba\u015flad\u0131. Bu ba\u011flamda 32 ya\u015f\u0131ndaki Stimac ile yollar\u0131n ayr\u0131ld\u0131\u011f\u0131 bildirildi.<\/p>\n<p>Sar\u0131-lacivertli kul\u00fcpten konuya ili\u015fkin yap\u0131lan a\u00e7\u0131klama \u015f\u00f6yle:<\/p>\n<p>&#8220;Stimac ile Kul\u00fcb\u00fcm\u00fcz aras\u0131ndaki s\u00f6zle\u015fme sona ermi\u015ftir. Ba\u015far\u0131l\u0131 oyuncumuz, kariyerine farkl\u0131 bir tak\u0131mda devam edecektir. Stimac\u2019a katk\u0131lar\u0131ndan dolay\u0131 te\u015fekk\u00fcr eder, sporcumuza kariyerinin bundan sonraki d\u00f6neminde ba\u015far\u0131lar dileriz.&#8221;<\/p>\n","protected":false},"excerpt":{"rendered":"<p>FENERBAH\u00c7E ERKEK BASKETBOL TAKIMI&#8217;NDA TECR\u00dcBEL\u0130 BASKETBOLCU VLAD\u0130M\u0130R ST\u0130MAC \u0130LE YOLLAR AYRILDI.<\/p>\n","protected":false},"author":1,"featured_media":246199,"comment_status":"closed","ping_status":"open","sticky":false,"template":"","format":"standard","meta":{"jetpack_post_was_ever_published":false,"_jetpack_newsletter_access":"","_jetpack_dont_email_post_to_subs":false,"_jetpack_newsletter_tier_id":0,"_jetpack_memberships_contains_paywalled_content":false,"_jetpack_memberships_contains_paid_content":false,"footnotes":"","jetpack_publicize_message":"","jetpack_publicize_feature_enabled":true,"jetpack_social_post_already_shared":true,"jetpack_social_options":{"image_generator_settings":{"template":"highway","default_image_id":0,"font":"","enabled":false},"version":2}},"categories":[657],"tags":[3001,5570,4847,192,58478],"class_list":["post-246198","post","type-post","status-publish","format-standard","has-post-thumbnail","hentry","category-spor","tag-yollar","tag-fenerbahcede","tag-ayrildi","tag-ile","tag-stimac"],"jetpack_publicize_connections":[],"jetpack_featured_media_url":"https:\/\/i0.wp.com\/www.tvturk.com\/wp-content\/uploads\/2019\/12\/fenerbahcede-stimac-ile-yollar-ayrildi_9c1be2e.jpg?fit=1000%2C1000","jetpack_sharing_enabled":true,"jetpack_shortlink":"https:\/\/wp.me\/paKIfm-122W","_links":{"self":[{"href":"http:\/\/www.tvturk.com\/index.php\/wp-json\/wp\/v2\/posts\/246198","targetHints":{"allow":["GET"]}}],"collection":[{"href":"http:\/\/www.tvturk.com\/index.php\/wp-json\/wp\/v2\/posts"}],"about":[{"href":"http:\/\/www.tvturk.com\/index.php\/wp-json\/wp\/v2\/types\/post"}],"author":[{"embeddable":true,"href":"http:\/\/www.tvturk.com\/index.php\/wp-json\/wp\/v2\/users\/1"}],"replies":[{"embeddable":true,"href":"http:\/\/www.tvturk.com\/index.php\/wp-json\/wp\/v2\/comments?post=246198"}],"version-history":[{"count":0,"href":"http:\/\/www.tvturk.com\/index.php\/wp-json\/wp\/v2\/posts\/246198\/revisions"}],"wp:featuredmedia":[{"embeddable":true,"href":"http:\/\/www.tvturk.com\/index.php\/wp-json\/wp\/v2\/media\/246199"}],"wp:attachment":[{"href":"http:\/\/www.tvturk.com\/index.php\/wp-json\/wp\/v2\/media?parent=246198"}],"wp:term":[{"taxonomy":"category","embeddable":true,"href":"http:\/\/www.tvturk.com\/index.php\/wp-json\/wp\/v2\/categories?post=246198"},{"taxonomy":"post_tag","embeddable":true,"href":"http:\/\/www.tvturk.com\/index.php\/wp-json\/wp\/v2\/tags?post=246198"}],"curies":[{"name":"wp","href":"https:\/\/api.w.org\/{rel}","templated":true}]}}